{"id":11764758,"date":"2025-03-22T13:50:00","date_gmt":"2025-03-22T17:50:00","guid":{"rendered":"https:\/\/www.corumbaonline.com.br\/news\/?p=11764758"},"modified":"2025-03-22T13:51:06","modified_gmt":"2025-03-22T17:51:06","slug":"palestra-durante-a-semana-do-artesao-aborda-as-politicas-publicas-para-o-artesanato","status":"publish","type":"post","link":"https:\/\/www.corumbaonline.com.br\/news\/palestra-durante-a-semana-do-artesao-aborda-as-politicas-publicas-para-o-artesanato\/","title":{"rendered":"Palestra durante a Semana do Artes\u00e3o aborda as pol\u00edticas p\u00fablicas para o artesanato"},"content":{"rendered":"<p style=\"font-weight: 400;\">Artes\u00e3os que est\u00e3o participando da 17\u00aa Semana do Artes\u00e3o tiveram a oportunidade de assistir a uma palestra, na tarde desta sexta-feira (21) sobre as pol\u00edticas p\u00fablicas para o artesanato. Participaram a coordenadora do Programa do Artesanato Brasileiro, Daniela Vasconcelos, a gestora do Sebrae-MS, Dani Muniz, e a diretora de Artesanato e Moda da FCMS, Katienka Klain.<\/p>\n<p style=\"font-weight: 400;\">Daniela Vasconcelos, coordenadora Geral de Acesso ao Mercado e Promo\u00e7\u00e3o do Programa do Artesanato Brasileiro, falou sobre as pol\u00edticas p\u00fablicas desenvolvidas pelo Governo Federal para o artes\u00e3o por meio do Programa do Artesanato Brasileiro (PAB). &#8220;O PAB trabalha numa esfera de Governo Federal e Governo Estadual atrav\u00e9s das coordena\u00e7\u00f5es de artesanato. Aqui em Mato Grosso do Sul est\u00e1 vinculada \u00e0 Funda\u00e7\u00e3o de Cultura de Mato Grosso do Sul. O PAB desenvolve a\u00e7\u00f5es transversais que atendem ao segmento atrav\u00e9s das coordena\u00e7\u00f5es estaduais. Al\u00e9m das participa\u00e7\u00f5es em feiras nacionais, al\u00e9m de disponibilizar o Sistema de Informa\u00e7\u00f5es Cadastrais do Artesanato Brasileiro, o Sicab, para que as coordena\u00e7\u00f5es estaduais mapeiem e cadastrem os artes\u00e3os em todo o territ\u00f3rio brasileiro. Esta carteira tem validade nacional, \u00e9 um documento oficial que reconhece a atividade artesanal como profiss\u00e3o. O Programa do Artesanato Brasileiro define toda a parte conceitual e tra\u00e7a estrat\u00e9gias para atender as demandas do segmento&#8221;.<\/p>\n<p style=\"font-weight: 400;\">Dani Muniz, Analista e Gestora das a\u00e7\u00f5es de Economia Criativa do Sebrae-MS, afirmou que o papel do Sebrae \u00e9 garantir que o empreendedorismo vai estar instrumentalizado com as ferramentas certas para gerar renda, gerar emprego, fazer subir o faturamento desses nossos artes\u00e3os. &#8220;Para gente entender no que a gente pode ajudar para que o artes\u00e3o, al\u00e9m daquela habilidade manual que ele j\u00e1 possui, que foi passado para ele muitas vezes de gera\u00e7\u00e3o em gera\u00e7\u00e3o, a gente quer garantir que eles tamb\u00e9m saibam precificar isso, saber a parte financeira para que o neg\u00f3cio dele possa se desenvolver, e as estrat\u00e9gias de mercado, fazer com que esses artes\u00e3os alcancem novos mercados de Mato Grosso do Sul para o mundo inteiro&#8221;.<\/p>\n<p style=\"font-weight: 400;\">Katienka Klain, diretora de Artesanato e Moda da FCMS, falou sobre os principais projetos que existem na Funda\u00e7\u00e3o de Cultura para os artes\u00e3os e discutiu como ele pode ter acesso a esses projetos, como a Carteira do Artes\u00e3o, o Projeto Artesania e o acesso \u00e0s Feiras Nacionais. &#8220;O projeto Artesania existe desde 2007, \u00e9 um projeto de capacita\u00e7\u00e3o, desde o curso t\u00e9cnico \u00e0 gest\u00e3o; a Carteira \u00e9 o documento que regulamenta o artes\u00e3o como profissional, a gente emite no estado inteiro, e as feiras nacionais s\u00e3o em parceria com o PAB que a gente participa em n\u00edvel nacional por meio de editais. Para ter acesso, o artes\u00e3o tem que estar sempre atendo \u00e0s redes sociais da Funda\u00e7\u00e3o, onde \u00e9 feita toda a divulga\u00e7\u00e3o, e de forma tamb\u00e9m nos pr\u00f3prios munic\u00edpios. Para o artesanato em Mato Grosso do Sul a gente tem pol\u00edticas p\u00fablicas consistentes junto com o Governo Federal, e hoje em dia os artes\u00e3os conseguem viver do artesanato. \u00c9 gra\u00e7as \u00e0 luta da sociedade civil que a gente consegue tudo isso&#8221;.<\/p>\n<p style=\"font-weight: 400;\">Bia Barros, presidente da Federa\u00e7\u00e3o das Associa\u00e7\u00f5es de Artesanato de Mato Grosso do Sul, esteve presente na palestra. &#8220;\u00c9 sempre bom a gente participar para ouvir as coisas novas e as informa\u00e7\u00f5es que os palestrantes t\u00eam para nos passar. \u00c9 important\u00edssimo a gente sempre estar participando, pois a palestra trata de pol\u00edticas p\u00fablicas para o artesanato do estado. As coisas melhoraram muito, o governo do estado est\u00e1 de parab\u00e9ns porque cada vez mais ele est\u00e1 buscando inovar, apoiar e divulgar a nossa comercializa\u00e7\u00e3o&#8221;.<\/p>\n<p style=\"font-weight: 400;\">Ana Elizabeth Martinez, da Associa\u00e7\u00e3o dos Artes\u00e3os de Bonito, est\u00e1 participando da Feira M\u00e3os que Criam e esteve presente na palestra desta tarde. &#8220;Eu sou a presidente da Associa\u00e7\u00e3o ent\u00e3o eu preciso ter conhecimento, preciso aprender mais como levar para os artes\u00e3os l\u00e1 de Bonito. Eu pretendo saber mais sobre o regulamento para estar passando para eles tamb\u00e9m de como que a gente pode agilizar novas coisas, novos rumos para a gente. A gente est\u00e1 precisando de apoio, e onde n\u00f3s vamos achar, isso vai nos ajudar bastante. Em Bonito o artesanato est\u00e1 crescendo, estamos desenvolvendo muito. Hoje estamos com 23 artes\u00e3os na Associa\u00e7\u00e3o e j\u00e1 temos demanda de pessoas querendo participar&#8221;.<\/p>\n<p style=\"font-weight: 400;\">Patr\u00edcia Ferreira da Silva, da Associa\u00e7\u00e3o Costa Leste de Artes\u00e3os de Mato Grosso do Sul, \u00e9 de Tr\u00eas Lagoas a firmou que em sua regi\u00e3o o artesanato est\u00e1 bem bacana, com v\u00e1rios produtos regionais e v\u00e1rias artes\u00e3s trabalhando. &#8220;Vim assistir \u00e0 palestra para a gente se aperfei\u00e7oar mais, ter mais conhecimento para levar para o nosso munic\u00edpio. As pol\u00edticas p\u00fablicas est\u00e3o avan\u00e7ando, a gente est\u00e1 indo bem, precisa melhorar um pouquinho mais, mas est\u00e1 indo bem. A Funda\u00e7\u00e3o de Cultura sempre est\u00e1 trazendo o interior para vir para essas feiras em Campo Grande e fora tamb\u00e9m e sempre nos ajudando, nos orientando para tudo o que a gente precisa&#8221;.<\/p>\n<p style=\"font-weight: 400;\">Alice Salatini, da Associa\u00e7\u00e3o de Artesanato Vale da Esperan\u00e7a e da Associa\u00e7\u00e3o de Cer\u00e2mica Sol do Vale, de Caarap\u00f3, disse que veio para a Semana do Artes\u00e3o em Campo Grande para ter conhecimento e levar coisas novas e diferenciadas para passar para os outros artes\u00e3os. &#8220;Nosso munic\u00edpio valoriza bastante o artesanato, toda a ajuda que a gente precisa que a gente vai atr\u00e1s a gente sempre tem alcan\u00e7ado. E a Funda\u00e7\u00e3o de Cultura \u00e9 espetacular, todos os eventos sempre consegue nos trazer&#8221;.<\/p>\n<p style=\"font-weight: 400;\">Cl\u00e1udia Alves Rodrigues, da Associa\u00e7\u00e3o Espa\u00e7o das Artes, de Coxim, disse que tem um grande apoio da prefeitura municipal e que estava ansiosa pela palestra. &#8220;\u00c9 aprendendo e levando o nosso conhecimento para os demais. Hoje, tudo o que voc\u00ea v\u00ea, aprende e passa adiante \u00e9 muito proveitoso. A gente tira bastante proveito do que n\u00f3s ouvimos e aprendemos. Somos bem assistidos pela Funda\u00e7\u00e3o de Cultura, que nos apoia, n\u00f3s temos tudo, d\u00e1 o suporte que a gente precisa. A Funda\u00e7\u00e3o de Cultura abra\u00e7a os artes\u00e3os como um todo. Esta Feira M\u00e3os que Criam est\u00e1 tendo bastante repercuss\u00e3o para fora, tem bastante divulga\u00e7\u00e3o, \u00e9 bem aceito, e temos v\u00e1rios munic\u00edpios presentes. \u00c9 maravilhoso&#8221;.<\/p>\n<p style=\"font-weight: 400;\">A Semana do Artes\u00e3o \u00e9 uma realiza\u00e7\u00e3o do Governo de Mato Grosso do Sul, por meio da Funda\u00e7\u00e3o de Cultura em parceria com a Prefeitura de Campo Grande, Secretaria Executiva de Cultura e o SEBRAE\/MS, e acontece de 19 a 25 de mar\u00e7o de 2025. A programa\u00e7\u00e3o completa voc\u00ea pode conferir no\u00a0<a href=\"http:\/\/mscultural.ms.gov.br\/\">http:\/\/mscultural.ms.gov.br<\/a>\u00a0.<\/p>\n","protected":false},"excerpt":{"rendered":"<p>Artes\u00e3os que est\u00e3o participando da 17\u00aa Semana do Artes\u00e3o tiveram a oportunidade de assistir a&#8230;<\/p>\n","protected":false},"author":9,"featured_media":11764759,"comment_status":"closed","ping_status":"closed","sticky":false,"template":"","format":"standard","meta":{"footnotes":""},"categories":[7],"tags":[184],"class_list":["post-11764758","post","type-post","status-publish","format-standard","has-post-thumbnail","hentry","category-cultura","tag-cultura"],"_links":{"self":[{"href":"https:\/\/www.corumbaonline.com.br\/news\/wp-json\/wp\/v2\/posts\/11764758","targetHints":{"allow":["GET"]}}],"collection":[{"href":"https:\/\/www.corumbaonline.com.br\/news\/wp-json\/wp\/v2\/posts"}],"about":[{"href":"https:\/\/www.corumbaonline.com.br\/news\/wp-json\/wp\/v2\/types\/post"}],"author":[{"embeddable":true,"href":"https:\/\/www.corumbaonline.com.br\/news\/wp-json\/wp\/v2\/users\/9"}],"replies":[{"embeddable":true,"href":"https:\/\/www.corumbaonline.com.br\/news\/wp-json\/wp\/v2\/comments?post=11764758"}],"version-history":[{"count":1,"href":"https:\/\/www.corumbaonline.com.br\/news\/wp-json\/wp\/v2\/posts\/11764758\/revisions"}],"predecessor-version":[{"id":11764760,"href":"https:\/\/www.corumbaonline.com.br\/news\/wp-json\/wp\/v2\/posts\/11764758\/revisions\/11764760"}],"wp:featuredmedia":[{"embeddable":true,"href":"https:\/\/www.corumbaonline.com.br\/news\/wp-json\/wp\/v2\/media\/11764759"}],"wp:attachment":[{"href":"https:\/\/www.corumbaonline.com.br\/news\/wp-json\/wp\/v2\/media?parent=11764758"}],"wp:term":[{"taxonomy":"category","embeddable":true,"href":"https:\/\/www.corumbaonline.com.br\/news\/wp-json\/wp\/v2\/categories?post=11764758"},{"taxonomy":"post_tag","embeddable":true,"href":"https:\/\/www.corumbaonline.com.br\/news\/wp-json\/wp\/v2\/tags?post=11764758"}],"curies":[{"name":"wp","href":"https:\/\/api.w.org\/{rel}","templated":true}]}}