{"id":11764761,"date":"2025-03-22T14:10:00","date_gmt":"2025-03-22T18:10:00","guid":{"rendered":"https:\/\/www.corumbaonline.com.br\/news\/?p=11764761"},"modified":"2025-03-22T13:56:03","modified_gmt":"2025-03-22T17:56:03","slug":"em-inauguracoes-prefeito-destaca-importancia-do-trabalho-da-cripam-em-corumba","status":"publish","type":"post","link":"https:\/\/www.corumbaonline.com.br\/news\/em-inauguracoes-prefeito-destaca-importancia-do-trabalho-da-cripam-em-corumba\/","title":{"rendered":"Em inaugura\u00e7\u00f5es, prefeito destaca import\u00e2ncia do trabalho da CRIPAM em Corumb\u00e1"},"content":{"rendered":"<p>O prefeito Dr. Gabriel acompanhou na manh\u00e3 desta sexta-feira, 21 de mar\u00e7o, as inaugura\u00e7\u00f5es da Sala Laranja de Preven\u00e7\u00e3o \u00e0 Viol\u00eancia e do Espa\u00e7o de Lazer Padre Pascoal Forin, respectivamente instalados na Casa de Recupera\u00e7\u00e3o Infantil Padre Ant\u00f4nio Muller (CRIPAM) e Casa de Acolhimento Institucional &#8220;Irm\u00e3 Marisa Pagge&#8221;.<\/p>\n<p>&#8220;Nos alegra saber que temos parceiro como o Rotary, que est\u00e3o fazendo a diferen\u00e7a na cidade e na vida das pessoas. Mais que cuidar de obras, a Prefeitura tem que cuidar das pessoas, principalmente das crian\u00e7as, que s\u00e3o o futuro da nossa cidade, do Brasil e do mundo&#8221;, disse Dr. Gabriel. A Sala Laranja, na sede do CRIPAM, foi instalada com recursos da Rotary Foundation. O deputado estadual Paulo Duarte acompanhou as agendas.<\/p>\n<p>O juiz da 1\u00aa Vara Civel e titular da Vara da Inf\u00e2ncia e Juventude de Corumb\u00e1, Maur\u00edcio Cleber Miglioranzi Santos, destacou a import\u00e2ncia da iniciativa. &#8220;As crian\u00e7as est\u00e3o aqui, por uma decis\u00e3o judicial, por uma interven\u00e7\u00e3o do Conselho Tutelar, demandando esse atendimento especial. Eu digo que as Casas de Acolhimento s\u00e3o o CTI da assist\u00eancia social. Ent\u00e3o, precisa de aten\u00e7\u00e3o, precisa de investimento. Agrade\u00e7o a oportunidade de participar do projeto, que \u00e9 da mais incr\u00edvel seriedade&#8221; disse durante a inaugura\u00e7\u00e3o do Espa\u00e7o de Lazer Padre Pascoal Forin, na Casa de Acolhimento Institucional &#8220;Irm\u00e3 Marisa Pagge&#8221;.\u00a0O magistrado representou o titular da 1\u00aa Vara Criminal na cerim\u00f4nia, juiz Idail de Toni Filho. O local recebeu recurso de doa\u00e7\u00e3o da 1\u00aa Vara Criminal de Corumb\u00e1.<\/p>\n","protected":false},"excerpt":{"rendered":"<p>O prefeito Dr. Gabriel acompanhou na manh\u00e3 desta sexta-feira, 21 de mar\u00e7o, as inaugura\u00e7\u00f5es da&#8230;<\/p>\n","protected":false},"author":70,"featured_media":11764762,"comment_status":"closed","ping_status":"closed","sticky":false,"template":"","format":"standard","meta":{"footnotes":""},"categories":[14],"tags":[],"class_list":["post-11764761","post","type-post","status-publish","format-standard","has-post-thumbnail","hentry","category-geral"],"_links":{"self":[{"href":"https:\/\/www.corumbaonline.com.br\/news\/wp-json\/wp\/v2\/posts\/11764761","targetHints":{"allow":["GET"]}}],"collection":[{"href":"https:\/\/www.corumbaonline.com.br\/news\/wp-json\/wp\/v2\/posts"}],"about":[{"href":"https:\/\/www.corumbaonline.com.br\/news\/wp-json\/wp\/v2\/types\/post"}],"author":[{"embeddable":true,"href":"https:\/\/www.corumbaonline.com.br\/news\/wp-json\/wp\/v2\/users\/70"}],"replies":[{"embeddable":true,"href":"https:\/\/www.corumbaonline.com.br\/news\/wp-json\/wp\/v2\/comments?post=11764761"}],"version-history":[{"count":1,"href":"https:\/\/www.corumbaonline.com.br\/news\/wp-json\/wp\/v2\/posts\/11764761\/revisions"}],"predecessor-version":[{"id":11764763,"href":"https:\/\/www.corumbaonline.com.br\/news\/wp-json\/wp\/v2\/posts\/11764761\/revisions\/11764763"}],"wp:featuredmedia":[{"embeddable":true,"href":"https:\/\/www.corumbaonline.com.br\/news\/wp-json\/wp\/v2\/media\/11764762"}],"wp:attachment":[{"href":"https:\/\/www.corumbaonline.com.br\/news\/wp-json\/wp\/v2\/media?parent=11764761"}],"wp:term":[{"taxonomy":"category","embeddable":true,"href":"https:\/\/www.corumbaonline.com.br\/news\/wp-json\/wp\/v2\/categories?post=11764761"},{"taxonomy":"post_tag","embeddable":true,"href":"https:\/\/www.corumbaonline.com.br\/news\/wp-json\/wp\/v2\/tags?post=11764761"}],"curies":[{"name":"wp","href":"https:\/\/api.w.org\/{rel}","templated":true}]}}