{"id":11764798,"date":"2025-03-24T08:57:00","date_gmt":"2025-03-24T12:57:00","guid":{"rendered":"https:\/\/www.corumbaonline.com.br\/news\/?p=11764798"},"modified":"2025-03-24T09:17:06","modified_gmt":"2025-03-24T13:17:06","slug":"caravina-alerta-para-falta-de-policiais-e-pede-reforco-no-efetivo-de-mato-grosso-do-sul","status":"publish","type":"post","link":"https:\/\/www.corumbaonline.com.br\/news\/caravina-alerta-para-falta-de-policiais-e-pede-reforco-no-efetivo-de-mato-grosso-do-sul\/","title":{"rendered":"Caravina alerta para falta de policiais e pede refor\u00e7o no efetivo de Mato Grosso do Sul"},"content":{"rendered":"\n<p><\/p>\n\n\n\n<p>O deputado estadual Caravina apresentou, nesta ter\u00e7a-feira (18), um apontamento na tribuna da Assembleia Legislativa de Mato Grosso do Sul, destacando a falta de policiais no estado e solicitando medidas urgentes para refor\u00e7ar o efetivo da Pol\u00edcia Civil. O parlamentar baseou-se em dados recentes que mostram um d\u00e9ficit de quase 40% no n\u00famero de investigadores e escriv\u00e3es, o que compromete a seguran\u00e7a p\u00fablica e a capacidade de investiga\u00e7\u00e3o de crimes.<\/p>\n\n\n\n<p>Na tribuna, o deputado voltou a defender o retorno tempor\u00e1rio de policiais civis inativos ao servi\u00e7o ativo como um mecanismo para refor\u00e7ar o efetivo de policiais civis. \u201cTemos um concurso autorizado pelo Governo. A atividade judici\u00e1ria tem aumentado muito, e criou-se a necessidade de ajuda dentro dos quadros da Pol\u00edcia Civil. O nosso efetivo n\u00e3o tem condi\u00e7\u00f5es de atender as demandas. Se houverem policiais aposentados que possam imediatamente voltar \u00e0 ativa, e h\u00e1 uma lei que ampara isso na Pol\u00edcia Militar, recebendo um adicional, traz uma solu\u00e7\u00e3o imediata ao problema de defasagem na pol\u00edcia judici\u00e1ria\u201d, considerou o parlamentar.<\/p>\n\n\n\n<p>De acordo com o levantamento apresentado, o estado precisa de 1.980 investigadores, mas atualmente conta com apenas 1.212 em atividade. J\u00e1 entre os escriv\u00e3es de pol\u00edcia, respons\u00e1veis por registrar ocorr\u00eancias e documentos, o d\u00e9ficit \u00e9 de 200 vagas, com apenas 460 ocupadas em um total de 660. O problema se agrava quando se observa o crescimento populacional do estado, que aumentou 32% entre 2000 e 2022, enquanto o n\u00famero de policiais praticamente n\u00e3o mudou.<\/p>\n\n\n\n<p>Caravina destacou que a situa\u00e7\u00e3o \u00e9 ainda mais preocupante diante do aumento da demanda por servi\u00e7os policiais, impulsionado por novas leis. Al\u00e9m disso, os crimes cibern\u00e9ticos, como ass\u00e9dio e explora\u00e7\u00e3o sexual, t\u00eam crescido, exigindo mais esfor\u00e7o e especializa\u00e7\u00e3o por parte da pol\u00edcia. Para enfrentar esse desafio, foi criada, em dezembro de 2024, a Delegacia Especializada de Repress\u00e3o aos Crimes Cibern\u00e9ticos (DERCC). No entanto, a falta de policiais treinados ainda \u00e9 um obst\u00e1culo para o pleno funcionamento da unidade.<\/p>\n\n\n\n<p>\u201cA defasagem de pessoas para os quadros da Pol\u00edcia Civil \u00e9 enorme, mesmo com o concurso que ter\u00e1 300 vagas para escriv\u00e3es e 100 para investigadores. Depois desse concurso, \u00e9 necess\u00e1rio a aloca\u00e7\u00e3o de recursos, gest\u00e3o e or\u00e7amento. O momento fazer aquilo que est\u00e1 desgastando mais a nossa sociedade atualmente. A prioridade em fazer a\u00e7\u00f5es para trazer efetivo e minimizar a quest\u00e3o de atendimento \u00e0 pol\u00edcia judici\u00e1ria\u201d, concluiu o deputado Caravina, delegado aposentado.<\/p>\n","protected":false},"excerpt":{"rendered":"<p>O deputado estadual Caravina apresentou, nesta ter\u00e7a-feira (18), um apontamento na tribuna da Assembleia Legislativa&#8230;<\/p>\n","protected":false},"author":9,"featured_media":11764799,"comment_status":"closed","ping_status":"closed","sticky":false,"template":"","format":"standard","meta":{"footnotes":""},"categories":[19],"tags":[188],"class_list":["post-11764798","post","type-post","status-publish","format-standard","has-post-thumbnail","hentry","category-politica","tag-politica"],"_links":{"self":[{"href":"https:\/\/www.corumbaonline.com.br\/news\/wp-json\/wp\/v2\/posts\/11764798","targetHints":{"allow":["GET"]}}],"collection":[{"href":"https:\/\/www.corumbaonline.com.br\/news\/wp-json\/wp\/v2\/posts"}],"about":[{"href":"https:\/\/www.corumbaonline.com.br\/news\/wp-json\/wp\/v2\/types\/post"}],"author":[{"embeddable":true,"href":"https:\/\/www.corumbaonline.com.br\/news\/wp-json\/wp\/v2\/users\/9"}],"replies":[{"embeddable":true,"href":"https:\/\/www.corumbaonline.com.br\/news\/wp-json\/wp\/v2\/comments?post=11764798"}],"version-history":[{"count":1,"href":"https:\/\/www.corumbaonline.com.br\/news\/wp-json\/wp\/v2\/posts\/11764798\/revisions"}],"predecessor-version":[{"id":11764800,"href":"https:\/\/www.corumbaonline.com.br\/news\/wp-json\/wp\/v2\/posts\/11764798\/revisions\/11764800"}],"wp:featuredmedia":[{"embeddable":true,"href":"https:\/\/www.corumbaonline.com.br\/news\/wp-json\/wp\/v2\/media\/11764799"}],"wp:attachment":[{"href":"https:\/\/www.corumbaonline.com.br\/news\/wp-json\/wp\/v2\/media?parent=11764798"}],"wp:term":[{"taxonomy":"category","embeddable":true,"href":"https:\/\/www.corumbaonline.com.br\/news\/wp-json\/wp\/v2\/categories?post=11764798"},{"taxonomy":"post_tag","embeddable":true,"href":"https:\/\/www.corumbaonline.com.br\/news\/wp-json\/wp\/v2\/tags?post=11764798"}],"curies":[{"name":"wp","href":"https:\/\/api.w.org\/{rel}","templated":true}]}}