{"id":11764820,"date":"2025-03-24T10:51:00","date_gmt":"2025-03-24T14:51:00","guid":{"rendered":"https:\/\/www.corumbaonline.com.br\/news\/?p=11764820"},"modified":"2025-03-24T11:16:07","modified_gmt":"2025-03-24T15:16:07","slug":"materia-declara-carnaval-de-campo-grande-patrimonio-imaterial-e-cultural","status":"publish","type":"post","link":"https:\/\/www.corumbaonline.com.br\/news\/materia-declara-carnaval-de-campo-grande-patrimonio-imaterial-e-cultural\/","title":{"rendered":"Mat\u00e9ria declara Carnaval de Campo Grande patrim\u00f4nio imaterial e cultural"},"content":{"rendered":"<p>De autoria do deputado Junior Mochi (MDB), tramita na Assembleia Legislativa de Mato Grosso do Sul (ALEMS) o\u00a0<a href=\"http:\/\/sgpl.consulta.al.ms.gov.br\/sgpl-publico\/#\/linha-tempo?idProposicao=325512\" target=\"_blank\" rel=\"noopener\"><ins>Projeto de Decreto Legislativo 4\/2025<\/ins><\/a>, que declara o Carnaval de Campo Grande como patrim\u00f4nio imaterial e cultural do Estado de Mato Grosso do Sul. A mat\u00e9ria segue para an\u00e1lise da Comiss\u00e3o de Constitui\u00e7\u00e3o, Justi\u00e7a e Reda\u00e7\u00e3o (CCJR).<\/p>\n<p>A declara\u00e7\u00e3o reconhece a relev\u00e2ncia hist\u00f3rica, cultural e social da festa popular para a popula\u00e7\u00e3o sul-mato-grossense. Por meio da Funda\u00e7\u00e3o de Cultura de Mato Grosso do Sul (FCMS), o Poder Executivo adotar\u00e1 as medidas necess\u00e1rias para o registro deste bem, conforme previsto em norma vigente. Em especial, a proposta considera o Carnaval de Campo Grande promovido e organizado pela Liga das Entidades Carnavalescas de Campo Grande (LIENCA), reconhecendo suas tradi\u00e7\u00f5es hist\u00f3ricas, sociais e culturais, bem como suas contribui\u00e7\u00f5es para o fortalecimento da identidade regional.<\/p>\n<p>\u201cA declara\u00e7\u00e3o do Carnaval de Campo Grande como Patrim\u00f4nio Imaterial e Cultural do Estado refor\u00e7a o compromisso com a preserva\u00e7\u00e3o das nossas tradi\u00e7\u00f5es culturais, assegurando a valoriza\u00e7\u00e3o e continuidade desta importante manifesta\u00e7\u00e3o, s\u00edmbolo genu\u00edno da cultura popular brasileira. O projeto celebra e perpetua o valor inestim\u00e1vel do Carnaval de Campo Grande para o Estado de Mato Grosso do Sul\u201d, justificou o deputado Junior Mochi, autor da proposta.<\/p>\n","protected":false},"excerpt":{"rendered":"<p>De autoria do deputado Junior Mochi (MDB), tramita na Assembleia Legislativa de Mato Grosso do&#8230;<\/p>\n","protected":false},"author":12,"featured_media":11728745,"comment_status":"closed","ping_status":"closed","sticky":false,"template":"","format":"standard","meta":{"footnotes":""},"categories":[19],"tags":[188],"class_list":["post-11764820","post","type-post","status-publish","format-standard","has-post-thumbnail","hentry","category-politica","tag-politica"],"_links":{"self":[{"href":"https:\/\/www.corumbaonline.com.br\/news\/wp-json\/wp\/v2\/posts\/11764820","targetHints":{"allow":["GET"]}}],"collection":[{"href":"https:\/\/www.corumbaonline.com.br\/news\/wp-json\/wp\/v2\/posts"}],"about":[{"href":"https:\/\/www.corumbaonline.com.br\/news\/wp-json\/wp\/v2\/types\/post"}],"author":[{"embeddable":true,"href":"https:\/\/www.corumbaonline.com.br\/news\/wp-json\/wp\/v2\/users\/12"}],"replies":[{"embeddable":true,"href":"https:\/\/www.corumbaonline.com.br\/news\/wp-json\/wp\/v2\/comments?post=11764820"}],"version-history":[{"count":1,"href":"https:\/\/www.corumbaonline.com.br\/news\/wp-json\/wp\/v2\/posts\/11764820\/revisions"}],"predecessor-version":[{"id":11764821,"href":"https:\/\/www.corumbaonline.com.br\/news\/wp-json\/wp\/v2\/posts\/11764820\/revisions\/11764821"}],"wp:featuredmedia":[{"embeddable":true,"href":"https:\/\/www.corumbaonline.com.br\/news\/wp-json\/wp\/v2\/media\/11728745"}],"wp:attachment":[{"href":"https:\/\/www.corumbaonline.com.br\/news\/wp-json\/wp\/v2\/media?parent=11764820"}],"wp:term":[{"taxonomy":"category","embeddable":true,"href":"https:\/\/www.corumbaonline.com.br\/news\/wp-json\/wp\/v2\/categories?post=11764820"},{"taxonomy":"post_tag","embeddable":true,"href":"https:\/\/www.corumbaonline.com.br\/news\/wp-json\/wp\/v2\/tags?post=11764820"}],"curies":[{"name":"wp","href":"https:\/\/api.w.org\/{rel}","templated":true}]}}