{"id":11764834,"date":"2025-03-24T14:54:10","date_gmt":"2025-03-24T18:54:10","guid":{"rendered":"https:\/\/www.corumbaonline.com.br\/news\/?p=11764834"},"modified":"2025-03-24T14:54:12","modified_gmt":"2025-03-24T18:54:12","slug":"parceria-fortalece-saude-unica-na-fronteira-prefeitura-e-embrapa-pantanal-alinham-acoes","status":"publish","type":"post","link":"https:\/\/www.corumbaonline.com.br\/news\/parceria-fortalece-saude-unica-na-fronteira-prefeitura-e-embrapa-pantanal-alinham-acoes\/","title":{"rendered":"Parceria fortalece Sa\u00fade \u00danica na fronteira: Prefeitura e Embrapa Pantanal alinham a\u00e7\u00f5es"},"content":{"rendered":"\n<p>O andamento de projetos voltados \u00e0 Sa\u00fade \u00danica na regi\u00e3o de fronteira foi tema de reuni\u00e3o entre a Prefeitura de Corumb\u00e1 e Embrapa Pantanal. O encontro discutiu iniciativas que ter\u00e3o, em maio, a\u00e7\u00f5es na Terra Ind\u00edgena Guat\u00f3 (Ilha \u00cdnsua), Barra do S\u00e3o Louren\u00e7o e Passo do Lontra.<\/p>\n\n\n\n<p>Coordenados pela Fiocruz em parceria com a Embrapa Pantanal e outras institui\u00e7\u00f5es, os projetos foram apresentados \u00e0 Secretaria de Sa\u00fade e \u00e0 Secretaria de Assist\u00eancia Social e Cidadania, refor\u00e7ando a import\u00e2ncia da coopera\u00e7\u00e3o com a Prefeitura de Corumb\u00e1 na constru\u00e7\u00e3o de pol\u00edticas p\u00fablicas voltadas \u00e0 Sa\u00fade \u00danica na regi\u00e3o de fronteira.<\/p>\n\n\n\n<p>A Ger\u00eancia de Vigil\u00e2ncia em Sa\u00fade destacou que o Laborat\u00f3rio de Fronteira (LABFRO) est\u00e1 em fase de instala\u00e7\u00e3o, representando um avan\u00e7o na tomada de decis\u00f5es sanit\u00e1rias com apoio de institui\u00e7\u00f5es como Embrapa, Fiocruz, Iagro e Minist\u00e9rio da Sa\u00fade. Tamb\u00e9m h\u00e1 articula\u00e7\u00e3o para que a Fiocruz apresente proposta ao edital PPSUS, fortalecendo a parceria com a Embrapa Pantanal na capacita\u00e7\u00e3o para o uso da ferramenta SISS-Geo, essencial para monitoramento e preven\u00e7\u00e3o de doen\u00e7as.<\/p>\n\n\n\n<p>Participaram da reuni\u00e3o com secret\u00e1rio Municipal de Sa\u00fade, Ant\u00f4nio Juliano da Costa; as pesquisadoras da Embrapa Pantanal, Raquel Juliana e Aiesca Pellegrin; a gerente de Vigil\u00e2ncia em Sa\u00fade da Prefeitura, Walkiria Arruda; a superintendente de Assist\u00eancia \u00e0 Sa\u00fade, Patr\u00edcia Daga, e o assessor de gabinete, Ronaldo Ant\u00f4nio da Costa.<\/p>\n\n\n\n<p><\/p>\n","protected":false},"excerpt":{"rendered":"<p>O andamento de projetos voltados \u00e0 Sa\u00fade \u00danica na regi\u00e3o de fronteira foi tema de&#8230;<\/p>\n","protected":false},"author":70,"featured_media":0,"comment_status":"closed","ping_status":"closed","sticky":false,"template":"","format":"standard","meta":{"footnotes":""},"categories":[21],"tags":[],"class_list":["post-11764834","post","type-post","status-publish","format-standard","hentry","category-saude"],"_links":{"self":[{"href":"https:\/\/www.corumbaonline.com.br\/news\/wp-json\/wp\/v2\/posts\/11764834","targetHints":{"allow":["GET"]}}],"collection":[{"href":"https:\/\/www.corumbaonline.com.br\/news\/wp-json\/wp\/v2\/posts"}],"about":[{"href":"https:\/\/www.corumbaonline.com.br\/news\/wp-json\/wp\/v2\/types\/post"}],"author":[{"embeddable":true,"href":"https:\/\/www.corumbaonline.com.br\/news\/wp-json\/wp\/v2\/users\/70"}],"replies":[{"embeddable":true,"href":"https:\/\/www.corumbaonline.com.br\/news\/wp-json\/wp\/v2\/comments?post=11764834"}],"version-history":[{"count":1,"href":"https:\/\/www.corumbaonline.com.br\/news\/wp-json\/wp\/v2\/posts\/11764834\/revisions"}],"predecessor-version":[{"id":11764835,"href":"https:\/\/www.corumbaonline.com.br\/news\/wp-json\/wp\/v2\/posts\/11764834\/revisions\/11764835"}],"wp:attachment":[{"href":"https:\/\/www.corumbaonline.com.br\/news\/wp-json\/wp\/v2\/media?parent=11764834"}],"wp:term":[{"taxonomy":"category","embeddable":true,"href":"https:\/\/www.corumbaonline.com.br\/news\/wp-json\/wp\/v2\/categories?post=11764834"},{"taxonomy":"post_tag","embeddable":true,"href":"https:\/\/www.corumbaonline.com.br\/news\/wp-json\/wp\/v2\/tags?post=11764834"}],"curies":[{"name":"wp","href":"https:\/\/api.w.org\/{rel}","templated":true}]}}