{"id":11764879,"date":"2025-03-25T08:08:00","date_gmt":"2025-03-25T12:08:00","guid":{"rendered":"https:\/\/www.corumbaonline.com.br\/news\/?p=11764879"},"modified":"2025-03-25T07:27:17","modified_gmt":"2025-03-25T11:27:17","slug":"stf-decide-se-bolsonaro-e-aliados-se-tornarao-reus-por-tramar-golpe","status":"publish","type":"post","link":"https:\/\/www.corumbaonline.com.br\/news\/stf-decide-se-bolsonaro-e-aliados-se-tornarao-reus-por-tramar-golpe\/","title":{"rendered":"STF decide se Bolsonaro e aliados se tornar\u00e3o r\u00e9us por tramar golpe"},"content":{"rendered":"<p>O Supremo Tribunal Federal (STF) come\u00e7a a julgar, nesta ter\u00e7a-feira (24) \u00e0s 9h30, se o ex-presidente Jair Bolsonaro e mais sete denunciados pela trama golpista v\u00e3o se tornar r\u00e9us na a\u00e7\u00e3o.<img decoding=\"async\" src=\"https:\/\/agenciabrasil.ebc.com.br\/ebc.png?id=1635788&amp;o=node\" \/><img decoding=\"async\" src=\"https:\/\/agenciabrasil.ebc.com.br\/ebc.gif?id=1635788&amp;o=node\" \/><\/p>\n<p>O caso ser\u00e1 julgado pela Primeira Turma da Corte, colegiado formado por cinco dos 11 ministros que comp\u00f5em o tribunal. Se o ex-presidente e seus aliados se tornarem r\u00e9us, eles v\u00e3o responder a uma a\u00e7\u00e3o penal, que poder\u00e1 terminar com a condena\u00e7\u00e3o ou absolvi\u00e7\u00e3o das acusa\u00e7\u00f5es.<\/p>\n<p>O Supremo vai decidir se\u00a0<a href=\"https:\/\/agenciabrasil.ebc.com.br\/justica\/noticia\/2025-02\/pgr-denuncia-bolsonaro-e-mais-33-por-tentativa-de-golpe-de-estado\" target=\"_blank\" rel=\"noopener\">recebe a den\u00fancia apresentada<\/a>\u00a0em fevereiro deste ano pelo procurador-geral da Rep\u00fablica, Paulo Gonet, contra o chamado n\u00facleo crucial, formado por oito dos 34 denunciados no caso. O N\u00facleo 1 \u00e9 composto pelos seguintes acusados:<\/p>\n<ul>\n<li>Jair Bolsonaro, ex-presidente da Rep\u00fablica;<\/li>\n<li>Walter Braga Netto, general de Ex\u00e9rcito, ex-ministro e vice de Bolsonaro na chapa das elei\u00e7\u00f5es de 2022;<\/li>\n<li>General Augusto Heleno, ex-ministro do Gabinete de Seguran\u00e7a Institucional;<\/li>\n<li>Alexandre Ramagem, ex-diretor da Ag\u00eancia Brasileira de Intelig\u00eancia &#8211; Abin;<\/li>\n<li>Anderson Torres, ex-ministro da Justi\u00e7a e ex-secret\u00e1rio de seguran\u00e7a do Distrito Federal;<\/li>\n<li>Almir Garnier, ex-comandante da Marinha;<\/li>\n<li>Paulo S\u00e9rgio Nogueira, general do Ex\u00e9rcito e ex-ministro da Defesa;<\/li>\n<li>Mauro Cid, delator e ex-ajudante de ordens de Bolsonaro.<\/li>\n<\/ul>\n<p>&gt;&gt;\u00a0<a href=\"https:\/\/agenciabrasil.ebc.com.br\/justica\/noticia\/2025-02\/saiba-qual-foi-participacao-dos-34-denunciados-na-tentativa-de-golpe\" target=\"_blank\" rel=\"noopener\">Clique aqui e saiba qual foi a participa\u00e7\u00e3o<\/a>\u00a0de cada um dos 34 denunciados na tentativa de golpe<\/p>\n<h2>Primeira Turma<\/h2>\n<p>O caso ser\u00e1 julgado pela Primeira Turma da Corte. O colegiado \u00e9 composto pelo relator da den\u00fancia, Alexandre de Moraes, e os ministros Fl\u00e1vio Dino, Cristiano Zanin, C\u00e1rmen L\u00facia e Luiz Fux.<\/p>\n<p>Pelo regimento interno do Supremo Tribunal Federal, cabe \u00e0s duas turmas do tribunal julgar a\u00e7\u00f5es penais. Como o relator faz parte da Primeira Turma, a acusa\u00e7\u00e3o ser\u00e1 julgada pelo colegiado.<\/p>\n<h2>Rito<\/h2>\n<p><strong>A sess\u00e3o est\u00e1 prevista para come\u00e7ar \u00e0s 9h30 e deve ter uma pausa para o almo\u00e7o. Em seguida, \u00e0s 14h, o julgamento deve recome\u00e7ar.\u00a0<\/strong><\/p>\n<p>A turma tamb\u00e9m programou uma sess\u00e3o na manh\u00e3 de quarta-feira (26) para finalizar a an\u00e1lise do caso. As regras do rito do julgamento est\u00e3o previstas no regimento interno do Supremo.<\/p>\n<p>Confira o rito que ser\u00e1 seguido:<\/p>\n<ul>\n<li><strong>Abertura:<\/strong>\u00a0ministro Cristiano Zanin, presidente do colegiado, far\u00e1 a abertura da sess\u00e3o;<\/li>\n<li><strong>Relat\u00f3rio:<\/strong>\u00a0em seguida, Alexandre de Moraes vai ler o relat\u00f3rio da den\u00fancia, documento que resume as acusa\u00e7\u00f5es, as manifesta\u00e7\u00f5es das defesas e a tramita\u00e7\u00e3o ocorrida no caso;<\/li>\n<li><strong>PGR:<\/strong>\u00a0o procurador-geral far\u00e1 sua sustenta\u00e7\u00e3o oral para defender que os acusados virem r\u00e9us. O prazo ser\u00e1 de 30 minutos;<\/li>\n<li><strong>Defesas:<\/strong>\u00a0advogados dos oito denunciados ter\u00e3o 15 minutos cada um para realizar as defesas dos acusados;<\/li>\n<li><strong>Relator:<\/strong>\u00a0palavra voltar\u00e1 para Moraes, que proferir\u00e1 voto sobre quest\u00f5es preliminares suscitadas pelas defesas (pedidos de nulidade de provas, alega\u00e7\u00f5es de falta de acesso a documentos);<\/li>\n<li><strong>Vota\u00e7\u00e3o:<\/strong>\u00a0demais ministros votar\u00e3o as quest\u00f5es preliminares;<\/li>\n<li><strong>M\u00e9rito:<\/strong>\u00a0encerradas as quest\u00f5es preliminares, Alexandre de Moraes iniciar\u00e1 voto de m\u00e9rito para decidir se os acusados se tornar\u00e3o r\u00e9us;<\/li>\n<li><strong>Votos:<\/strong>\u00a0demais ministros decidir\u00e3o se acompanham ou n\u00e3o o voto de Moraes;<\/li>\n<li><strong>Encerramento:<\/strong>\u00a0ap\u00f3s a vota\u00e7\u00e3o, o julgamento ser\u00e1 encerrado.<\/li>\n<\/ul>\n<h2>Organiza\u00e7\u00e3o Criminosa<\/h2>\n<p>De acordo com a den\u00fancia da PGR, Bolsonaro &#8220;liderou&#8221; uma organiza\u00e7\u00e3o criminosa para praticar atos lesivos \u00e0 ordem democr\u00e1tica. Segundo a PGR, o grupo atuou entre julho de 2021 e janeiro de 2023 e era formado por militares e outros investigados que estavam na estrutura do Estado.<\/p>\n<blockquote><p>&#8220;A organiza\u00e7\u00e3o criminosa seguiu todos os passos necess\u00e1rios para depor o governo legitimamente eleito&#8221;, diz a den\u00fancia.<\/p><\/blockquote>\n<p><strong>A den\u00fancia cita que Bolsonaro tinha conhecimento do plano intitulado Punhal Verde Amarelo, que continha o planejamento e a execu\u00e7\u00e3o de a\u00e7\u00f5es para assassinar o presidente Luiz In\u00e1cio Lula da Silva, o vice presidente Geraldo Alckmin e o ministro do STF Alexandre de Moraes.<\/strong><\/p>\n<p>A PGR tamb\u00e9m garante que o ex-presidente sabia da minuta de decreto com o qual pretendia executar um golpe de Estado no pa\u00eds. O documento ficou conhecido durante a investiga\u00e7\u00e3o como &#8220;minuta do golpe&#8221;.<\/p>\n<h2>Crimes<\/h2>\n<p>A PGR apontou que os acusados cometeram cinco crimes contra a democracia. A pena m\u00e1xima para as condutas ultrapassa 30 anos de pris\u00e3o:<\/p>\n<p>Organiza\u00e7\u00e3o criminosa armada \u2013 de 3 a 8 anos de pris\u00e3o;<br \/>\nTentativa de aboli\u00e7\u00e3o violenta do Estado Democr\u00e1tico de Direito \u2013 de 4 a 8 anos de pris\u00e3o;<br \/>\nGolpe de Estado \u2013 de 4 a 12 anos;<br \/>\nDano qualificado pela viol\u00eancia e grave amea\u00e7a \u2013 de seis meses a 3 anos de pris\u00e3o;<br \/>\nDeteriora\u00e7\u00e3o de patrim\u00f4nio tombado \u2013 de 1 a 3 anos;<\/p>\n<h2>Defesa<\/h2>\n<p>Na defesa apresentada ao STF antes do julgamento, os advogados de Bolsonaro\u00a0<a href=\"https:\/\/agenciabrasil.ebc.com.br\/justica\/noticia\/2025-03\/bolsonaro-pede-anulacao-da-delacao-de-cid-e-afastamento-de-moraes\" target=\"_blank\" rel=\"noopener\">pediram a anula\u00e7\u00e3o da dela\u00e7\u00e3o<\/a>\u00a0do tenente-coronel Mauro Cid, ex-ajudante de ordens do ent\u00e3o presidente e o afastamento dos ministros Alexandre de Moraes, Cristiano Zanin e Fl\u00e1vio Dino para julgar o caso.<\/p>\n<p><strong>A defesa tamb\u00e9m alegou que n\u00e3o teve acesso total \u00e0s provas e pediu que o julgamento seja feito pelo plen\u00e1rio, e n\u00e3o pela Primeira Turma.<\/strong><\/p>\n<h2>Den\u00fancias<\/h2>\n<p>Nas pr\u00f3ximas semanas, o STF tamb\u00e9m vai decidir se mais 26 denunciados pela trama golpista se tornar\u00e3o r\u00e9us. Os acusados fazem parte dos n\u00facleos 2,3 e 4 da den\u00fancia, que foi fatiada pela PGR para facilitar o julgamento.<\/p>\n","protected":false},"excerpt":{"rendered":"<p>O Supremo Tribunal Federal (STF) come\u00e7a a julgar, nesta ter\u00e7a-feira (24) \u00e0s 9h30, se o&#8230;<\/p>\n","protected":false},"author":4,"featured_media":11764880,"comment_status":"closed","ping_status":"closed","sticky":false,"template":"","format":"standard","meta":{"footnotes":""},"categories":[221],"tags":[268],"class_list":["post-11764879","post","type-post","status-publish","format-standard","has-post-thumbnail","hentry","category-justica","tag-justica"],"_links":{"self":[{"href":"https:\/\/www.corumbaonline.com.br\/news\/wp-json\/wp\/v2\/posts\/11764879","targetHints":{"allow":["GET"]}}],"collection":[{"href":"https:\/\/www.corumbaonline.com.br\/news\/wp-json\/wp\/v2\/posts"}],"about":[{"href":"https:\/\/www.corumbaonline.com.br\/news\/wp-json\/wp\/v2\/types\/post"}],"author":[{"embeddable":true,"href":"https:\/\/www.corumbaonline.com.br\/news\/wp-json\/wp\/v2\/users\/4"}],"replies":[{"embeddable":true,"href":"https:\/\/www.corumbaonline.com.br\/news\/wp-json\/wp\/v2\/comments?post=11764879"}],"version-history":[{"count":1,"href":"https:\/\/www.corumbaonline.com.br\/news\/wp-json\/wp\/v2\/posts\/11764879\/revisions"}],"predecessor-version":[{"id":11764881,"href":"https:\/\/www.corumbaonline.com.br\/news\/wp-json\/wp\/v2\/posts\/11764879\/revisions\/11764881"}],"wp:featuredmedia":[{"embeddable":true,"href":"https:\/\/www.corumbaonline.com.br\/news\/wp-json\/wp\/v2\/media\/11764880"}],"wp:attachment":[{"href":"https:\/\/www.corumbaonline.com.br\/news\/wp-json\/wp\/v2\/media?parent=11764879"}],"wp:term":[{"taxonomy":"category","embeddable":true,"href":"https:\/\/www.corumbaonline.com.br\/news\/wp-json\/wp\/v2\/categories?post=11764879"},{"taxonomy":"post_tag","embeddable":true,"href":"https:\/\/www.corumbaonline.com.br\/news\/wp-json\/wp\/v2\/tags?post=11764879"}],"curies":[{"name":"wp","href":"https:\/\/api.w.org\/{rel}","templated":true}]}}