{"id":11767843,"date":"2025-05-11T09:00:00","date_gmt":"2025-05-11T13:00:00","guid":{"rendered":"https:\/\/www.corumbaonline.com.br\/news\/?p=11767843"},"modified":"2025-05-11T09:08:49","modified_gmt":"2025-05-11T13:08:49","slug":"maes-solo-enfrentam-barreiras-na-garantia-de-direitos-aos-filhos","status":"publish","type":"post","link":"https:\/\/www.corumbaonline.com.br\/news\/maes-solo-enfrentam-barreiras-na-garantia-de-direitos-aos-filhos\/","title":{"rendered":"M\u00e3es solo enfrentam barreiras na garantia de direitos aos filhos"},"content":{"rendered":"<p><strong>Diante do abandono do genitor e dos obst\u00e1culos para a garantia de direitos, muitas mulheres s\u00e3o submetidas \u00e0s adversidades de cuidar e sustentar suas fam\u00edlias sozinhas. Para algumas dessas m\u00e3es, a rede de apoio \u00e9 formada justamente por outras mulheres em situa\u00e7\u00e3o semelhante.\u00a0<\/strong><img decoding=\"async\" src=\"https:\/\/agenciabrasil.ebc.com.br\/ebc.png?id=1642219&amp;o=node\" \/><img decoding=\"async\" src=\"https:\/\/agenciabrasil.ebc.com.br\/ebc.gif?id=1642219&amp;o=node\" \/><\/p>\n<p>No Brasil,\u00a0<a href=\"https:\/\/agenciabrasil.ebc.com.br\/geral\/noticia\/2023-08\/no-brasil-11-milhoes-de-mulheres-criam-sozinhas-os-filhos\">11 milh\u00f5es de mulheres criam sozinhas os filhos<\/a>, apontou pesquisa da Funda\u00e7\u00e3o Get\u00falio Vargas (FGV), referente a 2022.<\/p>\n<p>\u00c9 o caso de Cibele*, de 26 anos, que tem um filho de cinco anos, cujo genitor n\u00e3o compartilha cuidados nem os custos b\u00e1sicos da crian\u00e7a.\u00a0<strong>Ela precisa estar presente para garantir sa\u00fade, desenvolvimento integral, educa\u00e7\u00e3o, bem-estar e afeto ao filho, enquanto enfrenta uma jornada de trabalho que a deixa fora de casa 12 horas por dia.<\/strong><\/p>\n<blockquote><p>\u201cAcredito que os melhores momentos que eu tenho \u00e9 quando chega o final de semana e, como eu consigo me organizar melhor, saio com ele pra passear. \u00c9 um dos momentos em que a gente consegue se distanciar um pouco da nossa rotina da semana, que \u00e9 muita correria\u201d, relatou Cibele.<\/p><\/blockquote>\n<p>\u201cPor mais que seja um pouco estressante [no dia a dia], sempre tento n\u00e3o incluir ele nesse estresse que eu carrego sozinha\u201d, acrescentou.<\/p>\n<p>Entre as garantias que ela proporciona ao filho, tamb\u00e9m sozinha, est\u00e1 o tempo de lazer, ainda que a rotina seja apertada, especialmente, de segunda a sexta-feira.<\/p>\n<p>\u201cO que me deixa satisfeita \u00e9 saber que atrav\u00e9s da minha organiza\u00e7\u00e3o eu consigo manter esse momento de lazer com ele\u201d, destacou.<\/p>\n<h2>Acesso \u00e0 justi\u00e7a<\/h2>\n<p><strong>O processo na Justi\u00e7a por pens\u00e3o aliment\u00edcia e guarda unilateral, por meio da Defensoria P\u00fablica do estado de S\u00e3o Paulo, se arrasta h\u00e1 tr\u00eas anos<\/strong>\u00a0&#8211; o que representa mais da metade do tempo de vida do seu filho. Ainda que, ap\u00f3s uma decis\u00e3o judicial, o pagamento seja retroativo, na pr\u00e1tica, as necessidades da crian\u00e7a n\u00e3o esperam o tempo do sistema judici\u00e1rio.<\/p>\n<blockquote><p>\u201cO que falta nas pol\u00edticas p\u00fablicas \u00e9 o reconhecimento. Essas mulheres sustentam sozinhas seus lares, educam, trabalham, e ainda enfrentam preconceitos e viol\u00eancias. \u00c9 preciso olhar para elas com respeito, garantindo prote\u00e7\u00e3o social, dignidade e oportunidades reais\u201d, disse a advogada Sueli Amoedo, especialista em pol\u00edticas p\u00fablicas para mulheres, em entrevista \u00e0\u00a0<strong>Ag\u00eancia Brasil<\/strong>.<\/p><\/blockquote>\n<p><strong>Segundo ela, as m\u00e3es solo enfrentam m\u00faltiplos desafios para garantir os direitos dos filhos na Justi\u00e7a e a morosidade dos processos \u00e9 um dos principais entraves.\u00a0<\/strong><\/p>\n<blockquote><p>\u201cDemandas como pens\u00e3o aliment\u00edcia, guarda e regulamenta\u00e7\u00e3o de visitas levam tempo para serem julgadas, e, quando finalmente h\u00e1 uma decis\u00e3o, os valores fixados muitas vezes s\u00e3o insuficientes para cobrir sequer os custos b\u00e1sicos da crian\u00e7a\u201d, diz.<\/p><\/blockquote>\n<p><strong>Outro ponto cr\u00edtico \u00e9 o acesso desigual \u00e0 Justi\u00e7a.<\/strong>\u00a0\u201cEm muitos munic\u00edpios brasileiros n\u00e3o h\u00e1 Defensoria P\u00fablica, e a alternativa, que seria a assist\u00eancia judici\u00e1ria municipal, costuma operar em condi\u00e7\u00f5es prec\u00e1rias\u201d, ressaltou Sueli, que ocupa a posi\u00e7\u00e3o de Lideran\u00e7a Jur\u00eddica Nacional do\u00a0<a href=\"https:\/\/www.justiceiras.org.br\/\">projeto Justiceiras<\/a>, que atua de forma gratuita, no acolhimento e orienta\u00e7\u00e3o t\u00e9cnica nas \u00e1reas do Direito, Psicologia e Assist\u00eancia Social.<\/p>\n<p>Em v\u00e1rias cidades, segundo a advogada, as mulheres precisam acordar de madrugada para conseguir uma senha de atendimento. Ficam horas em filas, algumas com filhos pequenos no colo, e mesmo assim, ao chegar sua vez, as senhas j\u00e1 se esgotaram. \u201cIsso desestimula e, muitas vezes, impede que elas consigam sequer iniciar uma a\u00e7\u00e3o judicial.\u201d<\/p>\n<p><strong>Al\u00e9m disso, a advogada afirma que h\u00e1 uma profunda desinforma\u00e7\u00e3o sobre os pr\u00f3prios direitos.\u00a0<\/strong><\/p>\n<p>\u201cMuitas m\u00e3es solo n\u00e3o sabem como entrar com uma a\u00e7\u00e3o de alimentos, que documentos precisam ou quais benef\u00edcios t\u00eam direito. A aus\u00eancia de orienta\u00e7\u00e3o jur\u00eddica acolhedora e acess\u00edvel \u00e9 mais uma barreira no caminho da justi\u00e7a\u201d, disse.<\/p>\n<p><strong>Cibele cogitou desistir do processo judicial por falta de perspectiva de um resultado, al\u00e9m do desgaste que a situa\u00e7\u00e3o gerava e que a levou a um quadro de sofrimento mental.\u00a0<\/strong>A partir do contato com o Justiceiras, ela descobriu que, no in\u00edcio do processo, o juiz j\u00e1 poderia ter fixado um valor referente a alimentos provis\u00f3rios, em car\u00e1ter liminar, at\u00e9 que houvesse a senten\u00e7a da pens\u00e3o aliment\u00edcia. Ela soube tamb\u00e9m da possibilidade de uma medida protetiva em epis\u00f3dios de viol\u00eancia.<\/p>\n<h2>Rede de apoio<\/h2>\n<p>Quando precisa de ajuda, em casos como doen\u00e7a, demais imprevistos ou cansa\u00e7o, Cibele recorre \u00e0 pr\u00f3pria m\u00e3e, que tamb\u00e9m \u00e9 chefe de fam\u00edlia e, ao longo da vida, enfrentou quase sozinha as tarefas e responsabilidades para criar dois filhos. \u201cOntem mesmo a minha m\u00e3e levou ele ao m\u00e9dico. Foi muito em cima da hora, eu n\u00e3o consegui avisar no trabalho\u201d, contou.<\/p>\n<blockquote><p>\u201cQuando eu preciso resolver qualquer coisa, \u00e9 a minha m\u00e3e sempre que est\u00e1 ali pra me ajudar. De vez em quando, eu pe\u00e7o pro pai, mas sempre acabo n\u00e3o tendo resultado, nem for\u00e7a, nem ajuda, nem nada. Acaba que ele diz \u2018n\u00e3o posso, n\u00e3o d\u00e1, por que voc\u00ea n\u00e3o avisou antes?\u2019. Sendo que, \u00e0s vezes, as coisas acontecem assim de imprevisto, e a pessoa n\u00e3o se importa em querer ajudar\u201d, disse.<\/p><\/blockquote>\n<p>O percentual de mulheres\u00a0<a href=\"https:\/\/agenciabrasil.ebc.com.br\/economia\/noticia\/2024-10\/total-de-mulheres-responsaveis-por-domicilios-cresce-revela-censo\">respons\u00e1veis por unidades domiciliares<\/a>\u00a0teve aumento expressivo entre 2010 e 2022, subindo de 38,7% para 49,1%, segundo o \u00faltimo Censo Demogr\u00e1fico (2022), divulgado pelo Instituto Brasileiro de Geografia e Estat\u00edstica (IBGE). Eram 35,6 milh\u00f5es de mulheres nessa situa\u00e7\u00e3o e 36,9 milh\u00f5es de homens.<\/p>\n<p>O percentual de mulheres nessa condi\u00e7\u00e3o supera os 50% em 10 estados: Pernambuco (53,9%), Sergipe (53,1%), Maranh\u00e3o (53%), Amap\u00e1 (52,9%), Cear\u00e1 (52,6%), Rio de Janeiro (52,3%), Alagoas e Para\u00edba (51,7%), Bahia (51,0%) e Piau\u00ed (50,4%). Muitas dessas mulheres s\u00e3o m\u00e3es solo.<\/p>\n<p>O censo revelou ainda que, no mesmo per\u00edodo, houve crescimento do n\u00famero de fam\u00edlias monoparentais, onde o respons\u00e1vel vive sozinho com filhos ou enteados, que passou de 16,3% para 16,5%. Quase um em cada seis lares brasileiros \u00e9 chefiado por uma pessoa que vive sozinha com filhos.<\/p>\n<h2>Pol\u00edticas p\u00fablicas<\/h2>\n<p><strong>As pol\u00edticas p\u00fablicas para m\u00e3es solo precisam ser pensadas de forma integrada e com base na escuta real dessas mulheres,\u00a0<\/strong>conforme avalia\u00e7\u00e3o da especialista Sueli Amoedo.<\/p>\n<blockquote><p>\u201cA primeira necessidade \u00e9 a oferta de creches e escolas em tempo integral, para que elas possam trabalhar com seguran\u00e7a e tranquilidade\u201d, citou.<\/p><\/blockquote>\n<p><strong>O cuidado com a sa\u00fade f\u00edsica e mental dessas m\u00e3es tamb\u00e9m \u00e9 quest\u00e3o essencial neste contexto, com garantia de acesso r\u00e1pido a consultas, exames, psicoterapia e medica\u00e7\u00e3o.\u00a0<\/strong><\/p>\n<p>\u201cNa esfera financeira, pol\u00edticas de transfer\u00eancia de renda espec\u00edficas para m\u00e3es solo em situa\u00e7\u00e3o de vulnerabilidade s\u00e3o urgentes\u201d, lembrou a advogada, al\u00e9m de estimular a empregabilidade.<\/p>\n<p>No campo jur\u00eddico, a advogada destaca que \u00e9 urgente ampliar e qualificar o acesso \u00e0 justi\u00e7a. \u201cA aus\u00eancia da Defensoria P\u00fablica em muitos munic\u00edpios faz com que mulheres dependam de uma assist\u00eancia judici\u00e1ria limitada, que muitas vezes \u00e9 burocr\u00e1tica e desumana\u201d, lamentou. O resultado dessa realidade \u00e9 que as m\u00e3es acabam desistindo de buscar o que \u00e9 de direito por esgotamento f\u00edsico e emocional.<\/p>\n","protected":false},"excerpt":{"rendered":"<p>Diante do abandono do genitor e dos obst\u00e1culos para a garantia de direitos, muitas mulheres&#8230;<\/p>\n","protected":false},"author":4,"featured_media":11767844,"comment_status":"closed","ping_status":"closed","sticky":false,"template":"","format":"standard","meta":{"footnotes":""},"categories":[8],"tags":[],"class_list":["post-11767843","post","type-post","status-publish","format-standard","has-post-thumbnail","hentry","category-destaque"],"_links":{"self":[{"href":"https:\/\/www.corumbaonline.com.br\/news\/wp-json\/wp\/v2\/posts\/11767843","targetHints":{"allow":["GET"]}}],"collection":[{"href":"https:\/\/www.corumbaonline.com.br\/news\/wp-json\/wp\/v2\/posts"}],"about":[{"href":"https:\/\/www.corumbaonline.com.br\/news\/wp-json\/wp\/v2\/types\/post"}],"author":[{"embeddable":true,"href":"https:\/\/www.corumbaonline.com.br\/news\/wp-json\/wp\/v2\/users\/4"}],"replies":[{"embeddable":true,"href":"https:\/\/www.corumbaonline.com.br\/news\/wp-json\/wp\/v2\/comments?post=11767843"}],"version-history":[{"count":1,"href":"https:\/\/www.corumbaonline.com.br\/news\/wp-json\/wp\/v2\/posts\/11767843\/revisions"}],"predecessor-version":[{"id":11767845,"href":"https:\/\/www.corumbaonline.com.br\/news\/wp-json\/wp\/v2\/posts\/11767843\/revisions\/11767845"}],"wp:featuredmedia":[{"embeddable":true,"href":"https:\/\/www.corumbaonline.com.br\/news\/wp-json\/wp\/v2\/media\/11767844"}],"wp:attachment":[{"href":"https:\/\/www.corumbaonline.com.br\/news\/wp-json\/wp\/v2\/media?parent=11767843"}],"wp:term":[{"taxonomy":"category","embeddable":true,"href":"https:\/\/www.corumbaonline.com.br\/news\/wp-json\/wp\/v2\/categories?post=11767843"},{"taxonomy":"post_tag","embeddable":true,"href":"https:\/\/www.corumbaonline.com.br\/news\/wp-json\/wp\/v2\/tags?post=11767843"}],"curies":[{"name":"wp","href":"https:\/\/api.w.org\/{rel}","templated":true}]}}