{"id":11767883,"date":"2025-05-12T11:39:58","date_gmt":"2025-05-12T15:39:58","guid":{"rendered":"https:\/\/www.corumbaonline.com.br\/news\/?p=11767883"},"modified":"2025-05-12T11:39:59","modified_gmt":"2025-05-12T15:39:59","slug":"papa-pede-fim-da-guerra-de-palavras-e-libertacao-de-jornalistas-presos","status":"publish","type":"post","link":"https:\/\/www.corumbaonline.com.br\/news\/papa-pede-fim-da-guerra-de-palavras-e-libertacao-de-jornalistas-presos\/","title":{"rendered":"Papa pede fim da guerra de palavras e liberta\u00e7\u00e3o de jornalistas presos"},"content":{"rendered":"\n<p>Em sua primeira entrevista coletiva, o&nbsp;<strong>papa Le\u00e3o XIV fez um apelo aos profissionais da imprensa pelo compromisso com uma comunica\u00e7\u00e3o \u201cque n\u00e3o busque o consenso a todo custo, n\u00e3o se revista de palavras agressivas, n\u00e3o abrace o modelo da competi\u00e7\u00e3o, n\u00e3o separe nunca a busca da verdade do amor com que devemos humildemente busc\u00e1-la\u201d.<\/strong><img decoding=\"async\" src=\"https:\/\/agenciabrasil.ebc.com.br\/ebc.png?id=1642375&amp;o=node\"><img decoding=\"async\" src=\"https:\/\/agenciabrasil.ebc.com.br\/ebc.gif?id=1642375&amp;o=node\"><\/p>\n\n\n\n<p><strong>\u201cA paz come\u00e7a em cada um de n\u00f3s: no modo como olhamos os outros, ouvimos os outros, falamos dos outros. Neste sentido, o modo como comunicamos \u00e9 de fundamental import\u00e2ncia: devemos dizer n\u00e3o \u00e0 guerra das palavras e das imagens, devemos rejeitar o paradigma da guerra\u201d,&nbsp;<\/strong>disse, conforme informou o Vaticano.<br><br><em>O<\/em>&nbsp;<strong>pont\u00edfice rec\u00e9m-eleito<\/strong>&nbsp;lembrou&nbsp;<strong>jornalistas presos em todo o mundo<\/strong>&nbsp;\u201cpor terem buscado e relatado a verdade\u201d e&nbsp;<strong>pediu pela liberta\u00e7\u00e3o de cada um dos profissionais.<\/strong><\/p>\n\n\n\n<blockquote class=\"wp-block-quote is-layout-flow wp-block-quote-is-layout-flow\">\n<p>\u201cA Igreja reconhece nessas testemunhas. Penso naqueles que relatam a guerra mesmo \u00e0 custa da pr\u00f3pria vida, a coragem de quem defende a dignidade, a justi\u00e7a e o direito dos povos \u00e0 informa\u00e7\u00e3o. Porque s\u00f3 os povos informados podem fazer escolhas livres. O sofrimento desses jornalistas presos interpela a consci\u00eancia das na\u00e7\u00f5es e da comunidade internacional, chamando-nos a todos a salvaguardar o bem precioso da liberdade de express\u00e3o e de imprensa.\u201d<\/p>\n<\/blockquote>\n\n\n\n<p>Em conversa com os jornalistas,&nbsp;<strong>Le\u00e3o XIV citou ainda que \u201cvivemos tempos dif\u00edceis de percorrer e contar, que s\u00e3o um desafio para todos n\u00f3s e dos quais n\u00e3o devemos fugir\u201d.<\/strong><\/p>\n\n\n\n<p><strong>\u201cPelo contr\u00e1rio, pedem a cada um de n\u00f3s, em nossos diferentes pap\u00e9is e servi\u00e7os, para nunca ceder \u00e0 mediocridade\u201d.<\/strong><br><br>\u201cA Igreja deve aceitar o desafio dos tempos e, da mesma forma, n\u00e3o pode haver comunica\u00e7\u00e3o e jornalismo fora do tempo e da hist\u00f3ria.&nbsp;<strong>Como nos lembra Santo Agostinho: \u2018Vivamos bem e os tempos ser\u00e3o bons. N\u00f3s somos os tempos\u2019.\u201d<\/strong><br><br>Ao final, o papa avaliou que um dos desafios mais importantes para os profissionais da imprensa na atualidade consiste em<strong>&nbsp;promover uma comunica\u00e7\u00e3o \u201ccapaz de nos tirar da torre de Babel em que, \u00e0s vezes, nos encontramos, da confus\u00e3o de linguagens sem amor, muitas vezes ideol\u00f3gicas ou tendenciosas\u201d.&nbsp;<\/strong><\/p>\n\n\n\n<blockquote class=\"wp-block-quote is-layout-flow wp-block-quote-is-layout-flow\">\n<p>\u201c<strong>Por isso, o seu servi\u00e7o, com as palavras que voc\u00eas usam e o estilo que voc\u00eas adotam, \u00e9 importante\u201d.<\/strong><\/p>\n<\/blockquote>\n","protected":false},"excerpt":{"rendered":"<p>Em sua primeira entrevista coletiva, o&nbsp;papa Le\u00e3o XIV fez um apelo aos profissionais da imprensa&#8230;<\/p>\n","protected":false},"author":4,"featured_media":11767713,"comment_status":"closed","ping_status":"closed","sticky":false,"template":"","format":"standard","meta":{"footnotes":""},"categories":[14],"tags":[],"class_list":["post-11767883","post","type-post","status-publish","format-standard","has-post-thumbnail","hentry","category-geral"],"_links":{"self":[{"href":"https:\/\/www.corumbaonline.com.br\/news\/wp-json\/wp\/v2\/posts\/11767883","targetHints":{"allow":["GET"]}}],"collection":[{"href":"https:\/\/www.corumbaonline.com.br\/news\/wp-json\/wp\/v2\/posts"}],"about":[{"href":"https:\/\/www.corumbaonline.com.br\/news\/wp-json\/wp\/v2\/types\/post"}],"author":[{"embeddable":true,"href":"https:\/\/www.corumbaonline.com.br\/news\/wp-json\/wp\/v2\/users\/4"}],"replies":[{"embeddable":true,"href":"https:\/\/www.corumbaonline.com.br\/news\/wp-json\/wp\/v2\/comments?post=11767883"}],"version-history":[{"count":1,"href":"https:\/\/www.corumbaonline.com.br\/news\/wp-json\/wp\/v2\/posts\/11767883\/revisions"}],"predecessor-version":[{"id":11767884,"href":"https:\/\/www.corumbaonline.com.br\/news\/wp-json\/wp\/v2\/posts\/11767883\/revisions\/11767884"}],"wp:featuredmedia":[{"embeddable":true,"href":"https:\/\/www.corumbaonline.com.br\/news\/wp-json\/wp\/v2\/media\/11767713"}],"wp:attachment":[{"href":"https:\/\/www.corumbaonline.com.br\/news\/wp-json\/wp\/v2\/media?parent=11767883"}],"wp:term":[{"taxonomy":"category","embeddable":true,"href":"https:\/\/www.corumbaonline.com.br\/news\/wp-json\/wp\/v2\/categories?post=11767883"},{"taxonomy":"post_tag","embeddable":true,"href":"https:\/\/www.corumbaonline.com.br\/news\/wp-json\/wp\/v2\/tags?post=11767883"}],"curies":[{"name":"wp","href":"https:\/\/api.w.org\/{rel}","templated":true}]}}