{"id":11769918,"date":"2025-06-26T17:09:58","date_gmt":"2025-06-26T21:09:58","guid":{"rendered":"https:\/\/www.corumbaonline.com.br\/news\/?p=11769918"},"modified":"2025-06-26T17:10:00","modified_gmt":"2025-06-26T21:10:00","slug":"senado-promove-primeira-edicao-da-comenda-chico-xavier","status":"publish","type":"post","link":"https:\/\/www.corumbaonline.com.br\/news\/senado-promove-primeira-edicao-da-comenda-chico-xavier\/","title":{"rendered":"Senado promove primeira edi\u00e7\u00e3o da Comenda Chico Xavier"},"content":{"rendered":"\n<p>O Senado Federal realiza na pr\u00f3xima ter\u00e7a-feira (1\u00ba), a partir das 10h, uma sess\u00e3o especial para entrega da Comenda de Incentivo \u00e0 Caridade Chico Xavier. A homenagem reconhece pessoas e institui\u00e7\u00f5es que se destacam por trabalhos filantr\u00f3picos em prol da popula\u00e7\u00e3o brasileira. Esta ser\u00e1 a primeira edi\u00e7\u00e3o da premia\u00e7\u00e3o, que foi criada em 2020.<\/p>\n\n\n\n<p>Os homenageados ser\u00e3o:<\/p>\n\n\n\n<ul class=\"wp-block-list\">\n<li>Associa\u00e7\u00e3o Lar Amigos de Jesus, de Fortaleza (CE)<\/li>\n\n\n\n<li>Casa da Crian\u00e7a Dr. Jo\u00e3o Moura, de Campina Grande (PB)<\/li>\n\n\n\n<li>Instituto do Carinho, de Bras\u00edlia (DF)<\/li>\n\n\n\n<li>M\u00e9rcia Maria Almeida de Carvalho (<em>in memoriam<\/em>), fundadora da Casa de Caridade Adolfo Bezerra de Menezes, de Natal(RN)<\/li>\n<\/ul>\n\n\n\n<p>A escolha dos agraciados foi feita em reuni\u00e3o do Conselho da Comenda no dia 22 de abril. O colegiado \u00e9 presidido pelo senador Eduardo Gir\u00e3o (Novo\u2013CE) e integrado por outros 11 senadores.<\/p>\n\n\n\n<h3 class=\"wp-block-heading\"><strong>Chico Xavier<\/strong><\/h3>\n\n\n\n<p>O patrono da comenda \u00e9 o m\u00e9dium esp\u00edrita Francisco C\u00e2ndido Xavier, ou simplesmente Chico Xavier. Ele nasceu na cidade mineira de Pedro Leopoldo, no dia 2 de abril de 1910, e morreu em Uberaba (MG), em 2002. Xavier escreveu mais de 450 livros atrav\u00e9s do m\u00e9todo da psicografia, tendo vendido mais de 50 milh\u00f5es de exemplares.<\/p>\n\n\n\n<p>Todo o dinheiro arrecadado com a venda de seus livros era revertido para obras de caridade. Por meio de cartas, visitas e atendimentos p\u00fablicos, tornou-se uma refer\u00eancia nacional em filantropia.<\/p>\n","protected":false},"excerpt":{"rendered":"<p>O Senado Federal realiza na pr\u00f3xima ter\u00e7a-feira (1\u00ba), a partir das 10h, uma sess\u00e3o especial&#8230;<\/p>\n","protected":false},"author":19,"featured_media":11769919,"comment_status":"closed","ping_status":"closed","sticky":false,"template":"","format":"standard","meta":{"footnotes":""},"categories":[14],"tags":[],"class_list":["post-11769918","post","type-post","status-publish","format-standard","has-post-thumbnail","hentry","category-geral"],"_links":{"self":[{"href":"https:\/\/www.corumbaonline.com.br\/news\/wp-json\/wp\/v2\/posts\/11769918","targetHints":{"allow":["GET"]}}],"collection":[{"href":"https:\/\/www.corumbaonline.com.br\/news\/wp-json\/wp\/v2\/posts"}],"about":[{"href":"https:\/\/www.corumbaonline.com.br\/news\/wp-json\/wp\/v2\/types\/post"}],"author":[{"embeddable":true,"href":"https:\/\/www.corumbaonline.com.br\/news\/wp-json\/wp\/v2\/users\/19"}],"replies":[{"embeddable":true,"href":"https:\/\/www.corumbaonline.com.br\/news\/wp-json\/wp\/v2\/comments?post=11769918"}],"version-history":[{"count":1,"href":"https:\/\/www.corumbaonline.com.br\/news\/wp-json\/wp\/v2\/posts\/11769918\/revisions"}],"predecessor-version":[{"id":11769920,"href":"https:\/\/www.corumbaonline.com.br\/news\/wp-json\/wp\/v2\/posts\/11769918\/revisions\/11769920"}],"wp:featuredmedia":[{"embeddable":true,"href":"https:\/\/www.corumbaonline.com.br\/news\/wp-json\/wp\/v2\/media\/11769919"}],"wp:attachment":[{"href":"https:\/\/www.corumbaonline.com.br\/news\/wp-json\/wp\/v2\/media?parent=11769918"}],"wp:term":[{"taxonomy":"category","embeddable":true,"href":"https:\/\/www.corumbaonline.com.br\/news\/wp-json\/wp\/v2\/categories?post=11769918"},{"taxonomy":"post_tag","embeddable":true,"href":"https:\/\/www.corumbaonline.com.br\/news\/wp-json\/wp\/v2\/tags?post=11769918"}],"curies":[{"name":"wp","href":"https:\/\/api.w.org\/{rel}","templated":true}]}}