{"id":11769987,"date":"2025-06-27T16:31:53","date_gmt":"2025-06-27T20:31:53","guid":{"rendered":"https:\/\/www.corumbaonline.com.br\/news\/?p=11769987"},"modified":"2025-06-27T16:31:57","modified_gmt":"2025-06-27T20:31:57","slug":"moraes-manda-prender-condenados-por-bomba-no-aeroporto-de-brasilia","status":"publish","type":"post","link":"https:\/\/www.corumbaonline.com.br\/news\/moraes-manda-prender-condenados-por-bomba-no-aeroporto-de-brasilia\/","title":{"rendered":"Moraes manda prender condenados por bomba no aeroporto de Bras\u00edlia"},"content":{"rendered":"\n<p>O ministro Alexandre de Moraes, do Supremo Tribunal Federal (STF), determinou a pris\u00e3o dos tr\u00eas homens condenados pela tentativa de explos\u00e3o de um caminh\u00e3o-tanque nos arredores do aeroporto de Bras\u00edlia, no dia 24 de dezembro de 2022, v\u00e9spera de Natal.&nbsp;<img decoding=\"async\" src=\"https:\/\/agenciabrasil.ebc.com.br\/ebc.png?id=1648685&amp;o=node\"><img decoding=\"async\" src=\"https:\/\/agenciabrasil.ebc.com.br\/ebc.gif?id=1648685&amp;o=node\"><\/p>\n\n\n\n<p>Com a medida, os acusados George Washington de Oliveira, Alan Diego dos Santos Rodrigues e Wellington Macedo de Souza ficar\u00e3o presos preventivamente, ou seja, por tempo indeterminado.\u00a0<\/p>\n\n\n\n<p>A decis\u00e3o foi assinada na ter\u00e7a-feira (24), e os acusados devem passar por uma audi\u00eancia de cust\u00f3dia nos pr\u00f3ximos dias.<\/p>\n\n\n\n<p>Os tr\u00eas acusados j\u00e1 foram condenados pela Justi\u00e7a do Distrito Federal. Em maio de 2023, a Justi\u00e7a apenou o empres\u00e1rio George Washington a nove anos e quatro meses de pris\u00e3o. Alan Diego foi condenado a cinco anos e quatro meses. \u00a0As condutas envolvem os crimes de explos\u00e3o, causar inc\u00eandio e posse arma de fogo sem autoriza\u00e7\u00e3o.<\/p>\n\n\n\n<p>Wellington Macedo foi condenado a seis anos de pris\u00e3o. Ele foi acusado de expor a integridade f\u00edsica da popula\u00e7\u00e3o mediante uso de explosivo. Todos j\u00e1 estavam no regime semiaberto.\u00a0<\/p>\n\n\n\n<p>Ao determinar a nova pris\u00e3o, Moraes entendeu que a tentativa de explos\u00e3o tem liga\u00e7\u00e3o com os atos golpistas de 8 de janeiro.<\/p>\n\n\n\n<p>Al\u00e9m de terem sido condenados pela Justi\u00e7a da capital federal, os acusados j\u00e1 foram denunciados pela Procuradoria-Geral da Rep\u00fablica (PGR) ao Supremo pelos crimes de associa\u00e7\u00e3o criminosa armada, tentativa de aboli\u00e7\u00e3o violenta do Estado Democr\u00e1tico de Direito, &nbsp;golpe de Estado e atentado contra a seguran\u00e7a de transporte a\u00e9reo.<\/p>\n\n\n\n<blockquote class=\"wp-block-quote is-layout-flow wp-block-quote-is-layout-flow\">\n<p>&#8220;Os meios elegidos foram suficientes para caracterizar grave amea\u00e7a, por anunciar cat\u00e1strofe coletiva com recado persuasivo. Firmada essas premissas, h\u00e1 necessidade de acautelar a ordem p\u00fablica&#8221;, decidiu o ministro.<\/p>\n<\/blockquote>\n\n\n\n<p>A\u00a0Ag\u00eancia Brasil\u00a0busca contato com a defesa dos acusados. O espa\u00e7o est\u00e1 aberto para manifesta\u00e7\u00e3o<\/p>\n","protected":false},"excerpt":{"rendered":"<p>O ministro Alexandre de Moraes, do Supremo Tribunal Federal (STF), determinou a pris\u00e3o dos tr\u00eas&#8230;<\/p>\n","protected":false},"author":4,"featured_media":0,"comment_status":"closed","ping_status":"closed","sticky":false,"template":"","format":"standard","meta":{"footnotes":""},"categories":[14],"tags":[],"class_list":["post-11769987","post","type-post","status-publish","format-standard","hentry","category-geral"],"_links":{"self":[{"href":"https:\/\/www.corumbaonline.com.br\/news\/wp-json\/wp\/v2\/posts\/11769987","targetHints":{"allow":["GET"]}}],"collection":[{"href":"https:\/\/www.corumbaonline.com.br\/news\/wp-json\/wp\/v2\/posts"}],"about":[{"href":"https:\/\/www.corumbaonline.com.br\/news\/wp-json\/wp\/v2\/types\/post"}],"author":[{"embeddable":true,"href":"https:\/\/www.corumbaonline.com.br\/news\/wp-json\/wp\/v2\/users\/4"}],"replies":[{"embeddable":true,"href":"https:\/\/www.corumbaonline.com.br\/news\/wp-json\/wp\/v2\/comments?post=11769987"}],"version-history":[{"count":1,"href":"https:\/\/www.corumbaonline.com.br\/news\/wp-json\/wp\/v2\/posts\/11769987\/revisions"}],"predecessor-version":[{"id":11769988,"href":"https:\/\/www.corumbaonline.com.br\/news\/wp-json\/wp\/v2\/posts\/11769987\/revisions\/11769988"}],"wp:attachment":[{"href":"https:\/\/www.corumbaonline.com.br\/news\/wp-json\/wp\/v2\/media?parent=11769987"}],"wp:term":[{"taxonomy":"category","embeddable":true,"href":"https:\/\/www.corumbaonline.com.br\/news\/wp-json\/wp\/v2\/categories?post=11769987"},{"taxonomy":"post_tag","embeddable":true,"href":"https:\/\/www.corumbaonline.com.br\/news\/wp-json\/wp\/v2\/tags?post=11769987"}],"curies":[{"name":"wp","href":"https:\/\/api.w.org\/{rel}","templated":true}]}}