{"id":11770715,"date":"2025-07-14T09:53:00","date_gmt":"2025-07-14T13:53:00","guid":{"rendered":"https:\/\/www.corumbaonline.com.br\/news\/?p=11770715"},"modified":"2025-07-14T10:42:30","modified_gmt":"2025-07-14T14:42:30","slug":"governo-realiza-encontro-de-gestores-de-pessoas-com-foco-na-modernizacao-e-inclusao-no-servico-publico","status":"publish","type":"post","link":"https:\/\/www.corumbaonline.com.br\/news\/governo-realiza-encontro-de-gestores-de-pessoas-com-foco-na-modernizacao-e-inclusao-no-servico-publico\/","title":{"rendered":"Governo realiza \u201cEncontro de Gestores de Pessoas\u201d com foco na moderniza\u00e7\u00e3o e inclus\u00e3o no servi\u00e7o p\u00fablico"},"content":{"rendered":"<p>O Governo de Mato Grosso do Sul realiza, nos dias 15 e 16 de julho, o 4\u00ba Encontro de Gestores de Pessoas no Setor P\u00fablico, no Centro de Conven\u00e7\u00f5es Arquiteto Rubens Gil de Camillo, em Campo Grande. A iniciativa \u00e9 da Secretaria de Estado de Administra\u00e7\u00e3o (SAD), com apoio da Escolagov MS, Sead (Secretaria de Estado de Assist\u00eancia Social e Direitos Humanos), por meio da Secretaria-Executiva de Direitos Humanos, e Tribunal de Contas de MS.<\/p>\n<p>Tend\u00eancias, estrat\u00e9gias e inova\u00e7\u00e3o na gest\u00e3o de pessoas s\u00e3o temas com palestras voltadas para a transforma\u00e7\u00e3o e moderniza\u00e7\u00e3o dos processos de gest\u00e3o de pessoas, com alta performance no setor p\u00fablico de MS. O encontro vai oferecer uma perspectiva abrangente aos servidores p\u00fablicos, que atuam na \u00e1rea de gest\u00e3o de pessoas, nos Poderes Executivo, Legislativo e Judici\u00e1rio, Defensoria P\u00fablica, Minist\u00e9rio P\u00fablico e Tribunal de Contas do Estado. As inscri\u00e7\u00f5es seguem abertas at\u00e9 esta segunda-feira (14), pelo portal da Escola de Governo de MS (Clique aqui e se inscreva).<\/p>\n<p>Uma novidade de 2025, o encontro tamb\u00e9m abre inscri\u00e7\u00f5es para estudantes universit\u00e1rios, com o objetivo de fomentar a inova\u00e7\u00e3o e vis\u00e3o estrat\u00e9gica de gest\u00e3o p\u00fablica em futuros profissionais. O evento integra o programa de Gest\u00e3o de Pessoas para o Futuro do Governo do Estado, com foco na capacita\u00e7\u00e3o dos servidores e a moderniza\u00e7\u00e3o da Administra\u00e7\u00e3o P\u00fablica em gest\u00e3o de pessoas.<\/p>\n<p>O encontro ter\u00e1 palestras com especialistas de renome nacional, abordando temas como inova\u00e7\u00e3o, comunica\u00e7\u00e3o, sa\u00fade mental, neurolideran\u00e7a, combate ao ass\u00e9dio no ambiente de trabalho, gest\u00e3o estrat\u00e9gica de pessoas, moderniza\u00e7\u00e3o da Administra\u00e7\u00e3o P\u00fablica, lideran\u00e7a e pol\u00edticas p\u00fablicas de equidade \u00e9tnico-racial e de g\u00eanero.<\/p>\n<p>Para o secret\u00e1rio de Estado de Administra\u00e7\u00e3o, Frederico Felini, o evento marca mais um passo na consolida\u00e7\u00e3o de uma gest\u00e3o p\u00fablica eficiente, voltada para as pessoas. \u201cEstamos reunindo experi\u00eancias e especialistas que apontam caminhos para uma gest\u00e3o mais eficiente, emp\u00e1tica e conectada com a realidade social. \u00c9 um encontro com prop\u00f3sito, constru\u00eddo para inspirar o futuro da Administra\u00e7\u00e3o P\u00fablica moderna e com prop\u00f3sito em solucionar os desafios do servi\u00e7o p\u00fablico e melhorar as entregas para a popula\u00e7\u00e3o\u201d, pontua Felini.<\/p>\n<p>A programa\u00e7\u00e3o inclui nomes como o historiador e escritor Leandro Karnal, que encerrar\u00e1 o encontro com a palestra \u201cGest\u00e3o com Pessoas\u201d, al\u00e9m da fil\u00f3sofa e escritora Djamila Ribeiro, que tratar\u00e1 de equidade de g\u00eanero e ra\u00e7a. A jornalista Val\u00e9ria Almeida (TV Globo), o especialista em neurolideran\u00e7a Rafael Nunes, a doutora em Direito Administrativo e professora da FGV, Vera Monteiro, e o pesquisador em inova\u00e7\u00e3o Genesson Honorato tamb\u00e9m est\u00e3o entre os palestrantes.<\/p>\n<p>De acordo com a superintendente de Gest\u00e3o e Desenvolvimento de Pessoas da SAD, L\u00e9a Ribeiro, a proposta do evento \u00e9 provocar reflex\u00f5es e oferecer ferramentas pr\u00e1ticas para os gestores que lidam com pessoas no setor p\u00fablico. \u201cAcreditamos que a transforma\u00e7\u00e3o do servi\u00e7o p\u00fablico come\u00e7a pelas pessoas. Criar espa\u00e7os de escuta, forma\u00e7\u00e3o e troca entre os profissionais de gest\u00e3o \u00e9 fortalecer as bases da Administra\u00e7\u00e3o P\u00fablica com intelig\u00eancia, sensibilidade e prop\u00f3sito\u201d, afirmou.<\/p>\n<p>A realiza\u00e7\u00e3o conta ainda com apoio da Escolagov, TCE-MS, Assomasul, Cassems, Unisa\u00fade e Movimento Pessoas \u00e0 Frente, grupo que fomenta o estudo e desenvolvimento de pol\u00edticas para a moderniza\u00e7\u00e3o do Estado.<\/p>\n<p>Para o secret\u00e1rio-executivo de Direitos Humanos, Ben-Hur Ferreira, a parceria refor\u00e7a o compromisso do Estado com uma cultura p\u00fablica voltada \u00e0 dignidade e \u00e0 diversidade. \u201cFalar de gest\u00e3o de pessoas \u00e9 tamb\u00e9m falar de justi\u00e7a e inclus\u00e3o. A constru\u00e7\u00e3o de pol\u00edticas p\u00fablicas eficazes come\u00e7a pelo fortalecimento dos valores humanos, de diversidade e de fomento \u00e0 inova\u00e7\u00e3o por meio da pluralidade nas institui\u00e7\u00f5es.\u201d<\/p>\n<p>Al\u00e9m das palestras, o evento conta com espa\u00e7os de intera\u00e7\u00e3o, atra\u00e7\u00f5es culturais e a\u00e7\u00f5es de cuidado com os servidores. A organiza\u00e7\u00e3o envolve ainda apoio da Escolagov, TCE-MS, Assomossul, Cassems, Unisa\u00fade e Movimento Pessoas \u00e0 Frente.<\/p>\n","protected":false},"excerpt":{"rendered":"<p>O Governo de Mato Grosso do Sul realiza, nos dias 15 e 16 de julho,&#8230;<\/p>\n","protected":false},"author":13,"featured_media":11770716,"comment_status":"closed","ping_status":"closed","sticky":false,"template":"","format":"standard","meta":{"footnotes":""},"categories":[8],"tags":[],"class_list":["post-11770715","post","type-post","status-publish","format-standard","has-post-thumbnail","hentry","category-destaque"],"_links":{"self":[{"href":"https:\/\/www.corumbaonline.com.br\/news\/wp-json\/wp\/v2\/posts\/11770715","targetHints":{"allow":["GET"]}}],"collection":[{"href":"https:\/\/www.corumbaonline.com.br\/news\/wp-json\/wp\/v2\/posts"}],"about":[{"href":"https:\/\/www.corumbaonline.com.br\/news\/wp-json\/wp\/v2\/types\/post"}],"author":[{"embeddable":true,"href":"https:\/\/www.corumbaonline.com.br\/news\/wp-json\/wp\/v2\/users\/13"}],"replies":[{"embeddable":true,"href":"https:\/\/www.corumbaonline.com.br\/news\/wp-json\/wp\/v2\/comments?post=11770715"}],"version-history":[{"count":1,"href":"https:\/\/www.corumbaonline.com.br\/news\/wp-json\/wp\/v2\/posts\/11770715\/revisions"}],"predecessor-version":[{"id":11770717,"href":"https:\/\/www.corumbaonline.com.br\/news\/wp-json\/wp\/v2\/posts\/11770715\/revisions\/11770717"}],"wp:featuredmedia":[{"embeddable":true,"href":"https:\/\/www.corumbaonline.com.br\/news\/wp-json\/wp\/v2\/media\/11770716"}],"wp:attachment":[{"href":"https:\/\/www.corumbaonline.com.br\/news\/wp-json\/wp\/v2\/media?parent=11770715"}],"wp:term":[{"taxonomy":"category","embeddable":true,"href":"https:\/\/www.corumbaonline.com.br\/news\/wp-json\/wp\/v2\/categories?post=11770715"},{"taxonomy":"post_tag","embeddable":true,"href":"https:\/\/www.corumbaonline.com.br\/news\/wp-json\/wp\/v2\/tags?post=11770715"}],"curies":[{"name":"wp","href":"https:\/\/api.w.org\/{rel}","templated":true}]}}