{"id":11770760,"date":"2025-07-15T11:53:32","date_gmt":"2025-07-15T15:53:32","guid":{"rendered":"https:\/\/www.corumbaonline.com.br\/news\/?p=11770760"},"modified":"2025-07-15T11:53:34","modified_gmt":"2025-07-15T15:53:34","slug":"pgr-diz-que-mauro-cid-omitiu-informacoes-e-propoe-reducao-de-apenas-1-3-de-eventual-pena","status":"publish","type":"post","link":"https:\/\/www.corumbaonline.com.br\/news\/pgr-diz-que-mauro-cid-omitiu-informacoes-e-propoe-reducao-de-apenas-1-3-de-eventual-pena\/","title":{"rendered":"PGR diz que Mauro Cid omitiu informa\u00e7\u00f5es e prop\u00f5e redu\u00e7\u00e3o de apenas 1\/3 de eventual pena"},"content":{"rendered":"\n<p>A&nbsp;<strong>Procuradoria-Geral da Rep\u00fablica<\/strong>&nbsp;(PGR) criticou o comportamento do ex-ajudante de ordens de Jair Bolsonaro,<strong>&nbsp;Mauro Cid<\/strong>, no processo de&nbsp;<strong>dela\u00e7\u00e3o premiada&nbsp;<\/strong>firmada com o Minist\u00e9rio P\u00fablico (MP).<\/p>\n\n\n\n<p>Apesar de reconhecer a contribui\u00e7\u00e3o de Cid para o esclarecimento dos fatos, a PGR disse que o tenente-coronel<strong>&nbsp;omitiu informa\u00e7\u00f5es relevantes&nbsp;<\/strong>e resistiu ao cumprimento integral das obriga\u00e7\u00f5es pactuadas.<\/p>\n\n\n\n<p>Segundo o documento, assinado pelo procurador-geral da Rep\u00fablica,&nbsp;<strong>Paulo&nbsp;<\/strong><strong>Gonet<\/strong>, o comportamento do ex-ajudante de ordens foi \u201ccontradit\u00f3rio\u201d e<strong>&nbsp;comprometeu parte da efetividade da colabora\u00e7\u00e3o<\/strong>.<\/p>\n\n\n\n<p>\u201cDiante do comportamento contradit\u00f3rio, marcado por omiss\u00f5es e resist\u00eancia ao cumprimento integral das obriga\u00e7\u00f5es pactuadas, entende-se que a redu\u00e7\u00e3o da pena deva ser fixada em patamar m\u00ednimo\u201d, diz a pe\u00e7a entre as p\u00e1ginas 511 e 514.<\/p>\n\n\n\n<p>Por isso, a PGR&nbsp;<strong>descarta&nbsp;<\/strong>a concess\u00e3o de&nbsp;<strong>perd\u00e3o judicial<\/strong>&nbsp;e a possibilidade de&nbsp;<strong>convers\u00e3o autom\u00e1tica da pena&nbsp;<\/strong>privativa de liberdade em restritiva de direitos. De acordo com o MP, tais benef\u00edcios exigem \u201ccolabora\u00e7\u00e3o efetiva, integral e pautada pela boa-f\u00e9\u201d.<\/p>\n\n\n\n<p>A proposta da entidade \u00e9 que Mauro Cid receba&nbsp;<strong>redu\u00e7\u00e3o de 1\/3 da pena<\/strong>, como forma de reconhecimento por sua contribui\u00e7\u00e3o, ainda que parcial.<\/p>\n\n\n\n<p>\u201cA Procuradoria-Geral da Rep\u00fablica, enfim, sugere que os benef\u00edcios decorrentes do acordo de colabora\u00e7\u00e3o premiada sejam concedidos com estrita observ\u00e2ncia ao princ\u00edpio da proporcionalidade, levando-se em conta n\u00e3o apenas a efetiva contribui\u00e7\u00e3o do colaborador para o esclarecimento dos fatos, mas tamb\u00e9m o grau de lealdade demonstrado ao longo do procedimento\u201d, conclui o documento.<\/p>\n","protected":false},"excerpt":{"rendered":"<p>A&nbsp;Procuradoria-Geral da Rep\u00fablica&nbsp;(PGR) criticou o comportamento do ex-ajudante de ordens de Jair Bolsonaro,&nbsp;Mauro Cid, no&#8230;<\/p>\n","protected":false},"author":145,"featured_media":0,"comment_status":"closed","ping_status":"closed","sticky":false,"template":"","format":"standard","meta":{"footnotes":""},"categories":[14],"tags":[],"class_list":["post-11770760","post","type-post","status-publish","format-standard","hentry","category-geral"],"_links":{"self":[{"href":"https:\/\/www.corumbaonline.com.br\/news\/wp-json\/wp\/v2\/posts\/11770760","targetHints":{"allow":["GET"]}}],"collection":[{"href":"https:\/\/www.corumbaonline.com.br\/news\/wp-json\/wp\/v2\/posts"}],"about":[{"href":"https:\/\/www.corumbaonline.com.br\/news\/wp-json\/wp\/v2\/types\/post"}],"author":[{"embeddable":true,"href":"https:\/\/www.corumbaonline.com.br\/news\/wp-json\/wp\/v2\/users\/145"}],"replies":[{"embeddable":true,"href":"https:\/\/www.corumbaonline.com.br\/news\/wp-json\/wp\/v2\/comments?post=11770760"}],"version-history":[{"count":1,"href":"https:\/\/www.corumbaonline.com.br\/news\/wp-json\/wp\/v2\/posts\/11770760\/revisions"}],"predecessor-version":[{"id":11770761,"href":"https:\/\/www.corumbaonline.com.br\/news\/wp-json\/wp\/v2\/posts\/11770760\/revisions\/11770761"}],"wp:attachment":[{"href":"https:\/\/www.corumbaonline.com.br\/news\/wp-json\/wp\/v2\/media?parent=11770760"}],"wp:term":[{"taxonomy":"category","embeddable":true,"href":"https:\/\/www.corumbaonline.com.br\/news\/wp-json\/wp\/v2\/categories?post=11770760"},{"taxonomy":"post_tag","embeddable":true,"href":"https:\/\/www.corumbaonline.com.br\/news\/wp-json\/wp\/v2\/tags?post=11770760"}],"curies":[{"name":"wp","href":"https:\/\/api.w.org\/{rel}","templated":true}]}}