{"id":11770775,"date":"2025-07-16T08:21:00","date_gmt":"2025-07-16T12:21:00","guid":{"rendered":"https:\/\/www.corumbaonline.com.br\/news\/?p=11770775"},"modified":"2025-07-16T08:58:02","modified_gmt":"2025-07-16T12:58:02","slug":"governo-encerra-seminarios-regionais-do-ms-ativo-e-consolida-parceria-inedita-com-todos-os-municipios-de-ms","status":"publish","type":"post","link":"https:\/\/www.corumbaonline.com.br\/news\/governo-encerra-seminarios-regionais-do-ms-ativo-e-consolida-parceria-inedita-com-todos-os-municipios-de-ms\/","title":{"rendered":"Governo encerra semin\u00e1rios regionais do MS Ativo e consolida parceria in\u00e9dita com todos os munic\u00edpios de MS"},"content":{"rendered":"<p>O Governo de Mato Grosso do Sul concluiu nesta ter\u00e7a-feira (15), em Corumb\u00e1, a s\u00e9rie de semin\u00e1rios regionais do MS Ativo Municipalismo, programa inovador que percorreu todas as regi\u00f5es do Estado para fomentar a gest\u00e3o p\u00fablica municipal e aproximar as pol\u00edticas estaduais das realidades locais.<\/p>\n<p>Ao longo de nove encontros, o MS Ativo reuniu cerca de 3 mil participantes entre prefeitos, vice-prefeitos, vereadores, secret\u00e1rios municipais e equipes t\u00e9cnicas, consolidando um modelo de trabalho baseado em dados, coopera\u00e7\u00e3o e resultados concretos.<\/p>\n<p><img loading=\"lazy\" decoding=\"async\" class=\"alignleft size-medium wp-image-516339\" src=\"https:\/\/agenciadenoticias.ms.gov.br\/wp-content\/uploads\/2025\/07\/99EF8C64-E251-4A09-8988-B3BF20E13B4A-1-300x200.jpeg\" sizes=\"auto, (max-width: 300px) 100vw, 300px\" srcset=\"https:\/\/agenciadenoticias.ms.gov.br\/wp-content\/uploads\/2025\/07\/99EF8C64-E251-4A09-8988-B3BF20E13B4A-1-300x200.jpeg 300w, https:\/\/agenciadenoticias.ms.gov.br\/wp-content\/uploads\/2025\/07\/99EF8C64-E251-4A09-8988-B3BF20E13B4A-1-1024x683.jpeg 1024w, https:\/\/agenciadenoticias.ms.gov.br\/wp-content\/uploads\/2025\/07\/99EF8C64-E251-4A09-8988-B3BF20E13B4A-1-768x512.jpeg 768w, https:\/\/agenciadenoticias.ms.gov.br\/wp-content\/uploads\/2025\/07\/99EF8C64-E251-4A09-8988-B3BF20E13B4A-1-1536x1024.jpeg 1536w, https:\/\/agenciadenoticias.ms.gov.br\/wp-content\/uploads\/2025\/07\/99EF8C64-E251-4A09-8988-B3BF20E13B4A-1-2048x1365.jpeg 2048w, https:\/\/agenciadenoticias.ms.gov.br\/wp-content\/uploads\/2025\/07\/99EF8C64-E251-4A09-8988-B3BF20E13B4A-1-350x232.jpeg 350w, https:\/\/agenciadenoticias.ms.gov.br\/wp-content\/uploads\/2025\/07\/99EF8C64-E251-4A09-8988-B3BF20E13B4A-1-scaled.jpeg 1920w\" alt=\"\" width=\"300\" height=\"200\" \/>Presente no encerramento, o vice-governador Jos\u00e9 Carlos Barbosa, o Barbosinha, ressaltou a import\u00e2ncia do alinhamento entre Estado e munic\u00edpios.<\/p>\n<p>\u201cDesenvolvimento s\u00f3 acontece quando Estado e munic\u00edpios trabalham juntos. O MS Ativo leva gest\u00e3o, planejamento e apoio t\u00e9cnico a cada canto do Estado. Queremos ver o progresso chegar a todas as cidades, sem deixar ningu\u00e9m para tr\u00e1s,\u201d disse Barbosinha.<\/p>\n<p><img loading=\"lazy\" decoding=\"async\" class=\"size-medium wp-image-516340 alignleft\" src=\"https:\/\/agenciadenoticias.ms.gov.br\/wp-content\/uploads\/2025\/07\/C9615A98-31FB-4B25-AAD1-F459BD1B3B6D-1-300x200.jpeg\" sizes=\"auto, (max-width: 300px) 100vw, 300px\" srcset=\"https:\/\/agenciadenoticias.ms.gov.br\/wp-content\/uploads\/2025\/07\/C9615A98-31FB-4B25-AAD1-F459BD1B3B6D-1-300x200.jpeg 300w, https:\/\/agenciadenoticias.ms.gov.br\/wp-content\/uploads\/2025\/07\/C9615A98-31FB-4B25-AAD1-F459BD1B3B6D-1-1024x683.jpeg 1024w, https:\/\/agenciadenoticias.ms.gov.br\/wp-content\/uploads\/2025\/07\/C9615A98-31FB-4B25-AAD1-F459BD1B3B6D-1-768x512.jpeg 768w, https:\/\/agenciadenoticias.ms.gov.br\/wp-content\/uploads\/2025\/07\/C9615A98-31FB-4B25-AAD1-F459BD1B3B6D-1-1536x1024.jpeg 1536w, https:\/\/agenciadenoticias.ms.gov.br\/wp-content\/uploads\/2025\/07\/C9615A98-31FB-4B25-AAD1-F459BD1B3B6D-1-2048x1365.jpeg 2048w, https:\/\/agenciadenoticias.ms.gov.br\/wp-content\/uploads\/2025\/07\/C9615A98-31FB-4B25-AAD1-F459BD1B3B6D-1-350x232.jpeg 350w, https:\/\/agenciadenoticias.ms.gov.br\/wp-content\/uploads\/2025\/07\/C9615A98-31FB-4B25-AAD1-F459BD1B3B6D-1-scaled.jpeg 1920w\" alt=\"\" width=\"300\" height=\"200\" \/>O programa MS Ativo foi idealizado para unir duas dimens\u00f5es fundamentais da administra\u00e7\u00e3o p\u00fablica: a pol\u00edtica, que aproxima governo e lideran\u00e7as municipais, e a t\u00e9cnica, que capacita as equipes para implementar pol\u00edticas p\u00fablicas de forma eficiente.<\/p>\n<p>Nos encontros, foram aplicadas oficinas pr\u00e1ticas nas \u00e1reas de sa\u00fade, educa\u00e7\u00e3o, assist\u00eancia social, infraestrutura e ambiente de neg\u00f3cios, al\u00e9m de espa\u00e7o para diagn\u00f3stico das realidades locais e pactua\u00e7\u00e3o de compromissos.<\/p>\n<p>O secret\u00e1rio da Casa Civil, Eduardo Rocha, destacou a pr\u00f3xima etapa do trabalho. \u201cEncerramos os encontros regionais e estamos prontos para avan\u00e7ar ainda mais. O foco agora \u00e9 resolver problemas concretos e entregar resultados,\u201d afirmou Rocha.<\/p>\n<p><img loading=\"lazy\" decoding=\"async\" class=\"alignleft size-medium wp-image-516341\" src=\"https:\/\/agenciadenoticias.ms.gov.br\/wp-content\/uploads\/2025\/07\/4EBC12DB-4892-4C65-BD83-1545897F074A-1-300x200.jpeg\" sizes=\"auto, (max-width: 300px) 100vw, 300px\" srcset=\"https:\/\/agenciadenoticias.ms.gov.br\/wp-content\/uploads\/2025\/07\/4EBC12DB-4892-4C65-BD83-1545897F074A-1-300x200.jpeg 300w, https:\/\/agenciadenoticias.ms.gov.br\/wp-content\/uploads\/2025\/07\/4EBC12DB-4892-4C65-BD83-1545897F074A-1-1024x683.jpeg 1024w, https:\/\/agenciadenoticias.ms.gov.br\/wp-content\/uploads\/2025\/07\/4EBC12DB-4892-4C65-BD83-1545897F074A-1-768x512.jpeg 768w, https:\/\/agenciadenoticias.ms.gov.br\/wp-content\/uploads\/2025\/07\/4EBC12DB-4892-4C65-BD83-1545897F074A-1-1536x1024.jpeg 1536w, https:\/\/agenciadenoticias.ms.gov.br\/wp-content\/uploads\/2025\/07\/4EBC12DB-4892-4C65-BD83-1545897F074A-1-2048x1365.jpeg 2048w, https:\/\/agenciadenoticias.ms.gov.br\/wp-content\/uploads\/2025\/07\/4EBC12DB-4892-4C65-BD83-1545897F074A-1-350x232.jpeg 350w, https:\/\/agenciadenoticias.ms.gov.br\/wp-content\/uploads\/2025\/07\/4EBC12DB-4892-4C65-BD83-1545897F074A-1-scaled.jpeg 1920w\" alt=\"\" width=\"300\" height=\"200\" \/>J\u00e1 o secret\u00e1rio-executivo de Gest\u00e3o Estrat\u00e9gica e Municipalismo, Thanner Castro Nogueira, fez um balan\u00e7o positivo dos encontros.<\/p>\n<p>\u201cTivemos quase 3 mil participantes em nove encontros. Foi um movimento importante para fortalecer as equipes t\u00e9cnicas e garantir que as decis\u00f5es se tornem entregas reais. O encerramento em Corumb\u00e1 foi especial, porque adaptamos o MS Ativo \u00e0s necessidades locais,\u201d explicou Thanner.<\/p>\n<p><strong>Voz dos munic\u00edpios<\/strong><\/p>\n<p><img loading=\"lazy\" decoding=\"async\" class=\"size-medium wp-image-516332 alignright\" src=\"https:\/\/agenciadenoticias.ms.gov.br\/wp-content\/uploads\/2025\/07\/0BB4AC1F-D975-4EDF-BDE0-4E451C8B081D-300x200.jpeg\" sizes=\"auto, (max-width: 300px) 100vw, 300px\" srcset=\"https:\/\/agenciadenoticias.ms.gov.br\/wp-content\/uploads\/2025\/07\/0BB4AC1F-D975-4EDF-BDE0-4E451C8B081D-300x200.jpeg 300w, https:\/\/agenciadenoticias.ms.gov.br\/wp-content\/uploads\/2025\/07\/0BB4AC1F-D975-4EDF-BDE0-4E451C8B081D-1024x683.jpeg 1024w, https:\/\/agenciadenoticias.ms.gov.br\/wp-content\/uploads\/2025\/07\/0BB4AC1F-D975-4EDF-BDE0-4E451C8B081D-768x512.jpeg 768w, https:\/\/agenciadenoticias.ms.gov.br\/wp-content\/uploads\/2025\/07\/0BB4AC1F-D975-4EDF-BDE0-4E451C8B081D-1536x1024.jpeg 1536w, https:\/\/agenciadenoticias.ms.gov.br\/wp-content\/uploads\/2025\/07\/0BB4AC1F-D975-4EDF-BDE0-4E451C8B081D-2048x1365.jpeg 2048w, https:\/\/agenciadenoticias.ms.gov.br\/wp-content\/uploads\/2025\/07\/0BB4AC1F-D975-4EDF-BDE0-4E451C8B081D-350x232.jpeg 350w, https:\/\/agenciadenoticias.ms.gov.br\/wp-content\/uploads\/2025\/07\/0BB4AC1F-D975-4EDF-BDE0-4E451C8B081D-scaled.jpeg 1920w\" alt=\"\" width=\"300\" height=\"200\" \/>Representando as prefeituras de Corumb\u00e1 e Lad\u00e1rio, a vice-prefeita de Corumb\u00e1, Bia Cavassa, afirmou que o MS Ativo representa um marco na rela\u00e7\u00e3o entre Estado e munic\u00edpios.<\/p>\n<p>\u201cO MS Ativo fortalece o di\u00e1logo entre Estado e munic\u00edpios, traz capacita\u00e7\u00e3o e solu\u00e7\u00f5es pr\u00e1ticas para os desafios do dia a dia. Para Corumb\u00e1, participar \u00e9 essencial,\u201d afirmou Bia.<\/p>\n<p><img loading=\"lazy\" decoding=\"async\" class=\"size-medium wp-image-516374 alignright\" src=\"https:\/\/agenciadenoticias.ms.gov.br\/wp-content\/uploads\/2025\/07\/WhatsApp-Image-2025-07-15-at-16.10.00-300x200.jpeg\" sizes=\"auto, (max-width: 300px) 100vw, 300px\" srcset=\"https:\/\/agenciadenoticias.ms.gov.br\/wp-content\/uploads\/2025\/07\/WhatsApp-Image-2025-07-15-at-16.10.00-300x200.jpeg 300w, https:\/\/agenciadenoticias.ms.gov.br\/wp-content\/uploads\/2025\/07\/WhatsApp-Image-2025-07-15-at-16.10.00-1024x683.jpeg 1024w, https:\/\/agenciadenoticias.ms.gov.br\/wp-content\/uploads\/2025\/07\/WhatsApp-Image-2025-07-15-at-16.10.00-768x512.jpeg 768w, https:\/\/agenciadenoticias.ms.gov.br\/wp-content\/uploads\/2025\/07\/WhatsApp-Image-2025-07-15-at-16.10.00-1536x1024.jpeg 1536w, https:\/\/agenciadenoticias.ms.gov.br\/wp-content\/uploads\/2025\/07\/WhatsApp-Image-2025-07-15-at-16.10.00-2048x1366.jpeg 2048w, https:\/\/agenciadenoticias.ms.gov.br\/wp-content\/uploads\/2025\/07\/WhatsApp-Image-2025-07-15-at-16.10.00-350x232.jpeg 350w, https:\/\/agenciadenoticias.ms.gov.br\/wp-content\/uploads\/2025\/07\/WhatsApp-Image-2025-07-15-at-16.10.00-scaled.jpeg 1920w\" alt=\"\" width=\"300\" height=\"200\" \/>Para a servidora p\u00fablica Nazira Costa, chefe de gabinete da Prefeitura de Corumb\u00e1, o MS Ativo representa integra\u00e7\u00e3o e resultados.<\/p>\n<p>\u201cO programa vai trazer benef\u00edcios concretos para Corumb\u00e1 e Lad\u00e1rio. Ele integra Estado e munic\u00edpios, ajuda a alcan\u00e7ar metas e melhora o atendimento \u00e0 popula\u00e7\u00e3o,\u201d destacou Nazira.<\/p>\n<p><strong>Resultados concretos<\/strong><\/p>\n<p>Desde o in\u00edcio do MS Ativo, em 2024, o programa j\u00e1 acumula n\u00fameros expressivos:<\/p>\n<ul>\n<li>52 munic\u00edpios aderiram \u00e0 fase 3 do programa;<\/li>\n<li>193 planos de a\u00e7\u00e3o foram elaborados;<\/li>\n<li>882 a\u00e7\u00f5es foram selecionadas pelos munic\u00edpios;<\/li>\n<li>R$ 600 milh\u00f5es investidos em conv\u00eanios;<\/li>\n<li>1.095 entregas j\u00e1 foram realizadas;<\/li>\n<\/ul>\n<p>Para 2025, o MS Ativo projeta um investimento de R$ 1 bilh\u00e3o em infraestrutura em todos os 79 munic\u00edpios do Estado, consolidando o compromisso de interiorizar o desenvolvimento e reduzir desigualdades regionais.<\/p>\n<p>\u201cCada obra do MS Ativo \u00e9 fruto da parceria entre Estado e munic\u00edpios. Queremos que nenhum sul-mato-grossense fique para tr\u00e1s, seja na Capital ou em regi\u00f5es distantes como Corumb\u00e1,\u201d finalizou Barbosinha.<\/p>\n<p>O encerramento em Corumb\u00e1 marca o in\u00edcio de uma nova fase do programa, agora voltada \u00e0 execu\u00e7\u00e3o das a\u00e7\u00f5es pactuadas, consolida\u00e7\u00e3o dos indicadores e fortalecimento da parceria entre o governo estadual e as prefeituras.<\/p>\n","protected":false},"excerpt":{"rendered":"<p>O Governo de Mato Grosso do Sul concluiu nesta ter\u00e7a-feira (15), em Corumb\u00e1, a s\u00e9rie&#8230;<\/p>\n","protected":false},"author":13,"featured_media":11770776,"comment_status":"closed","ping_status":"closed","sticky":false,"template":"","format":"standard","meta":{"footnotes":""},"categories":[8,14],"tags":[],"class_list":["post-11770775","post","type-post","status-publish","format-standard","has-post-thumbnail","hentry","category-destaque","category-geral"],"_links":{"self":[{"href":"https:\/\/www.corumbaonline.com.br\/news\/wp-json\/wp\/v2\/posts\/11770775","targetHints":{"allow":["GET"]}}],"collection":[{"href":"https:\/\/www.corumbaonline.com.br\/news\/wp-json\/wp\/v2\/posts"}],"about":[{"href":"https:\/\/www.corumbaonline.com.br\/news\/wp-json\/wp\/v2\/types\/post"}],"author":[{"embeddable":true,"href":"https:\/\/www.corumbaonline.com.br\/news\/wp-json\/wp\/v2\/users\/13"}],"replies":[{"embeddable":true,"href":"https:\/\/www.corumbaonline.com.br\/news\/wp-json\/wp\/v2\/comments?post=11770775"}],"version-history":[{"count":1,"href":"https:\/\/www.corumbaonline.com.br\/news\/wp-json\/wp\/v2\/posts\/11770775\/revisions"}],"predecessor-version":[{"id":11770777,"href":"https:\/\/www.corumbaonline.com.br\/news\/wp-json\/wp\/v2\/posts\/11770775\/revisions\/11770777"}],"wp:featuredmedia":[{"embeddable":true,"href":"https:\/\/www.corumbaonline.com.br\/news\/wp-json\/wp\/v2\/media\/11770776"}],"wp:attachment":[{"href":"https:\/\/www.corumbaonline.com.br\/news\/wp-json\/wp\/v2\/media?parent=11770775"}],"wp:term":[{"taxonomy":"category","embeddable":true,"href":"https:\/\/www.corumbaonline.com.br\/news\/wp-json\/wp\/v2\/categories?post=11770775"},{"taxonomy":"post_tag","embeddable":true,"href":"https:\/\/www.corumbaonline.com.br\/news\/wp-json\/wp\/v2\/tags?post=11770775"}],"curies":[{"name":"wp","href":"https:\/\/api.w.org\/{rel}","templated":true}]}}