{"id":11770797,"date":"2025-07-16T10:21:00","date_gmt":"2025-07-16T14:21:00","guid":{"rendered":"https:\/\/www.corumbaonline.com.br\/news\/?p=11770797"},"modified":"2025-07-16T11:08:33","modified_gmt":"2025-07-16T15:08:33","slug":"jovens-de-corumba-e-ladario-tem-oportunidade-de-curso-gratuito-de-condutores","status":"publish","type":"post","link":"https:\/\/www.corumbaonline.com.br\/news\/jovens-de-corumba-e-ladario-tem-oportunidade-de-curso-gratuito-de-condutores\/","title":{"rendered":"Jovens de Corumb\u00e1 e Lad\u00e1rio t\u00eam oportunidade de curso gratuito de condutores"},"content":{"rendered":"<p>Jovens com idade entre 18 e 29 anos, que moram em Corumb\u00e1 ou Lad\u00e1rio, t\u00eam a oportunidade de uma forma\u00e7\u00e3o gratuita para serem condutores locais. O curso \u201cCondutores Pantaneiros: conectando hist\u00f3rias e paisagens\u201d est\u00e1 com inscri\u00e7\u00f5es abertas a partir deste 14 de julho at\u00e9 dia 31 de julho. O lan\u00e7amento das inscri\u00e7\u00f5es acontece neste dia 14 de agosto de 2025, no 2\u00ba Encontro \u201cCorumb\u00e1 +Turismo\u201d, evento marcado para o audit\u00f3rio do Sindicato Rural de Corumb\u00e1 (Avenida General Rondon, 1033), a partir das 18h30.<\/p>\n<p>A capacita\u00e7\u00e3o para os jovens que vivem nas zonas urbanas da Capital do Pantantal e da P\u00e9rola do Pantanal \u00e9 realizada pelo Instituto Homem Pantaneiro (IHP), com parceria do\u00a0<strong><a title=\"\" href=\"https:\/\/instituto-localiza.azurewebsites.net\/\" target=\"_blank\" rel=\"noopener\">Instituto Localiza<\/a><\/strong>\u00a0e apoio da Prefeitura de Corumb\u00e1, por meio da Funda\u00e7\u00e3o de Turismo do Pantanal (FUNDTUR PANTANAL) \u2013 Funda\u00e7\u00e3o de Desenvolvimento Urbano e Patrim\u00f4nio Hist\u00f3rico de Corumb\u00e1 (Fuphan) \u2013 Funda\u00e7\u00e3o de Meio Ambiente do Pantanal -, da Associa\u00e7\u00e3o Brasileira das Empresas de Ecoturismo e Turismo de Aventura (ABETA), da Funda\u00e7\u00e3o de Turismo de Mato Grosso do Sul (FUNDTUR MS) e do Sebrae\/MS.<\/p>\n<p>A diretora executiva do Instituto Localiza, Alessandra Peixoto, refor\u00e7a que a iniciativa contribui como ferramenta para a mobilidade social tanto na Capital do Pantanal, como na P\u00e9rola do Pantanal. \u201cAcreditamos que a mobilidade social se constr\u00f3i conectando jovens \u00e0s oportunidades em suas regi\u00f5es. Apoiar este curso do IHP \u00e9 gerar novas possibilidades econ\u00f4micas e culturais no Pantanal, permitindo que os jovens encontrem sentido, renda e trabalho sem deixar suas ra\u00edzes.\u201d<\/p>\n<p>O curso tem mais 200 horas de carga hor\u00e1ria, \u00e9 totalmente gratuito, com aulas t\u00e9orias e pr\u00e1ticas a serem realizadas sempre aos s\u00e1bados, a partir de 6 de setembro. As inscri\u00e7\u00f5es devem ser feitas por meio deste\u00a0<strong><a title=\"\" href=\"https:\/\/bit.ly\/condutores-pantaneiros-ihp\" target=\"_blank\" rel=\"noopener\">link<\/a><\/strong>\u00a0ou no endere\u00e7o\u00a0<strong><a title=\"\" href=\"https:\/\/bit.ly\/condutores-pantaneiros-ihp\" target=\"_blank\" rel=\"noopener\">https:\/\/bit.ly\/condutores-pantaneiros-ihp<\/a><\/strong>.<\/p>\n<p>A gestora t\u00e9cnica de projetos do IHP, Isabelle Bueno, destaca que essa forma\u00e7\u00e3o quer valorizar o engajamento dos jovens para fomentar novas oportunidades no turismo do Pantanal. \u201cO objetivo do projeto \u00e9 capacitar jovens moradores das \u00e1reas urbanas de Corumb\u00e1 e Lad\u00e1rio para estarem aptos a trabalhar como condutores locais, capazes de compartilhar saberes, hist\u00f3rias e paisagens do Pantanal com visitantes e comunidades.\u201d<\/p>\n<p><strong>Confira os crit\u00e9rios para participar:<\/strong><\/p>\n<ul class=\"wp-block-list\">\n<li>Idade entre 18 e 29 anos;<\/li>\n<li>Resid\u00eancia comprovada nas \u00e1reas urbanas de Corumb\u00e1 (Capital do Pantanal) ou Lad\u00e1rio (P\u00e9rola do Pantanal);<\/li>\n<li>Interesse por hist\u00f3ria local, cultura pantaneira, turismo sustent\u00e1vel e meio ambiente;<\/li>\n<li>Disponibilidade para participar de todas as etapas da forma\u00e7\u00e3o e entrevistas;<\/li>\n<li>Perfil participativo na comunidade local (projetos, coletivos, escolas, iniciativas culturais ou ambientais);<\/li>\n<li>Valorizamos a diversidade: incentivamos candidaturas de todas as regi\u00f5es das cidades, g\u00eaneros, etnias e forma\u00e7\u00f5es.<\/li>\n<\/ul>\n<figure class=\"wp-block-image size-full\"><img loading=\"lazy\" decoding=\"async\" class=\"wp-image-4066 entered lazyloaded\" src=\"https:\/\/institutohomempantaneiro.org.br\/wp-content\/uploads\/2025\/07\/ladario-cidade-1.jpeg\" sizes=\"auto, (max-width: 1000px) 100vw, 1000px\" srcset=\"https:\/\/institutohomempantaneiro.org.br\/wp-content\/uploads\/2025\/07\/ladario-cidade-1.jpeg 1000w, https:\/\/institutohomempantaneiro.org.br\/wp-content\/uploads\/2025\/07\/ladario-cidade-1-300x169.jpeg 300w, https:\/\/institutohomempantaneiro.org.br\/wp-content\/uploads\/2025\/07\/ladario-cidade-1-768x432.jpeg 768w\" alt=\"\" width=\"1000\" height=\"563\" data-lazy-srcset=\"https:\/\/institutohomempantaneiro.org.br\/wp-content\/uploads\/2025\/07\/ladario-cidade-1.jpeg 1000w, https:\/\/institutohomempantaneiro.org.br\/wp-content\/uploads\/2025\/07\/ladario-cidade-1-300x169.jpeg 300w, https:\/\/institutohomempantaneiro.org.br\/wp-content\/uploads\/2025\/07\/ladario-cidade-1-768x432.jpeg 768w\" data-lazy-sizes=\"(max-width: 1000px) 100vw, 1000px\" data-lazy-src=\"https:\/\/institutohomempantaneiro.org.br\/wp-content\/uploads\/2025\/07\/ladario-cidade-1.jpeg\" data-ll-status=\"loaded\" \/><\/figure>\n<p><strong>Cronograma da sele\u00e7\u00e3o:<\/strong><\/p>\n<p>14 de julho de 2025 \u2013 Lan\u00e7amento das inscri\u00e7\u00f5es durante o 2\u00ba Encontro \u201cCorumb\u00e1 +Turismo\u201d, no Sindicato Rural de Corumb\u00e1<\/p>\n<p>14 a 31 de julho de 2025 \u2013 Per\u00edodo de inscri\u00e7\u00e3o,\u00a0<strong><a title=\"\" href=\"https:\/\/bit.ly\/condutores-pantaneiros-ihp\" target=\"_blank\" rel=\"noopener\">acesse o link aqui<\/a><\/strong><\/p>\n<p>1 a 8 de agosto de 2025 \u2013 An\u00e1lise documental dos inscritos<\/p>\n<p>11 de agosto de 2025 \u2013 Divulga\u00e7\u00e3o dos selecionados para entrevistas<\/p>\n<p>12 a 18 de agosto de 2025 \u2013 Entrevistas presenciais<\/p>\n<p>25 de agosto de 2025 \u2013 Resultado final \u2013 1\u00aa chamada<\/p>\n<p>6 de setembro de 2025 \u2013 In\u00edcio das aulas<\/p>\n<p><strong>Apoio nas inscri\u00e7\u00f5es<\/strong><\/p>\n<p>O IHP promover\u00e1 apoio para os interessados que tiverem alguma dificuldade para realizar a inscri\u00e7\u00e3o ou tenham problema com internet exclusivamente nos dias 24 e 25 de julho. Esse suporte ser\u00e1 dado presencialmente na sede do Instituto (Ladeira Jos\u00e9 Bonif\u00e1cio, 171, Portol Geral, Corumb\u00e1), das 14h \u00e0s 17h.<\/p>\n","protected":false},"excerpt":{"rendered":"<p>Jovens com idade entre 18 e 29 anos, que moram em Corumb\u00e1 ou Lad\u00e1rio, t\u00eam&#8230;<\/p>\n","protected":false},"author":8,"featured_media":11770798,"comment_status":"closed","ping_status":"closed","sticky":false,"template":"","format":"standard","meta":{"footnotes":""},"categories":[23],"tags":[226],"class_list":["post-11770797","post","type-post","status-publish","format-standard","has-post-thumbnail","hentry","category-turismo","tag-turismo"],"_links":{"self":[{"href":"https:\/\/www.corumbaonline.com.br\/news\/wp-json\/wp\/v2\/posts\/11770797","targetHints":{"allow":["GET"]}}],"collection":[{"href":"https:\/\/www.corumbaonline.com.br\/news\/wp-json\/wp\/v2\/posts"}],"about":[{"href":"https:\/\/www.corumbaonline.com.br\/news\/wp-json\/wp\/v2\/types\/post"}],"author":[{"embeddable":true,"href":"https:\/\/www.corumbaonline.com.br\/news\/wp-json\/wp\/v2\/users\/8"}],"replies":[{"embeddable":true,"href":"https:\/\/www.corumbaonline.com.br\/news\/wp-json\/wp\/v2\/comments?post=11770797"}],"version-history":[{"count":1,"href":"https:\/\/www.corumbaonline.com.br\/news\/wp-json\/wp\/v2\/posts\/11770797\/revisions"}],"predecessor-version":[{"id":11770799,"href":"https:\/\/www.corumbaonline.com.br\/news\/wp-json\/wp\/v2\/posts\/11770797\/revisions\/11770799"}],"wp:featuredmedia":[{"embeddable":true,"href":"https:\/\/www.corumbaonline.com.br\/news\/wp-json\/wp\/v2\/media\/11770798"}],"wp:attachment":[{"href":"https:\/\/www.corumbaonline.com.br\/news\/wp-json\/wp\/v2\/media?parent=11770797"}],"wp:term":[{"taxonomy":"category","embeddable":true,"href":"https:\/\/www.corumbaonline.com.br\/news\/wp-json\/wp\/v2\/categories?post=11770797"},{"taxonomy":"post_tag","embeddable":true,"href":"https:\/\/www.corumbaonline.com.br\/news\/wp-json\/wp\/v2\/tags?post=11770797"}],"curies":[{"name":"wp","href":"https:\/\/api.w.org\/{rel}","templated":true}]}}