{"id":11773436,"date":"2025-09-12T09:25:00","date_gmt":"2025-09-12T13:25:00","guid":{"rendered":"https:\/\/www.corumbaonline.com.br\/news\/?p=11773436"},"modified":"2025-09-12T10:15:08","modified_gmt":"2025-09-12T14:15:08","slug":"ifms-abre-selecao-para-reingresso-em-cursos-de-especializacao-2","status":"publish","type":"post","link":"https:\/\/www.corumbaonline.com.br\/news\/ifms-abre-selecao-para-reingresso-em-cursos-de-especializacao-2\/","title":{"rendered":"IFMS abre sele\u00e7\u00e3o para reingresso em cursos de especializa\u00e7\u00e3o"},"content":{"rendered":"<p>O Instituto Federal de Mato Grosso do Sul (IFMS) est\u00e1 com processo seletivo aberto para reingresso nas especializa\u00e7\u00f5es. A sele\u00e7\u00e3o, de fluxo cont\u00ednuo, possibilita que estudantes desligados ou evadidos possam retornar aos cursos. A iniciativa visa melhorar os \u00edndices de perman\u00eancia e \u00eaxito da institui\u00e7\u00e3o.<\/p>\n<p>Na sele\u00e7\u00e3o de reingresso n\u00e3o s\u00e3o oferecidas vagas a novos estudantes. O edital \u00e9 destinado exclusivamente \u00e0queles que j\u00e1 foram matriculados em cursos de p\u00f3s-gradua\u00e7\u00e3o\u00a0<em>lato sensu<\/em>\u00a0no IFMS.<\/p>\n<p>Para se inscrever, o interessado deve ter sido matriculado no mesmo curso e campus para o qual pretende se candidatar, e n\u00e3o pode ter conclu\u00eddo o curso. Em cursos multicampi, \u00e9 poss\u00edvel se inscrever para uma vaga em outro campus.<\/p>\n<p>A sele\u00e7\u00e3o ocorrer\u00e1 de forma cont\u00ednua durante o per\u00edodo de 12 meses, conforme houver vagas dispon\u00edveis. A quantidade de vagas ser\u00e1 definida pela coordena\u00e7\u00e3o e colegiado de cada curso, levando em conta a disponibilidade de docentes para orienta\u00e7\u00e3o e outros crit\u00e9rios estabelecidos no regulamento do curso.<\/p>\n<p>Os candidatos ser\u00e3o classificados com base em dois crit\u00e9rios: o maior n\u00famero de disciplinas cursadas e aprovadas; e a ordem cronol\u00f3gica de inscri\u00e7\u00e3o. A an\u00e1lise ser\u00e1 feita pela Coordena\u00e7\u00e3o de P\u00f3s-Gradua\u00e7\u00e3o (Copog), sempre que solicitada pela Coordena\u00e7\u00e3o do Curso.<\/p>\n<p>O\u00a0<strong><a title=\"Edital n\u00ba 069\/2025\" href=\"https:\/\/email.ifms.edu.br\/lists\/lt.php?tid=KxlQUVddAlMFVUtTU1kHTlABVlVOWA9bABsOAlcDAQRUBwAFVgAfCAZUA1cCBwZOB1FWUk4NXVoAG1lTBwFPBlIGBgoDAFcGWwVeH1ICAwYCUlcDTghaXAYbDFZQBk8JVlZUH1AKVgBWAgNWVAIABw\" target=\"_blank\" rel=\"noopener noreferrer\">Edital n\u00ba 069\/2025<\/a><\/strong>, com todas as regras do processo seletivo est\u00e1 publicado na\u00a0<strong><a href=\"https:\/\/email.ifms.edu.br\/lists\/lt.php?tid=KxkABVVbVgdUVktTAlVSTlBcA1tOAF4AAhsAVFADUQlVV1dQUF4fCAZUA1cCBwZOB1FWUk4NXVoAG1lTBwFPBlIGBgoDAFcGWwVeH1ICAwYCUlcDTghaXAYbDFZQBk8JVlZUH1AKVgBWAgNWVAIABw\" target=\"_blank\" rel=\"noopener noreferrer\">Central de Sele\u00e7\u00e3o do IFMS<\/a><\/strong>.<\/p>\n<p><strong>Inscri\u00e7\u00f5es<\/strong>\u00a0&#8211; S\u00e3o gratuitas e seguem abertas\u00a0<strong>at\u00e9 31 de agosto de 2026<\/strong>. Para se inscrever, o candidato deve\u00a0<a title=\"preencher o formul\u00e1rio on-line\" href=\"https:\/\/email.ifms.edu.br\/lists\/lt.php?tid=KxkGBgABUlJaA0tQAFVWTlAEAQBOWAxeUhtbUlZRA1RTAwILAFkfCAZUA1cCBwZOB1FWUk4NXVoAG1lTBwFPBlIGBgoDAFcGWwVeH1ICAwYCUlcDTghaXAYbDFZQBk8JVlZUH1AKVgBWAgNWVAIABw\" target=\"_blank\" rel=\"noopener noreferrer\">preencher o formul\u00e1rio on-line<\/a>.<\/p>\n<p>No formul\u00e1rio, \u00e9 preciso indicar o curso e o campus em que se quer reingressar, que devem ser os mesmos em que o candidato j\u00e1 esteve matriculado, exceto para cursos multicampi.<\/p>\n<p>A lista de inscritos ser\u00e1 atualizada mensalmente na\u00a0<a title=\"Central de Sele\u00e7\u00e3o do IFMS\" href=\"https:\/\/email.ifms.edu.br\/lists\/lt.php?tid=KxkABVVbVgdUVktTAlVSTlBcA1tOAF4AAhsAVFADUQlVV1dQUF4fCAZUA1cCBwZOB1FWUk4NXVoAG1lTBwFPBlIGBgoDAFcGWwVeH1ICAwYCUlcDTghaXAYbDFZQBk8JVlZUH1AKVgBWAgNWVAIABw\" target=\"_blank\" rel=\"noopener noreferrer\">Central de Sele\u00e7\u00e3o do IFMS<\/a>, at\u00e9 o quinto dia \u00fatil de cada m\u00eas.<\/p>\n<p>O resultado preliminar ser\u00e1 publicado ap\u00f3s o processo de sele\u00e7\u00e3o em um curso espec\u00edfico. Nele, constar\u00e3o as listas de candidatos classificados, em espera e indeferidos, al\u00e9m da data limite para a interposi\u00e7\u00e3o de recursos.<\/p>\n<p>Ap\u00f3s a an\u00e1lise de recursos (se houver), ser\u00e1 divulgado o resultado final, com os nomes dos candidatos selecionados em ordem de classifica\u00e7\u00e3o, o prazo para a matr\u00edcula e a data de in\u00edcio das aulas.<\/p>\n<p>Caso sejam abertas novas vagas por desist\u00eancia, candidatos da lista de espera poder\u00e3o ser convocados, seguindo a ordem de classifica\u00e7\u00e3o.<\/p>\n","protected":false},"excerpt":{"rendered":"<p>O Instituto Federal de Mato Grosso do Sul (IFMS) est\u00e1 com processo seletivo aberto para&#8230;<\/p>\n","protected":false},"author":9,"featured_media":0,"comment_status":"closed","ping_status":"closed","sticky":false,"template":"","format":"standard","meta":{"footnotes":""},"categories":[10],"tags":[194],"class_list":["post-11773436","post","type-post","status-publish","format-standard","hentry","category-educacao","tag-educacao"],"_links":{"self":[{"href":"https:\/\/www.corumbaonline.com.br\/news\/wp-json\/wp\/v2\/posts\/11773436","targetHints":{"allow":["GET"]}}],"collection":[{"href":"https:\/\/www.corumbaonline.com.br\/news\/wp-json\/wp\/v2\/posts"}],"about":[{"href":"https:\/\/www.corumbaonline.com.br\/news\/wp-json\/wp\/v2\/types\/post"}],"author":[{"embeddable":true,"href":"https:\/\/www.corumbaonline.com.br\/news\/wp-json\/wp\/v2\/users\/9"}],"replies":[{"embeddable":true,"href":"https:\/\/www.corumbaonline.com.br\/news\/wp-json\/wp\/v2\/comments?post=11773436"}],"version-history":[{"count":1,"href":"https:\/\/www.corumbaonline.com.br\/news\/wp-json\/wp\/v2\/posts\/11773436\/revisions"}],"predecessor-version":[{"id":11773437,"href":"https:\/\/www.corumbaonline.com.br\/news\/wp-json\/wp\/v2\/posts\/11773436\/revisions\/11773437"}],"wp:attachment":[{"href":"https:\/\/www.corumbaonline.com.br\/news\/wp-json\/wp\/v2\/media?parent=11773436"}],"wp:term":[{"taxonomy":"category","embeddable":true,"href":"https:\/\/www.corumbaonline.com.br\/news\/wp-json\/wp\/v2\/categories?post=11773436"},{"taxonomy":"post_tag","embeddable":true,"href":"https:\/\/www.corumbaonline.com.br\/news\/wp-json\/wp\/v2\/tags?post=11773436"}],"curies":[{"name":"wp","href":"https:\/\/api.w.org\/{rel}","templated":true}]}}