{"id":11773620,"date":"2025-09-17T10:20:00","date_gmt":"2025-09-17T14:20:00","guid":{"rendered":"https:\/\/www.corumbaonline.com.br\/news\/?p=11773620"},"modified":"2025-09-17T11:16:06","modified_gmt":"2025-09-17T15:16:06","slug":"policia-militar-atende-ocorrencia-de-invasao-de-propriedade-e-ameaca-no-previsul","status":"publish","type":"post","link":"https:\/\/www.corumbaonline.com.br\/news\/policia-militar-atende-ocorrencia-de-invasao-de-propriedade-e-ameaca-no-previsul\/","title":{"rendered":"Pol\u00edcia Militar atende ocorr\u00eancia de invas\u00e3o de propriedade e amea\u00e7a no Previsul"},"content":{"rendered":"<p>Na noite de ter\u00e7a-feira (16), por volta das 22h55, a Pol\u00edcia Militar foi acionada via 190 para atender uma ocorr\u00eancia de invas\u00e3o de domic\u00edlio e amea\u00e7a na rua Minas Gerais, no bairro Previsul, em Corumb\u00e1.<\/p>\n<p>Ao chegar ao local, os policiais foram recebidos pela solicitante, que relatou que, no dia anterior, seu filho havia invadido a casa de uma vizinha. Ao tentar repreend\u00ea-lo, o autor se irritou, fez amea\u00e7as e tentou agredi-la com um tapa no rosto. Diante da situa\u00e7\u00e3o, a guarni\u00e7\u00e3o interveio imediatamente e conduziu os envolvidos \u00e0 1\u00aa Delegacia de Pol\u00edcia Civil.<\/p>\n<p>A Pol\u00edcia Militar refor\u00e7a seu compromisso no combate \u00e0 viol\u00eancia dom\u00e9stica e orienta a popula\u00e7\u00e3o a acionar o n\u00famero 190 sempre que presenciar ou for v\u00edtima de qualquer tipo de agress\u00e3o ou amea\u00e7a.<\/p>\n<p>Dicas de seguran\u00e7a e preven\u00e7\u00e3o<\/p>\n<p>Em situa\u00e7\u00f5es de viol\u00eancia dom\u00e9stica, procure manter a calma e se afastar do agressor, buscando um local seguro.<\/p>\n<p>Caso exista medida protetiva em vigor, informe imediatamente \u00e0 pol\u00edcia qualquer descumprimento.<\/p>\n<p>Vizinhos e familiares tamb\u00e9m t\u00eam papel fundamental: n\u00e3o se cale diante de situa\u00e7\u00f5es de agress\u00e3o ou amea\u00e7a, denuncie.<\/p>\n<p>Com essas a\u00e7\u00f5es, a Pol\u00edcia Militar e a comunidade podem trabalhar juntas para garantir mais seguran\u00e7a e prote\u00e7\u00e3o, fortalecendo a preven\u00e7\u00e3o e o enfrentamento \u00e0 viol\u00eancia dom\u00e9stica em Corumb\u00e1.<\/p>\n","protected":false},"excerpt":{"rendered":"<p>Na noite de ter\u00e7a-feira (16), por volta das 22h55, a Pol\u00edcia Militar foi acionada via&#8230;<\/p>\n","protected":false},"author":6,"featured_media":0,"comment_status":"closed","ping_status":"closed","sticky":false,"template":"","format":"standard","meta":{"footnotes":""},"categories":[18],"tags":[249],"class_list":["post-11773620","post","type-post","status-publish","format-standard","hentry","category-seguranca","tag-seguranca"],"_links":{"self":[{"href":"https:\/\/www.corumbaonline.com.br\/news\/wp-json\/wp\/v2\/posts\/11773620","targetHints":{"allow":["GET"]}}],"collection":[{"href":"https:\/\/www.corumbaonline.com.br\/news\/wp-json\/wp\/v2\/posts"}],"about":[{"href":"https:\/\/www.corumbaonline.com.br\/news\/wp-json\/wp\/v2\/types\/post"}],"author":[{"embeddable":true,"href":"https:\/\/www.corumbaonline.com.br\/news\/wp-json\/wp\/v2\/users\/6"}],"replies":[{"embeddable":true,"href":"https:\/\/www.corumbaonline.com.br\/news\/wp-json\/wp\/v2\/comments?post=11773620"}],"version-history":[{"count":1,"href":"https:\/\/www.corumbaonline.com.br\/news\/wp-json\/wp\/v2\/posts\/11773620\/revisions"}],"predecessor-version":[{"id":11773621,"href":"https:\/\/www.corumbaonline.com.br\/news\/wp-json\/wp\/v2\/posts\/11773620\/revisions\/11773621"}],"wp:attachment":[{"href":"https:\/\/www.corumbaonline.com.br\/news\/wp-json\/wp\/v2\/media?parent=11773620"}],"wp:term":[{"taxonomy":"category","embeddable":true,"href":"https:\/\/www.corumbaonline.com.br\/news\/wp-json\/wp\/v2\/categories?post=11773620"},{"taxonomy":"post_tag","embeddable":true,"href":"https:\/\/www.corumbaonline.com.br\/news\/wp-json\/wp\/v2\/tags?post=11773620"}],"curies":[{"name":"wp","href":"https:\/\/api.w.org\/{rel}","templated":true}]}}