{"id":11773623,"date":"2025-09-17T14:01:35","date_gmt":"2025-09-17T18:01:35","guid":{"rendered":"https:\/\/www.corumbaonline.com.br\/news\/?p=11773623"},"modified":"2025-09-17T14:33:20","modified_gmt":"2025-09-17T18:33:20","slug":"policia-militar-e-policia-civil-atuam-em-conjunto-e-prendem-suspeito-de-homicidio-em-corumba","status":"publish","type":"post","link":"https:\/\/www.corumbaonline.com.br\/news\/policia-militar-e-policia-civil-atuam-em-conjunto-e-prendem-suspeito-de-homicidio-em-corumba\/","title":{"rendered":"Pol\u00edcia Militar e Pol\u00edcia Civil atuam em conjunto e prendem suspeito de homic\u00eddio em Corumb\u00e1"},"content":{"rendered":"\n<p>Na manh\u00e3 desta quarta-feira (17), por volta das 9h, a Pol\u00edcia Militar recebeu uma den\u00fancia via 190 sobre o poss\u00edvel paradeiro do autor envolvido em um homic\u00eddio ocorrido no dia 11 de agosto de 2025, em Corumb\u00e1.<\/p>\n\n\n\n<p>Na data do crime (11 de agosto), a guarni\u00e7\u00e3o da PM foi acionada ap\u00f3s populares encontrarem o corpo de uma mulher, reconhecida como Vit\u00f3ria Roberta de Miranda Rodrigues, de 21 anos, em uma \u00e1rea de matagal na Rua Cear\u00e1, entre o Anel Vi\u00e1rio e a Rua Sete de Setembro. A v\u00edtima apresentava diversas les\u00f5es na cabe\u00e7a e no pesco\u00e7o, aparentemente causadas por objeto perfurocortante, al\u00e9m de sinais de agress\u00e3o f\u00edsica. A Pol\u00edcia Militar realizou o isolamento da \u00e1rea at\u00e9 a chegada do SAMU, que constatou o \u00f3bito, e da Pol\u00edcia Civil, que conduziu os trabalhos periciais.<\/p>\n\n\n\n<p>Com base na den\u00fancia recebida nesta quarta-feira, as equipes da R\u00e1dio Patrulha do 6\u00ba Batalh\u00e3o de Pol\u00edcia Militar e do Setor de Investiga\u00e7\u00f5es Gerais (SIG) da 1\u00aa Delegacia de Pol\u00edcia Civil iniciaram uma opera\u00e7\u00e3o conjunta. Durante as buscas, o suspeito foi localizado na regi\u00e3o e preso.<\/p>\n\n\n<div class=\"wp-block-image\">\n<figure class=\"alignleft size-full\"><img loading=\"lazy\" decoding=\"async\" width=\"265\" height=\"158\" src=\"https:\/\/www.corumbaonline.com.br\/news\/wp-content\/uploads\/2025\/09\/image-6.png\" alt=\"\" class=\"wp-image-11773629\"\/><\/figure>\n<\/div>\n\n\n<p>O autor foi encaminhado para a 1\u00aa Delegacia de Pol\u00edcia Civil, onde permanecer\u00e1 \u00e0 disposi\u00e7\u00e3o da Justi\u00e7a e ser\u00e3o adotados os procedimentos legais cab\u00edveis.<\/p>\n\n\n\n<p>A a\u00e7\u00e3o demonstra a efici\u00eancia e a integra\u00e7\u00e3o entre a Pol\u00edcia Militar e a Pol\u00edcia Civil no combate \u00e0 criminalidade, refor\u00e7ando o compromisso com a seguran\u00e7a da popula\u00e7\u00e3o. A colabora\u00e7\u00e3o entre as for\u00e7as de seguran\u00e7a foi essencial para dar uma resposta r\u00e1pida \u00e0 sociedade e garantir que o caso tivesse um desfecho positivo.<\/p>\n\n\n\n<p>A Pol\u00edcia Militar destaca a import\u00e2ncia das den\u00fancias an\u00f4nimas realizadas pela popula\u00e7\u00e3o por meio do 190, ferramenta fundamental para localizar suspeitos, prevenir crimes e fortalecer o trabalho policial em Corumb\u00e1.<\/p>\n\n\n\n<figure class=\"wp-block-embed is-type-wp-embed is-provider-corumb-on-line wp-block-embed-corumb-on-line\"><div class=\"wp-block-embed__wrapper\">\n<blockquote class=\"wp-embedded-content\" data-secret=\"MjlZucjRxb\"><a href=\"https:\/\/www.corumbaonline.com.br\/news\/policia-civil-prende-foragido-acusado-de-homicidio-ocorrido-em-corumba\/\">Pol\u00edcia Civil prende foragido acusado de homic\u00eddio ocorrido em Corumb\u00e1<\/a><\/blockquote><iframe loading=\"lazy\" class=\"wp-embedded-content\" sandbox=\"allow-scripts\" security=\"restricted\" style=\"position: absolute; visibility: hidden;\" title=\"&#8220;Pol\u00edcia Civil prende foragido acusado de homic\u00eddio ocorrido em Corumb\u00e1&#8221; &#8212; Corumb\u00e1 On Line\" src=\"https:\/\/www.corumbaonline.com.br\/news\/policia-civil-prende-foragido-acusado-de-homicidio-ocorrido-em-corumba\/embed\/#?secret=uYX24oCTRE#?secret=MjlZucjRxb\" data-secret=\"MjlZucjRxb\" width=\"600\" height=\"338\" frameborder=\"0\" marginwidth=\"0\" marginheight=\"0\" scrolling=\"no\"><\/iframe>\n<\/div><\/figure>\n","protected":false},"excerpt":{"rendered":"<p>Na manh\u00e3 desta quarta-feira (17), por volta das 9h, a Pol\u00edcia Militar recebeu uma den\u00fancia&#8230;<\/p>\n","protected":false},"author":9,"featured_media":11773625,"comment_status":"closed","ping_status":"closed","sticky":false,"template":"","format":"standard","meta":{"footnotes":""},"categories":[8,18],"tags":[],"class_list":["post-11773623","post","type-post","status-publish","format-standard","has-post-thumbnail","hentry","category-destaque","category-seguranca"],"_links":{"self":[{"href":"https:\/\/www.corumbaonline.com.br\/news\/wp-json\/wp\/v2\/posts\/11773623","targetHints":{"allow":["GET"]}}],"collection":[{"href":"https:\/\/www.corumbaonline.com.br\/news\/wp-json\/wp\/v2\/posts"}],"about":[{"href":"https:\/\/www.corumbaonline.com.br\/news\/wp-json\/wp\/v2\/types\/post"}],"author":[{"embeddable":true,"href":"https:\/\/www.corumbaonline.com.br\/news\/wp-json\/wp\/v2\/users\/9"}],"replies":[{"embeddable":true,"href":"https:\/\/www.corumbaonline.com.br\/news\/wp-json\/wp\/v2\/comments?post=11773623"}],"version-history":[{"count":3,"href":"https:\/\/www.corumbaonline.com.br\/news\/wp-json\/wp\/v2\/posts\/11773623\/revisions"}],"predecessor-version":[{"id":11773630,"href":"https:\/\/www.corumbaonline.com.br\/news\/wp-json\/wp\/v2\/posts\/11773623\/revisions\/11773630"}],"wp:featuredmedia":[{"embeddable":true,"href":"https:\/\/www.corumbaonline.com.br\/news\/wp-json\/wp\/v2\/media\/11773625"}],"wp:attachment":[{"href":"https:\/\/www.corumbaonline.com.br\/news\/wp-json\/wp\/v2\/media?parent=11773623"}],"wp:term":[{"taxonomy":"category","embeddable":true,"href":"https:\/\/www.corumbaonline.com.br\/news\/wp-json\/wp\/v2\/categories?post=11773623"},{"taxonomy":"post_tag","embeddable":true,"href":"https:\/\/www.corumbaonline.com.br\/news\/wp-json\/wp\/v2\/tags?post=11773623"}],"curies":[{"name":"wp","href":"https:\/\/api.w.org\/{rel}","templated":true}]}}