{"id":11774087,"date":"2025-09-29T09:28:00","date_gmt":"2025-09-29T13:28:00","guid":{"rendered":"https:\/\/www.corumbaonline.com.br\/news\/?p=11774087"},"modified":"2025-09-29T09:56:11","modified_gmt":"2025-09-29T13:56:11","slug":"pe-de-meia-pagamento-da-7a-parcela-comeca-nesta-segunda-feira","status":"publish","type":"post","link":"https:\/\/www.corumbaonline.com.br\/news\/pe-de-meia-pagamento-da-7a-parcela-comeca-nesta-segunda-feira\/","title":{"rendered":"P\u00e9-de-Meia:\u202fpagamento\u202fda 7\u00aa parcela come\u00e7a nesta segunda-feira"},"content":{"rendered":"<p>O Minist\u00e9rio da Educa\u00e7\u00e3o (MEC) inicia, nesta segunda-feira (29), o pagamento da\u202fs\u00e9tima parcela\u202faos participantes do programa P\u00e9-de-Meia de 2025.<img decoding=\"async\" src=\"https:\/\/agenciabrasil.ebc.com.br\/ebc.png?id=1660410&amp;o=node\" \/><img decoding=\"async\" src=\"https:\/\/agenciabrasil.ebc.com.br\/ebc.gif?id=1660410&amp;o=node\" \/><\/p>\n<p>Os beneficiados pelo programa federal s\u00e3o os estudantes do ensino m\u00e9dio matriculados na rede p\u00fablica regular e da\u00a0modalidade Educa\u00e7\u00e3o de Jovens e Adultos (EJA), inscritos no Cadastro Nacional de Programas Sociais do governo federal (Cad\u00danico).<\/p>\n<p>Nesta etapa, a Caixa Econ\u00f4mica Federal \u2013 respons\u00e1vel pela gest\u00e3o dos recursos repassados pelo MEC\u00a0\u2013 informa que,\u00a0ao todo, cerca de 3,4 milh\u00f5es de estudantes de escolas p\u00fablicas receber\u00e3o o benef\u00edcio at\u00e9 a pr\u00f3xima segunda-feira (6).<\/p>\n<p>Os nascidos nos meses de janeiro e fevereiro s\u00e3o os primeiros a receber o valor de R$ 200 correspondente ao incentivo-frequ\u00eancia \u00e0s aulas.\u00a0Para ter direito ao benef\u00edcio, eles devem ter presen\u00e7a m\u00ednima de 80% nas aulas.<\/p>\n<h2>Pagamento escalonado<\/h2>\n<p>Os pagamentos do incentivo-frequ\u00eancia ocorrem at\u00e9 o dia 6 de outubro, conforme o m\u00eas de nascimento dos alunos que est\u00e3o matriculados em uma das tr\u00eas s\u00e9ries do ensino m\u00e9dio na rede p\u00fablica de ensino.<\/p>\n<p>Confira o calend\u00e1rio:<\/p>\n<ul>\n<li>nascidos em janeiro e fevereiro recebem em 29 de setembro<\/li>\n<li>nascidos em mar\u00e7o e abril, em 30 de setembro<\/li>\n<li>nascidos em maio e junho, em de 1\u00ba outubro<\/li>\n<li>nascidos em julho e agosto, em 2 de outubro<\/li>\n<li>nascidos em setembro e outubro recebem em de 3 outubro<\/li>\n<li>nascidos em novembro e dezembro, em 6 de outubro<\/li>\n<\/ul>\n<h2>Dep\u00f3sitos<\/h2>\n<p>As parcelas da chamada\u00a0poupan\u00e7a do ensino m\u00e9dio\u00a0de 2025 s\u00e3o depositadas em uma conta poupan\u00e7a da Caixa Econ\u00f4mica Federal, aberta automaticamente em nome dos estudantes.<\/p>\n<p>Se o estudante tiver 18 anos ou mais,\u00a0a conta j\u00e1 estar\u00e1 desbloqueada para movimenta\u00e7\u00e3o imediata do valor recebido pelo incentivo \u00e0 frequ\u00eancia escolar.\u00a0O banco p\u00fablico avisa que \u00e9 poss\u00edvel solicitar de forma gratuita o cart\u00e3o P\u00e9-de-Meia no<a href=\"https:\/\/play.google.com\/store\/apps\/details?id=br.gov.caixa.tem&amp;hl=pt_BR\">\u00a0aplicativo\u00a0Caixa Tem<\/a>, o que permite o uso dos recursos financeiros em compras e pagamentos.<\/p>\n<p>Se o participante desejar, o valor tamb\u00e9m pode ser sacado nos terminais de autoatendimento, mesmo sem o cart\u00e3o, apenas com o uso da identifica\u00e7\u00e3o biom\u00e9trica previamente cadastrada.<\/p>\n<p>No caso de menor de idade,\u202fser\u00e1\u202fnecess\u00e1rio que o respons\u00e1vel legal autorize\u202fa\u202fmovimenta\u00e7\u00e3o\u202fda\u202fconta.\u00a0O consentimento poder\u00e1 ser\u202ffeito no pr\u00f3prio aplicativo ou em uma ag\u00eancia da Caixa.<\/p>\n<p>O participante poder\u00e1 consultar no\u00a0<a href=\"https:\/\/www.gov.br\/mec\/pt-br\/jornadadoestudante\" target=\"_blank\" rel=\"noopener\">aplicativo Jornada do Estudante<\/a>\u00a0do MEC informa\u00e7\u00f5es escolares, regras do programa e status de pagamentos (rejeitados ou aprovados).<\/p>\n<p>As informa\u00e7\u00f5es relativas ao pagamento tamb\u00e9m podem ser\u00a0<a href=\"https:\/\/play.google.com\/store\/apps\/details?id=br.gov.caixa.tem&amp;hl=pt_BR\" target=\"_blank\" rel=\"noopener\">consultadas<\/a>\u00a0no aplicativo Caixa Tem\u00a0ou no aplicativo Benef\u00edcios Sociais.<\/p>\n<h2>Incentivos<\/h2>\n<p>A chamada Poupan\u00e7a do Ensino M\u00e9dio tem quatro tipos de incentivo financeiro-educacional:<\/p>\n<ul>\n<li>incentivo-matr\u00edcula: por matr\u00edcula registrada no in\u00edcio do ano letivo, valor pago uma vez por ano, no valor de R$ 200;<\/li>\n<li>incentivo-frequ\u00eancia: por frequ\u00eancia m\u00ednima escolar de 80% do total de horas letivas. Para o ensino regular, s\u00e3o nove parcelas durante o ano de R$ 200.<\/li>\n<li>incentivo-conclus\u00e3o: por conclus\u00e3o e com aprova\u00e7\u00e3o em cada um dos tr\u00eas anos letivos do ensino m\u00e9dio e participa\u00e7\u00e3o em avalia\u00e7\u00f5es educacionais, no valor total de R$ 3 mil. O saque depende da obten\u00e7\u00e3o de certificado de conclus\u00e3o do ensino m\u00e9dio;<\/li>\n<li>incentivo-Enem: paga ap\u00f3s a participa\u00e7\u00e3o nos dois dias do Exame Nacional do Ensino M\u00e9dio (Enem), no ano que o estudante conclui o 3\u00ba ano do ensino m\u00e9dio. Os R$ 200 s\u00e3o pagos em parcela \u00fanica.<\/li>\n<\/ul>\n<p>Desta forma, a soma do\u202fincentivo financeiro-educacional pode alcan\u00e7ar R$ 9,2 mil por aluno,\u202fno fim do 3\u00ba ano do ensino m\u00e9dio.<\/p>\n<h2>P\u00e9-de-Meia<\/h2>\n<p>Criado em 2024, o programa do governo federal \u00e9 voltado a estudantes de baixa renda do ensino m\u00e9dio da rede p\u00fablica.\u00a0 A iniciativa funciona como uma poupan\u00e7a para promover a perman\u00eancia e a conclus\u00e3o escolar nessa etapa de ensino.<\/p>\n<p>Saiba\u00a0<a href=\"https:\/\/agenciabrasil.ebc.com.br\/educacao\/noticia\/2025-02\/saiba-quem-tem-direito-ao-pe-de-meia-e-como-acessar-o-programa\" target=\"_blank\" rel=\"noopener\">aqui<\/a>\u00a0quais s\u00e3o os requisitos para ser inserido no programa.<\/p>\n<p>O MEC esclarece que n\u00e3o h\u00e1 necessidade de inscri\u00e7\u00e3o. Todo aluno que se encaixa nos crit\u00e9rios do programa \u00e9 inclu\u00eddo automaticamente na iniciativa do governo federal.<\/p>\n","protected":false},"excerpt":{"rendered":"<p>O Minist\u00e9rio da Educa\u00e7\u00e3o (MEC) inicia, nesta segunda-feira (29), o pagamento da\u202fs\u00e9tima parcela\u202faos participantes do&#8230;<\/p>\n","protected":false},"author":4,"featured_media":11774088,"comment_status":"closed","ping_status":"closed","sticky":false,"template":"","format":"standard","meta":{"footnotes":""},"categories":[9,10],"tags":[189,194],"class_list":["post-11774087","post","type-post","status-publish","format-standard","has-post-thumbnail","hentry","category-economia","category-educacao","tag-economia","tag-educacao"],"_links":{"self":[{"href":"https:\/\/www.corumbaonline.com.br\/news\/wp-json\/wp\/v2\/posts\/11774087","targetHints":{"allow":["GET"]}}],"collection":[{"href":"https:\/\/www.corumbaonline.com.br\/news\/wp-json\/wp\/v2\/posts"}],"about":[{"href":"https:\/\/www.corumbaonline.com.br\/news\/wp-json\/wp\/v2\/types\/post"}],"author":[{"embeddable":true,"href":"https:\/\/www.corumbaonline.com.br\/news\/wp-json\/wp\/v2\/users\/4"}],"replies":[{"embeddable":true,"href":"https:\/\/www.corumbaonline.com.br\/news\/wp-json\/wp\/v2\/comments?post=11774087"}],"version-history":[{"count":1,"href":"https:\/\/www.corumbaonline.com.br\/news\/wp-json\/wp\/v2\/posts\/11774087\/revisions"}],"predecessor-version":[{"id":11774089,"href":"https:\/\/www.corumbaonline.com.br\/news\/wp-json\/wp\/v2\/posts\/11774087\/revisions\/11774089"}],"wp:featuredmedia":[{"embeddable":true,"href":"https:\/\/www.corumbaonline.com.br\/news\/wp-json\/wp\/v2\/media\/11774088"}],"wp:attachment":[{"href":"https:\/\/www.corumbaonline.com.br\/news\/wp-json\/wp\/v2\/media?parent=11774087"}],"wp:term":[{"taxonomy":"category","embeddable":true,"href":"https:\/\/www.corumbaonline.com.br\/news\/wp-json\/wp\/v2\/categories?post=11774087"},{"taxonomy":"post_tag","embeddable":true,"href":"https:\/\/www.corumbaonline.com.br\/news\/wp-json\/wp\/v2\/tags?post=11774087"}],"curies":[{"name":"wp","href":"https:\/\/api.w.org\/{rel}","templated":true}]}}