{"id":11774751,"date":"2025-10-15T09:01:00","date_gmt":"2025-10-15T13:01:00","guid":{"rendered":"https:\/\/www.corumbaonline.com.br\/news\/?p=11774751"},"modified":"2025-10-15T09:20:38","modified_gmt":"2025-10-15T13:20:38","slug":"prorrogadas-inscricoes-para-mestrado-em-propriedade-intelectual-ofertado-pelo-ifms","status":"publish","type":"post","link":"https:\/\/www.corumbaonline.com.br\/news\/prorrogadas-inscricoes-para-mestrado-em-propriedade-intelectual-ofertado-pelo-ifms\/","title":{"rendered":"Prorrogadas inscri\u00e7\u00f5es para mestrado em Propriedade Intelectual ofertado pelo IFMS"},"content":{"rendered":"<p>As inscri\u00e7\u00f5es para o Exame Nacional de Acesso ao programa de p\u00f3s-gradua\u00e7\u00e3o em Propriedade Intelectual e Transfer\u00eancia de Tecnologia para Inova\u00e7\u00e3o (ProfNIT),\u00a0<a title=\"mestrado profissional oferecido em rede\" href=\"https:\/\/email.ifms.edu.br\/lists\/lt.php?tid=KxlWBlEBVFMBWEtbUVkHTlBUUVJOWAlZAxsOUVYLVQdXAAILUQEfUQEFBAUFAAZOVAQFVU4NAVpVG1kCV1JPAgZQVFcAAFAGAVVSH1ICAwYCUlcDTghaXAYbDFZQBk8JVlZUH1AKVgBWAgNWVAIABw\" target=\"_blank\" rel=\"noopener noreferrer\">mestrado profissional oferecido em rede<\/a>, foram prorrogadas\u00a0<strong>at\u00e9 20 de outubro<\/strong>.\u00a0Para ingresso em 2026, foram abertas 499 vagas em todo o pa\u00eds.<\/p>\n<p>Desse total de vagas, 17 s\u00e3o destinadas ao Instituto Federal de Mato Grosso do Sul (IFMS), com a seguinte distribui\u00e7\u00e3o:<\/p>\n<ul>\n<li>quatro vagas para servidores da institui\u00e7\u00e3o;<\/li>\n<li>quatro vagas para ampla concorr\u00eancia;<\/li>\n<li>quatro vagas para a\u00e7\u00f5es afirmativas (tr\u00eas para pretos, pardos e ind\u00edgenas, e uma para pessoa com defici\u00eancia); e<\/li>\n<li>cinco vagas para servidores da\u00a0Funda\u00e7\u00e3o de Apoio ao Desenvolvimento do Ensino, Ci\u00eancia e Tecnologia do Estado de Mato Grosso do Sul (Fundect-MS).<\/li>\n<\/ul>\n<p>O\u00a0<strong><a title=\"edital na \u00edntegra\" href=\"https:\/\/email.ifms.edu.br\/lists\/lt.php?tid=KxlQB1NbUARbVEtbVlJRTlBVV1JOW1taDxsKVFNSUwhTUFQCU10fUQEFBAUFAAZOVAQFVU4NAVpVG1kCV1JPAgZQVFcAAFAGAVVSH1ICAwYCUlcDTghaXAYbDFZQBk8JVlZUH1AKVgBWAgNWVAIABw\" target=\"_blank\" rel=\"noopener noreferrer\">edital na \u00edntegra<\/a><\/strong>\u00a0est\u00e1 dispon\u00edvel na\u00a0<strong><a title=\"p\u00e1gina do ProfNIT\" href=\"https:\/\/email.ifms.edu.br\/lists\/lt.php?tid=KxlQVlMAVAlWB0tXVllVTlBQBwBOWw9aBBtbBQMFUwVXVwQKBg8fUQEFBAUFAAZOVAQFVU4NAVpVG1kCV1JPAgZQVFcAAFAGAVVSH1ICAwYCUlcDTghaXAYbDFZQBk8JVlZUH1AKVgBWAgNWVAIABw\" target=\"_blank\" rel=\"noopener noreferrer\">p\u00e1gina do ProfNIT<\/a><\/strong>\u00a0(\u00e1rea do\u00a0<strong>Exame Nacional de Acesso<\/strong>).<\/p>\n<p><strong>Inscri\u00e7\u00f5es<\/strong>\u00a0&#8211; Devem ser feitas em\u00a0<strong><a title=\"formul\u00e1rio on-line\" href=\"https:\/\/email.ifms.edu.br\/lists\/lt.php?tid=KxkCVFQABVVaBUsBU1ddTlAHVlBOAQtcABtdVwdVUAVUUABUVwsfUQEFBAUFAAZOVAQFVU4NAVpVG1kCV1JPAgZQVFcAAFAGAVVSH1ICAwYCUlcDTghaXAYbDFZQBk8JVlZUH1AKVgBWAgNWVAIABw\" target=\"_blank\" rel=\"noopener noreferrer\">formul\u00e1rio on-line<\/a><\/strong>. O prazo para pagar a taxa de R$ 350 \u00e9 20 de outubro.<\/p>\n<p>Os interessados devem ser portadores de diploma de n\u00edvel superior reconhecidos pelo Minist\u00e9rio da Educa\u00e7\u00e3o (MEC).<\/p>\n<p>A sele\u00e7\u00e3o ser\u00e1 feita por meio do Exame Nacional, marcado para 8 de novembro, \u00e0s 13 horas (hor\u00e1rio de MS). A prova, que \u00e9 eliminat\u00f3ria e classificat\u00f3ria, ter\u00e1 20 quest\u00f5es de m\u00faltipla escolha sobre propriedade intelectual e transfer\u00eancia de tecnologia. O conte\u00fado program\u00e1tico completo pode ser consultado no Anexo 3 do edital.<\/p>\n<p>Os aprovados na prova ser\u00e3o convocados para uma an\u00e1lise curricular, tamb\u00e9m classificat\u00f3ria e eliminat\u00f3ria. O envio da documenta\u00e7\u00e3o necess\u00e1ria, listada no edital e no Anexo 4, dever\u00e1 ser feito entre os dias 24 e 30 de novembro.<\/p>\n<p>Os resultados preliminar e final est\u00e3o previstos para 5 e 12 de dezembro, respectivamente. As aulas ter\u00e3o in\u00edcio no primeiro semestre de 2026.<\/p>\n<p><b>ProfNIT<\/b>\u00a0&#8211; Com dura\u00e7\u00e3o m\u00e1xima de 24 meses, o mestrado visa aprimorar a forma\u00e7\u00e3o profissional para atua\u00e7\u00e3o em N\u00facleos de Inova\u00e7\u00e3o Tecnol\u00f3gica (NIT) e ambientes de inova\u00e7\u00e3o nos setores acad\u00eamico, empresarial, governamental e em organiza\u00e7\u00f5es sociais.<\/p>\n<p>No IFMS, o programa \u00e9 ofertado desde 2023, de forma presencial, no Campus Campo Grande, localizado na Rua Taquari, 831- Bairro Santo Ant\u00f4nio.<\/p>\n<p>Em caso de d\u00favidas, os contatos s\u00e3o\u00a0<a title=\"profnit.secretaria@ifms.edu.br\" href=\"mailto:profnit.secretaria@ifms.edu.br\" rel=\"noreferrer\">profnit.secretaria@ifms.edu.br<\/a>\u00a0ou o telefone (67) 3357-8501.<\/p>\n<p>Mais informa\u00e7\u00f5es podem ser consultadas na\u00a0<strong><a title=\"p\u00e1gina do ProfNIT\" href=\"https:\/\/email.ifms.edu.br\/lists\/lt.php?tid=KxkDAlQNUwkAUksCBFlXTlBQU1NOWFoMDhsPAAUBV1dTXQBXA1ofUQEFBAUFAAZOVAQFVU4NAVpVG1kCV1JPAgZQVFcAAFAGAVVSH1ICAwYCUlcDTghaXAYbDFZQBk8JVlZUH1AKVgBWAgNWVAIABw\" target=\"_blank\" rel=\"noopener noreferrer\">p\u00e1gina do ProfNIT<\/a><\/strong>\u00a0no IFMS.<\/p>\n","protected":false},"excerpt":{"rendered":"<p>As inscri\u00e7\u00f5es para o Exame Nacional de Acesso ao programa de p\u00f3s-gradua\u00e7\u00e3o em Propriedade Intelectual&#8230;<\/p>\n","protected":false},"author":9,"featured_media":0,"comment_status":"closed","ping_status":"closed","sticky":false,"template":"","format":"standard","meta":{"footnotes":""},"categories":[10],"tags":[194],"class_list":["post-11774751","post","type-post","status-publish","format-standard","hentry","category-educacao","tag-educacao"],"_links":{"self":[{"href":"https:\/\/www.corumbaonline.com.br\/news\/wp-json\/wp\/v2\/posts\/11774751","targetHints":{"allow":["GET"]}}],"collection":[{"href":"https:\/\/www.corumbaonline.com.br\/news\/wp-json\/wp\/v2\/posts"}],"about":[{"href":"https:\/\/www.corumbaonline.com.br\/news\/wp-json\/wp\/v2\/types\/post"}],"author":[{"embeddable":true,"href":"https:\/\/www.corumbaonline.com.br\/news\/wp-json\/wp\/v2\/users\/9"}],"replies":[{"embeddable":true,"href":"https:\/\/www.corumbaonline.com.br\/news\/wp-json\/wp\/v2\/comments?post=11774751"}],"version-history":[{"count":1,"href":"https:\/\/www.corumbaonline.com.br\/news\/wp-json\/wp\/v2\/posts\/11774751\/revisions"}],"predecessor-version":[{"id":11774752,"href":"https:\/\/www.corumbaonline.com.br\/news\/wp-json\/wp\/v2\/posts\/11774751\/revisions\/11774752"}],"wp:attachment":[{"href":"https:\/\/www.corumbaonline.com.br\/news\/wp-json\/wp\/v2\/media?parent=11774751"}],"wp:term":[{"taxonomy":"category","embeddable":true,"href":"https:\/\/www.corumbaonline.com.br\/news\/wp-json\/wp\/v2\/categories?post=11774751"},{"taxonomy":"post_tag","embeddable":true,"href":"https:\/\/www.corumbaonline.com.br\/news\/wp-json\/wp\/v2\/tags?post=11774751"}],"curies":[{"name":"wp","href":"https:\/\/api.w.org\/{rel}","templated":true}]}}