{"id":11774883,"date":"2025-10-17T09:15:00","date_gmt":"2025-10-17T13:15:00","guid":{"rendered":"https:\/\/www.corumbaonline.com.br\/news\/?p=11774883"},"modified":"2025-10-17T09:46:16","modified_gmt":"2025-10-17T13:46:16","slug":"ms-avanca-na-consolidacao-da-saude-unica-com-foco-em-sustentabilidade-e-cooperacao-intersetorial","status":"publish","type":"post","link":"https:\/\/www.corumbaonline.com.br\/news\/ms-avanca-na-consolidacao-da-saude-unica-com-foco-em-sustentabilidade-e-cooperacao-intersetorial\/","title":{"rendered":"MS avan\u00e7a na consolida\u00e7\u00e3o da Sa\u00fade \u00danica com foco em sustentabilidade e coopera\u00e7\u00e3o intersetorial"},"content":{"rendered":"<p>A SES (Secretaria de Estado de Sa\u00fade), por meio da Superintend\u00eancia de Vigil\u00e2ncia em Sa\u00fade e da Coordenadoria de Sa\u00fade \u00danica, realizou nos dias 14 e 15 de outubro, no Bioparque Pantanal, em Campo Grande, o III Symposium One Health \u2013 Sa\u00fade \u00danica. O encontro reuniu especialistas e gestores de todo o pa\u00eds para debater estrat\u00e9gias, avan\u00e7os e desafios da abordagem intersetorial, que integra as dimens\u00f5es humana, animal e ambiental da sa\u00fade.<\/p>\n<p>Durante o evento, a coordenadora de Sa\u00fade \u00danica da SES, Danila Frias, apresentou o painel\u00a0<em>\u201c<\/em>Sa\u00fade \u00danica em MS \u2013 avan\u00e7os e perspectivas<em>\u201d<\/em>, destacando as a\u00e7\u00f5es desenvolvidas pela coordenadoria, os resultados alcan\u00e7ados e a efetividade das parcerias interinstitucionais que consolidam o conceito de Sa\u00fade \u00danica no Estado.<\/p>\n<p>Segundo Danila,\u00a0<em>\u201c<\/em>a consolida\u00e7\u00e3o da Sa\u00fade \u00danica em Mato Grosso do Sul \u00e9 resultado de um esfor\u00e7o coletivo, que demonstra o quanto a integra\u00e7\u00e3o entre setores \u00e9 essencial para proteger a vida em todas as suas formas<em>\u201d<\/em>. A apresenta\u00e7\u00e3o refor\u00e7ou o compromisso do Estado com a implementa\u00e7\u00e3o efetiva da abordagem, promovendo integra\u00e7\u00e3o, coopera\u00e7\u00e3o e sustentabilidade nas pol\u00edticas p\u00fablicas de sa\u00fade.<\/p>\n<p>A superintendente de Vigil\u00e2ncia em Sa\u00fade, Larissa Castilho, abordou o tema\u00a0<em>\u201c<\/em>Governan\u00e7a Intersetorial e fortalecimento das a\u00e7\u00f5es na perspectiva de Sa\u00fade \u00danica<em>\u201d<\/em>, ressaltando a import\u00e2ncia da coopera\u00e7\u00e3o entre diferentes setores e institui\u00e7\u00f5es para aprimorar pol\u00edticas p\u00fablicas e fortalecer a capacidade de resposta do Estado frente aos desafios sanit\u00e1rios e ambientais.<br \/>\n<em>\u201cA<\/em>\u00a0governan\u00e7a intersetorial \u00e9 o caminho para transformar a gest\u00e3o p\u00fablica em uma rede de colabora\u00e7\u00e3o cont\u00ednua, garantindo respostas mais r\u00e1pidas e eficazes \u00e0s demandas da popula\u00e7\u00e3o<em>\u201d<\/em>, destacou Larissa.<\/p>\n<div id=\"gallery-1\" class=\"gallery galleryid-524203 gallery-columns-2 gallery-size-full\">\n<figure class=\"gallery-item\">\n<div class=\"gallery-icon landscape\"><a href=\"https:\/\/agenciadenoticias.ms.gov.br\/ms-avanca-na-consolidacao-da-saude-unica-com-foco-em-sustentabilidade-e-cooperacao-intersetorial\/simposio-saude-unica-foto-andre-lima-2\/\"><img loading=\"lazy\" decoding=\"async\" class=\"attachment-full size-full\" src=\"https:\/\/agenciadenoticias.ms.gov.br\/wp-content\/uploads\/2025\/10\/Simposio-Saude-unica-Foto-Andre-Lima-2.jpeg\" sizes=\"auto, (max-width: 1280px) 100vw, 1280px\" srcset=\"https:\/\/agenciadenoticias.ms.gov.br\/wp-content\/uploads\/2025\/10\/Simposio-Saude-unica-Foto-Andre-Lima-2.jpeg 1280w, https:\/\/agenciadenoticias.ms.gov.br\/wp-content\/uploads\/2025\/10\/Simposio-Saude-unica-Foto-Andre-Lima-2-300x225.jpeg 300w, https:\/\/agenciadenoticias.ms.gov.br\/wp-content\/uploads\/2025\/10\/Simposio-Saude-unica-Foto-Andre-Lima-2-1024x768.jpeg 1024w, https:\/\/agenciadenoticias.ms.gov.br\/wp-content\/uploads\/2025\/10\/Simposio-Saude-unica-Foto-Andre-Lima-2-768x576.jpeg 768w, https:\/\/agenciadenoticias.ms.gov.br\/wp-content\/uploads\/2025\/10\/Simposio-Saude-unica-Foto-Andre-Lima-2-320x240.jpeg 320w\" alt=\"\" width=\"1280\" height=\"960\" \/><\/a><\/div>\n<\/figure>\n<figure class=\"gallery-item\">\n<div class=\"gallery-icon landscape\"><a href=\"https:\/\/agenciadenoticias.ms.gov.br\/ms-avanca-na-consolidacao-da-saude-unica-com-foco-em-sustentabilidade-e-cooperacao-intersetorial\/simposio-saude-unica-foto-andre-lima-3\/\"><img loading=\"lazy\" decoding=\"async\" class=\"attachment-full size-full\" src=\"https:\/\/agenciadenoticias.ms.gov.br\/wp-content\/uploads\/2025\/10\/Simposio-Saude-unica-Foto-Andre-Lima-3.jpeg\" sizes=\"auto, (max-width: 1280px) 100vw, 1280px\" srcset=\"https:\/\/agenciadenoticias.ms.gov.br\/wp-content\/uploads\/2025\/10\/Simposio-Saude-unica-Foto-Andre-Lima-3.jpeg 1280w, https:\/\/agenciadenoticias.ms.gov.br\/wp-content\/uploads\/2025\/10\/Simposio-Saude-unica-Foto-Andre-Lima-3-300x225.jpeg 300w, https:\/\/agenciadenoticias.ms.gov.br\/wp-content\/uploads\/2025\/10\/Simposio-Saude-unica-Foto-Andre-Lima-3-1024x768.jpeg 1024w, https:\/\/agenciadenoticias.ms.gov.br\/wp-content\/uploads\/2025\/10\/Simposio-Saude-unica-Foto-Andre-Lima-3-768x576.jpeg 768w, https:\/\/agenciadenoticias.ms.gov.br\/wp-content\/uploads\/2025\/10\/Simposio-Saude-unica-Foto-Andre-Lima-3-320x240.jpeg 320w\" alt=\"\" width=\"1280\" height=\"960\" \/><\/a><\/div>\n<\/figure>\n<\/div>\n<p>Entre os destaques da programa\u00e7\u00e3o t\u00e9cnica esteve a palestra\u00a0<em>\u201c<\/em>Hospitais Verdes e Unidades de Sa\u00fade Sustent\u00e1veis<em>\u201d<\/em>, conduzida pelo Gerente de Gest\u00e3o de Res\u00edduos da SES, Serafim Maggioni, que abordou estrat\u00e9gias pr\u00e1ticas de sustentabilidade em institui\u00e7\u00f5es de sa\u00fade.\u00a0<em>\u201c<\/em>Quando aplicamos a sustentabilidade na rotina dos servi\u00e7os, melhoramos n\u00e3o apenas o meio ambiente, mas tamb\u00e9m a qualidade do atendimento e a sa\u00fade da popula\u00e7\u00e3o<em>\u201d<\/em>, ressaltou Serafim.<\/p>\n<p>O assessor t\u00e9cnico do Conass, Fernando Avendanho, trouxe o tema\u00a0<em>\u201c<\/em>Planejamento Integrado em Sa\u00fade \u00danica: Desafios das Emerg\u00eancias e das Mudan\u00e7as Clim\u00e1ticas\u201d. Ele enfatizou que \u201ca Sa\u00fade \u00danica deve ser compreendida como uma vis\u00e3o integrada da vida humana, animal e ambiental, e n\u00e3o apenas como um conceito te\u00f3rico<em>\u201d<\/em>, alertando para os impactos diretos das mudan\u00e7as clim\u00e1ticas na sa\u00fade e a necessidade de pol\u00edticas de adapta\u00e7\u00e3o sustent\u00e1veis.<\/p>\n<p>Na palestra\u00a0<em>\u201c<\/em>Inova\u00e7\u00e3o Tecnol\u00f3gica no SUS para a abordagem de Sa\u00fade \u00danica<em>\u201d<\/em>, o Gerente de Tecnologia e Sistemas da SES, Luiz Fabiano C\u00e2mara, apresentou o sistema e-Visita e seus impactos na vigil\u00e2ncia em sa\u00fade.\u00a0<em>\u201c<\/em>A tecnologia \u00e9 uma aliada estrat\u00e9gica na gest\u00e3o integrada e na resposta r\u00e1pida aos riscos sanit\u00e1rios e sociais<em>\u201d<\/em>, afirmou C\u00e2mara.<\/p>\n<p><img loading=\"lazy\" decoding=\"async\" class=\"alignleft wp-image-524207 size-medium\" src=\"https:\/\/agenciadenoticias.ms.gov.br\/wp-content\/uploads\/2025\/10\/Simposio-Saude-unica-Foto-Andre-Lima-4-300x225.jpeg\" sizes=\"auto, (max-width: 300px) 100vw, 300px\" srcset=\"https:\/\/agenciadenoticias.ms.gov.br\/wp-content\/uploads\/2025\/10\/Simposio-Saude-unica-Foto-Andre-Lima-4-300x225.jpeg 300w, https:\/\/agenciadenoticias.ms.gov.br\/wp-content\/uploads\/2025\/10\/Simposio-Saude-unica-Foto-Andre-Lima-4-1024x768.jpeg 1024w, https:\/\/agenciadenoticias.ms.gov.br\/wp-content\/uploads\/2025\/10\/Simposio-Saude-unica-Foto-Andre-Lima-4-768x576.jpeg 768w, https:\/\/agenciadenoticias.ms.gov.br\/wp-content\/uploads\/2025\/10\/Simposio-Saude-unica-Foto-Andre-Lima-4-320x240.jpeg 320w, https:\/\/agenciadenoticias.ms.gov.br\/wp-content\/uploads\/2025\/10\/Simposio-Saude-unica-Foto-Andre-Lima-4.jpeg 1280w\" alt=\"\" width=\"300\" height=\"225\" \/>O gerente da Assessoria de Comunica\u00e7\u00e3o do Conass (Conselho Nacional de Secret\u00e1rio de Sa\u00fade), Marcus Carvalho, discutiu\u00a0<em>\u201c<\/em>Educa\u00e7\u00e3o, Comunica\u00e7\u00e3o de Risco e Mobiliza\u00e7\u00e3o Social em Sa\u00fade \u00danica\u201d, destacando a relev\u00e2ncia da comunica\u00e7\u00e3o transparente e integrada. \u201cInformar com agilidade e clareza \u00e9 fundamental para fortalecer a confian\u00e7a da sociedade e evitar a desinforma\u00e7\u00e3o em momentos de crise<em>\u201d<\/em>, pontuou.<\/p>\n<p>Encerrando o simp\u00f3sio, o professor da Universidade Brasil, Evandro Tagliaferro, apresentou o tema\u00a0<em>\u201c<\/em>Construindo o futuro \u2013 integra\u00e7\u00e3o das metas da Sa\u00fade \u00danica com os Objetivos de Desenvolvimento Sustent\u00e1vel (ODS)<em>\u201d<\/em>. Ele defendeu a ado\u00e7\u00e3o de pr\u00e1ticas baseadas na economia circular, destacando que\u00a0<em>\u201c<\/em>a gest\u00e3o sustent\u00e1vel dos res\u00edduos \u00e9 um dos caminhos mais diretos para alcan\u00e7ar os ODS e promover sa\u00fade de forma integral<em>\u201d<\/em><em>.<\/em><\/p>\n","protected":false},"excerpt":{"rendered":"<p>A SES (Secretaria de Estado de Sa\u00fade), por meio da Superintend\u00eancia de Vigil\u00e2ncia em Sa\u00fade&#8230;<\/p>\n","protected":false},"author":13,"featured_media":11774884,"comment_status":"closed","ping_status":"closed","sticky":false,"template":"","format":"standard","meta":{"footnotes":""},"categories":[21],"tags":[222],"class_list":["post-11774883","post","type-post","status-publish","format-standard","has-post-thumbnail","hentry","category-saude","tag-saude"],"_links":{"self":[{"href":"https:\/\/www.corumbaonline.com.br\/news\/wp-json\/wp\/v2\/posts\/11774883","targetHints":{"allow":["GET"]}}],"collection":[{"href":"https:\/\/www.corumbaonline.com.br\/news\/wp-json\/wp\/v2\/posts"}],"about":[{"href":"https:\/\/www.corumbaonline.com.br\/news\/wp-json\/wp\/v2\/types\/post"}],"author":[{"embeddable":true,"href":"https:\/\/www.corumbaonline.com.br\/news\/wp-json\/wp\/v2\/users\/13"}],"replies":[{"embeddable":true,"href":"https:\/\/www.corumbaonline.com.br\/news\/wp-json\/wp\/v2\/comments?post=11774883"}],"version-history":[{"count":1,"href":"https:\/\/www.corumbaonline.com.br\/news\/wp-json\/wp\/v2\/posts\/11774883\/revisions"}],"predecessor-version":[{"id":11774885,"href":"https:\/\/www.corumbaonline.com.br\/news\/wp-json\/wp\/v2\/posts\/11774883\/revisions\/11774885"}],"wp:featuredmedia":[{"embeddable":true,"href":"https:\/\/www.corumbaonline.com.br\/news\/wp-json\/wp\/v2\/media\/11774884"}],"wp:attachment":[{"href":"https:\/\/www.corumbaonline.com.br\/news\/wp-json\/wp\/v2\/media?parent=11774883"}],"wp:term":[{"taxonomy":"category","embeddable":true,"href":"https:\/\/www.corumbaonline.com.br\/news\/wp-json\/wp\/v2\/categories?post=11774883"},{"taxonomy":"post_tag","embeddable":true,"href":"https:\/\/www.corumbaonline.com.br\/news\/wp-json\/wp\/v2\/tags?post=11774883"}],"curies":[{"name":"wp","href":"https:\/\/api.w.org\/{rel}","templated":true}]}}