{"id":11774913,"date":"2025-10-17T15:41:39","date_gmt":"2025-10-17T19:41:39","guid":{"rendered":"https:\/\/www.corumbaonline.com.br\/news\/?p=11774913"},"modified":"2025-10-17T15:41:41","modified_gmt":"2025-10-17T19:41:41","slug":"ministerio-da-saude-lanca-campanha-nacional-contra-a-sifilis-corumba-tem-acoes-nesta-semana","status":"publish","type":"post","link":"https:\/\/www.corumbaonline.com.br\/news\/ministerio-da-saude-lanca-campanha-nacional-contra-a-sifilis-corumba-tem-acoes-nesta-semana\/","title":{"rendered":"Minist\u00e9rio da Sa\u00fade lan\u00e7a campanha nacional contra a s\u00edfilis; Corumb\u00e1 tem a\u00e7\u00f5es nesta semana"},"content":{"rendered":"\n<p>O Minist\u00e9rio da Sa\u00fade lan\u00e7ou a Campanha Nacional de Enfrentamento \u00e0 S\u00edfilis, com o tema <strong>S\u00edfilis tem cura \u2013 Fa\u00e7a o teste, trate-se e previna-se<\/strong>. A mobiliza\u00e7\u00e3o refor\u00e7a a import\u00e2ncia da preven\u00e7\u00e3o, da testagem, do diagn\u00f3stico e do tratamento contra a doen\u00e7a, dispon\u00edveis pelo Sistema \u00danico de Sa\u00fade (SUS). No ano passado, Mato Grosso do Sul registrou cerca de <strong>3.575 casos de s\u00edfilis adquirida<\/strong> e foi o <strong>6\u00ba estado com maior taxa de detec\u00e7\u00e3o da doen\u00e7a em gestantes<\/strong>, al\u00e9m de registrar <strong>quatro mortes<\/strong>.<\/p>\n\n\n\n<figure class=\"wp-block-image size-full\"><img loading=\"lazy\" decoding=\"async\" width=\"819\" height=\"624\" src=\"https:\/\/www.corumbaonline.com.br\/news\/wp-content\/uploads\/2025\/10\/Captura-de-tela_17-10-2025_152321_-rotated.jpeg\" alt=\"\" class=\"wp-image-11774915\" srcset=\"https:\/\/www.corumbaonline.com.br\/news\/wp-content\/uploads\/2025\/10\/Captura-de-tela_17-10-2025_152321_-rotated.jpeg 819w, https:\/\/www.corumbaonline.com.br\/news\/wp-content\/uploads\/2025\/10\/Captura-de-tela_17-10-2025_152321_-300x229.jpeg 300w, https:\/\/www.corumbaonline.com.br\/news\/wp-content\/uploads\/2025\/10\/Captura-de-tela_17-10-2025_152321_-768x585.jpeg 768w\" sizes=\"auto, (max-width: 819px) 100vw, 819px\" \/><\/figure>\n\n\n\n<p> A campanha tem como foco <strong>jovens de 15 a 30 anos<\/strong>, <strong>gestantes<\/strong> e <strong>seus parceiros sexuais<\/strong>. Em 2024, a taxa nacional de s\u00edfilis em gestantes foi de <strong>35,4%<\/strong>, com <strong>1.493 gestantes diagnosticadas<\/strong> em Mato Grosso do Sul.<\/p>\n\n\n\n<p>A iniciativa integra o <strong>Outubro Verde<\/strong>, m\u00eas dedicado \u00e0 mobiliza\u00e7\u00e3o nacional contra a s\u00edfilis e a s\u00edfilis cong\u00eanita. A programa\u00e7\u00e3o nacional prev\u00ea webin\u00e1rios abertos ao p\u00fablico todas as quartas-feiras, \u00e0s 10h30, sobre diagn\u00f3stico, manejo cl\u00ednico, preven\u00e7\u00e3o e vigil\u00e2ncia. As transmiss\u00f5es ficam dispon\u00edveis nos canais oficiais do governo.<\/p>\n\n\n\n<figure class=\"wp-block-image size-full\"><img loading=\"lazy\" decoding=\"async\" width=\"649\" height=\"452\" src=\"https:\/\/www.corumbaonline.com.br\/news\/wp-content\/uploads\/2025\/10\/image-18.png\" alt=\"\" class=\"wp-image-11774914\" srcset=\"https:\/\/www.corumbaonline.com.br\/news\/wp-content\/uploads\/2025\/10\/image-18.png 649w, https:\/\/www.corumbaonline.com.br\/news\/wp-content\/uploads\/2025\/10\/image-18-300x209.png 300w\" sizes=\"auto, (max-width: 649px) 100vw, 649px\" \/><figcaption class=\"wp-element-caption\">Gr\u00e1fico dispon\u00edvel no <a href=\"https:\/\/www.bing.com\/ck\/a?!&amp;&amp;p=a9c5deb7a1a26c37134aab865db20216bcf7d7de1dd7837a783ff8ac26c95733JmltdHM9MTc2MDY1OTIwMA&amp;ptn=3&amp;ver=2&amp;hsh=4&amp;fclid=0085d9b5-6444-6f78-0544-cd2065506e5f&amp;psq=boletim+da+sificil+2025+ministerio+da+saude+&amp;u=a1aHR0cHM6Ly93d3cuZ292LmJyL3NhdWRlL3B0LWJyL2Fzc3VudG9zL25vdGljaWFzLzIwMjUvb3V0dWJyby9hcnF1aXZvcy9ib2xldGltX3NpZmlsaXNfMjAyNS5wZGYvQEBkb3dubG9hZC9maWxl\" data-type=\"link\" data-id=\"https:\/\/www.bing.com\/ck\/a?!&amp;&amp;p=a9c5deb7a1a26c37134aab865db20216bcf7d7de1dd7837a783ff8ac26c95733JmltdHM9MTc2MDY1OTIwMA&amp;ptn=3&amp;ver=2&amp;hsh=4&amp;fclid=0085d9b5-6444-6f78-0544-cd2065506e5f&amp;psq=boletim+da+sificil+2025+ministerio+da+saude+&amp;u=a1aHR0cHM6Ly93d3cuZ292LmJyL3NhdWRlL3B0LWJyL2Fzc3VudG9zL25vdGljaWFzLzIwMjUvb3V0dWJyby9hcnF1aXZvcy9ib2xldGltX3NpZmlsaXNfMjAyNS5wZGYvQEBkb3dubG9hZC9maWxl\">Boletim Epidemiol\u00f3gico<\/a>.<\/figcaption><\/figure>\n\n\n\n<p><strong>A\u00e7\u00f5es em Corumb\u00e1<\/strong><\/p>\n\n\n\n<p>Em Corumb\u00e1, as atividades do Outubro Verde incluem a\u00e7\u00f5es de testagem r\u00e1pida, consultas, palestras e atendimentos em Unidades B\u00e1sicas de Sa\u00fade, tanto na \u00e1rea urbana quanto na rural. As equipes de sa\u00fade tamb\u00e9m atuam em espa\u00e7os p\u00fablicos, como feiras livres, para facilitar o acesso de diferentes p\u00fablicos aos servi\u00e7os de preven\u00e7\u00e3o.<\/p>\n\n\n\n<p>Neste s\u00e1bado (18), hav\u00e9 uma a\u00e7\u00e3o extramuros da pasta da Sa\u00fade, em parceria com a Assist\u00eancia Social, voltada ao atendimento de pessoas em situa\u00e7\u00e3o de vulnerabilidade.<\/p>\n\n\n\n<p>O Minist\u00e9rio da Sa\u00fade refor\u00e7a que a s\u00edfilis tem cura e que o <strong>diagn\u00f3stico precoce<\/strong> permite o in\u00edcio do tratamento em tempo adequado, evitando complica\u00e7\u00f5es e reduzindo o risco de transmiss\u00e3o. O <strong>uso de preservativos<\/strong> continua sendo a principal forma de preven\u00e7\u00e3o contra a s\u00edfilis e outras Infec\u00e7\u00f5es Sexualmente Transmiss\u00edveis (ISTs).<\/p>\n\n\n\n<figure class=\"wp-block-image size-large\"><img loading=\"lazy\" decoding=\"async\" width=\"1024\" height=\"768\" src=\"https:\/\/www.corumbaonline.com.br\/news\/wp-content\/uploads\/2025\/10\/image-19-1024x768.png\" alt=\"\" class=\"wp-image-11774916\" srcset=\"https:\/\/www.corumbaonline.com.br\/news\/wp-content\/uploads\/2025\/10\/image-19-1024x768.png 1024w, https:\/\/www.corumbaonline.com.br\/news\/wp-content\/uploads\/2025\/10\/image-19-300x225.png 300w, https:\/\/www.corumbaonline.com.br\/news\/wp-content\/uploads\/2025\/10\/image-19-768x576.png 768w, https:\/\/www.corumbaonline.com.br\/news\/wp-content\/uploads\/2025\/10\/image-19-1536x1152.png 1536w, https:\/\/www.corumbaonline.com.br\/news\/wp-content\/uploads\/2025\/10\/image-19.png 1600w\" sizes=\"auto, (max-width: 1024px) 100vw, 1024px\" \/><\/figure>\n","protected":false},"excerpt":{"rendered":"<p>O Minist\u00e9rio da Sa\u00fade lan\u00e7ou a Campanha Nacional de Enfrentamento \u00e0 S\u00edfilis, com o tema&#8230;<\/p>\n","protected":false},"author":130,"featured_media":11774917,"comment_status":"closed","ping_status":"closed","sticky":false,"template":"","format":"standard","meta":{"footnotes":""},"categories":[8,21],"tags":[],"class_list":["post-11774913","post","type-post","status-publish","format-standard","has-post-thumbnail","hentry","category-destaque","category-saude"],"_links":{"self":[{"href":"https:\/\/www.corumbaonline.com.br\/news\/wp-json\/wp\/v2\/posts\/11774913","targetHints":{"allow":["GET"]}}],"collection":[{"href":"https:\/\/www.corumbaonline.com.br\/news\/wp-json\/wp\/v2\/posts"}],"about":[{"href":"https:\/\/www.corumbaonline.com.br\/news\/wp-json\/wp\/v2\/types\/post"}],"author":[{"embeddable":true,"href":"https:\/\/www.corumbaonline.com.br\/news\/wp-json\/wp\/v2\/users\/130"}],"replies":[{"embeddable":true,"href":"https:\/\/www.corumbaonline.com.br\/news\/wp-json\/wp\/v2\/comments?post=11774913"}],"version-history":[{"count":1,"href":"https:\/\/www.corumbaonline.com.br\/news\/wp-json\/wp\/v2\/posts\/11774913\/revisions"}],"predecessor-version":[{"id":11774918,"href":"https:\/\/www.corumbaonline.com.br\/news\/wp-json\/wp\/v2\/posts\/11774913\/revisions\/11774918"}],"wp:featuredmedia":[{"embeddable":true,"href":"https:\/\/www.corumbaonline.com.br\/news\/wp-json\/wp\/v2\/media\/11774917"}],"wp:attachment":[{"href":"https:\/\/www.corumbaonline.com.br\/news\/wp-json\/wp\/v2\/media?parent=11774913"}],"wp:term":[{"taxonomy":"category","embeddable":true,"href":"https:\/\/www.corumbaonline.com.br\/news\/wp-json\/wp\/v2\/categories?post=11774913"},{"taxonomy":"post_tag","embeddable":true,"href":"https:\/\/www.corumbaonline.com.br\/news\/wp-json\/wp\/v2\/tags?post=11774913"}],"curies":[{"name":"wp","href":"https:\/\/api.w.org\/{rel}","templated":true}]}}