{"id":11774964,"date":"2025-10-20T10:00:00","date_gmt":"2025-10-20T14:00:00","guid":{"rendered":"https:\/\/www.corumbaonline.com.br\/news\/?p=11774964"},"modified":"2025-10-20T09:41:13","modified_gmt":"2025-10-20T13:41:13","slug":"o-destino-pantanal-de-corumba-e-a-fundtur-ms-alinham-acoes-para-garantir-conectividade-aerea-permanente","status":"publish","type":"post","link":"https:\/\/www.corumbaonline.com.br\/news\/o-destino-pantanal-de-corumba-e-a-fundtur-ms-alinham-acoes-para-garantir-conectividade-aerea-permanente\/","title":{"rendered":"O destino Pantanal de Corumb\u00e1 e a Fundtur MS alinham a\u00e7\u00f5es para garantir conectividade a\u00e9rea permanente"},"content":{"rendered":"<p>O prefeito de Corumb\u00e1, Dr. Gabriel Alves de Oliveira, participou na manh\u00e3 da \u00faltima sexta-feira (17), em Campo Grande, de uma reuni\u00e3o na Funda\u00e7\u00e3o de Turismo de Mato Grosso do Sul (FUNDTUR MS) com o objetivo de discutir estrat\u00e9gias para a amplia\u00e7\u00e3o e regulariza\u00e7\u00e3o da malha a\u00e9rea que atende o munic\u00edpio.<\/p>\n<p>O encontro teve como foco principal o fortalecimento da conectividade a\u00e9rea de Corumb\u00e1 com o restante do pa\u00eds, visando impulsionar o turismo regional e atender \u00e0s demandas econ\u00f4micas e sociais da regi\u00e3o.<\/p>\n<p>Participaram da reuni\u00e3o o Diretor-Presidente da FUNDTUR MS, Bruno Wendling; o Diretor-Presidente da Funda\u00e7\u00e3o de Turismo do Pantanal, Zelinho Carvalho; o Gerente da AENA Corumb\u00e1, Gess\u00e9 Tavares de Almeida; e o Vice-Presidente da Associa\u00e7\u00e3o Corumbaense das Empresas Regionais de Turismo (ACERT), Admilson Esquivel.<\/p>\n<p>Durante a conversa, foram debatidas alternativas para atrair companhias a\u00e9reas dispostas a operar rotas regulares em Corumb\u00e1 de forma permanente, superando a atual sazonalidade das opera\u00e7\u00f5es. O objetivo \u00e9 garantir voos ao longo de todo o ano, atendendo n\u00e3o apenas o turismo tradicional, mas tamb\u00e9m eventos de grande porte, como o Carnaval, a temporada de pesca esportiva e outras atividades que movimentam a economia local.<\/p>\n<p>O prefeito Dr. Gabriel ressaltou a relev\u00e2ncia da pauta para o desenvolvimento integrado da cidade e do Pantanal.<\/p>\n<p>\u201c<em>Estamos trabalhando para que essa liga\u00e7\u00e3o com o restante do pa\u00eds seja cont\u00ednua, fortalecendo o turismo, o com\u00e9rcio e todos os setores que dependem da conectividade a\u00e9rea. Nossa miss\u00e3o \u00e9 garantir oportunidades que impulsionem o desenvolvimento regional e aproximem o Pantanal do Brasil\u201d<\/em>, afirmou.<\/p>\n<p>Zelinho Carvalho, da FUNDTUR PANTANAL, destacou a import\u00e2ncia da uni\u00e3o de esfor\u00e7os entre os setores p\u00fablico e privado.<\/p>\n<p><em>\u201cA conectividade a\u00e9rea \u00e9 essencial para o turismo e a economia local. Precisamos de uma companhia que se estabele\u00e7a em Corumb\u00e1 de forma definitiva. Essa \u00e9 uma pauta estrat\u00e9gica que exige engajamento do Estado, do Munic\u00edpio e do trade tur\u00edstico\u201d,<\/em>\u00a0declarou.<\/p>\n<p>A ACERT reiterou o compromisso de colaborar com dados atualizados sobre a demanda e a ocupa\u00e7\u00e3o m\u00e9dia dos voos. J\u00e1 a AENA, concession\u00e1ria respons\u00e1vel pelo Aeroporto Internacional de Corumb\u00e1, e o Governo do Estado, por meio da FUNDTUR MS, estudam medidas de incentivo e poss\u00edveis subs\u00eddios para viabilizar a perman\u00eancia das empresas a\u00e9reas interessadas em operar regularmente no munic\u00edpio.<\/p>\n","protected":false},"excerpt":{"rendered":"<p>O prefeito de Corumb\u00e1, Dr. Gabriel Alves de Oliveira, participou na manh\u00e3 da \u00faltima sexta-feira&#8230;<\/p>\n","protected":false},"author":70,"featured_media":11774966,"comment_status":"closed","ping_status":"closed","sticky":false,"template":"","format":"standard","meta":{"footnotes":""},"categories":[8,23],"tags":[226],"class_list":["post-11774964","post","type-post","status-publish","format-standard","has-post-thumbnail","hentry","category-destaque","category-turismo","tag-turismo"],"_links":{"self":[{"href":"https:\/\/www.corumbaonline.com.br\/news\/wp-json\/wp\/v2\/posts\/11774964","targetHints":{"allow":["GET"]}}],"collection":[{"href":"https:\/\/www.corumbaonline.com.br\/news\/wp-json\/wp\/v2\/posts"}],"about":[{"href":"https:\/\/www.corumbaonline.com.br\/news\/wp-json\/wp\/v2\/types\/post"}],"author":[{"embeddable":true,"href":"https:\/\/www.corumbaonline.com.br\/news\/wp-json\/wp\/v2\/users\/70"}],"replies":[{"embeddable":true,"href":"https:\/\/www.corumbaonline.com.br\/news\/wp-json\/wp\/v2\/comments?post=11774964"}],"version-history":[{"count":1,"href":"https:\/\/www.corumbaonline.com.br\/news\/wp-json\/wp\/v2\/posts\/11774964\/revisions"}],"predecessor-version":[{"id":11774967,"href":"https:\/\/www.corumbaonline.com.br\/news\/wp-json\/wp\/v2\/posts\/11774964\/revisions\/11774967"}],"wp:featuredmedia":[{"embeddable":true,"href":"https:\/\/www.corumbaonline.com.br\/news\/wp-json\/wp\/v2\/media\/11774966"}],"wp:attachment":[{"href":"https:\/\/www.corumbaonline.com.br\/news\/wp-json\/wp\/v2\/media?parent=11774964"}],"wp:term":[{"taxonomy":"category","embeddable":true,"href":"https:\/\/www.corumbaonline.com.br\/news\/wp-json\/wp\/v2\/categories?post=11774964"},{"taxonomy":"post_tag","embeddable":true,"href":"https:\/\/www.corumbaonline.com.br\/news\/wp-json\/wp\/v2\/tags?post=11774964"}],"curies":[{"name":"wp","href":"https:\/\/api.w.org\/{rel}","templated":true}]}}