{"id":11774981,"date":"2025-10-20T14:00:00","date_gmt":"2025-10-20T18:00:00","guid":{"rendered":"https:\/\/www.corumbaonline.com.br\/news\/?p=11774981"},"modified":"2025-10-20T14:13:28","modified_gmt":"2025-10-20T18:13:28","slug":"corumba-aprova-governo-riedel-e-bem-avaliado-por-moradores-revela-amostragem","status":"publish","type":"post","link":"https:\/\/www.corumbaonline.com.br\/news\/corumba-aprova-governo-riedel-e-bem-avaliado-por-moradores-revela-amostragem\/","title":{"rendered":"Corumb\u00e1 aprova: governo Riedel \u00e9 bem avaliado por moradores, revela Amostragem!"},"content":{"rendered":"<p>A Amostragem &#8211; Opini\u00e3o e Mercado divulgou nesta segunda-feira (20), resultado de uma pesquisa de opini\u00e3o trazendo dados sobre a avalia\u00e7\u00e3o da administra\u00e7\u00e3o do governador Eduardo Riedel em Corumb\u00e1.<\/p>\n<p>A sondagem ouviu presencialmente 500 pessoas da cidade de Corumb\u00e1, com 16 anos ou mais, entre os dias 6 e 10 de outubro, com intervalo de confian\u00e7a de 95% e margem de erro de 2 pontos percentuais para mais ou para menos.<\/p>\n<p><a href=\"https:\/\/www.corumbaonline.com.br\/news\/wp-content\/uploads\/2025\/10\/Perfil-do-Entrevistado-6.png\"><img loading=\"lazy\" decoding=\"async\" class=\"aligncenter size-full wp-image-11774919\" src=\"https:\/\/www.corumbaonline.com.br\/news\/wp-content\/uploads\/2025\/10\/Perfil-do-Entrevistado-6.png\" alt=\"\" width=\"517\" height=\"508\" srcset=\"https:\/\/www.corumbaonline.com.br\/news\/wp-content\/uploads\/2025\/10\/Perfil-do-Entrevistado-6.png 517w, https:\/\/www.corumbaonline.com.br\/news\/wp-content\/uploads\/2025\/10\/Perfil-do-Entrevistado-6-300x295.png 300w\" sizes=\"auto, (max-width: 517px) 100vw, 517px\" \/><\/a><\/p>\n<p>De acordo com o levantamento, o Governo de Eduardo Riedel \u00e9 considerado bom ou \u00f3timo para 38% dos entrevistados.<\/p>\n<p>J\u00e1 34% dos entrevistados disseram que consideram a administra\u00e7\u00e3o dele regular e 18% declararam que \u00e9 ruim ou p\u00e9ssima, sendo que 10% n\u00e3o sabem ou n\u00e3o responderam.<\/p>\n<p>Eduardo Riedel (PP) est\u00e1 finalizando seu terceiro ano de mandato e come\u00e7a a movimentar as pe\u00e7as do tabuleiro pol\u00edtico visando a sua reelei\u00e7\u00e3o.<\/p>\n\n\n<p><\/p>\n","protected":false},"excerpt":{"rendered":"<p>A Amostragem &#8211; Opini\u00e3o e Mercado divulgou nesta segunda-feira (20), resultado de uma pesquisa de&#8230;<\/p>\n","protected":false},"author":6,"featured_media":26508,"comment_status":"closed","ping_status":"closed","sticky":false,"template":"","format":"standard","meta":{"footnotes":""},"categories":[101],"tags":[279,645],"class_list":["post-11774981","post","type-post","status-publish","format-standard","has-post-thumbnail","hentry","category-eleicoes","tag-eleicoes","tag-eleicoes-2026"],"_links":{"self":[{"href":"https:\/\/www.corumbaonline.com.br\/news\/wp-json\/wp\/v2\/posts\/11774981","targetHints":{"allow":["GET"]}}],"collection":[{"href":"https:\/\/www.corumbaonline.com.br\/news\/wp-json\/wp\/v2\/posts"}],"about":[{"href":"https:\/\/www.corumbaonline.com.br\/news\/wp-json\/wp\/v2\/types\/post"}],"author":[{"embeddable":true,"href":"https:\/\/www.corumbaonline.com.br\/news\/wp-json\/wp\/v2\/users\/6"}],"replies":[{"embeddable":true,"href":"https:\/\/www.corumbaonline.com.br\/news\/wp-json\/wp\/v2\/comments?post=11774981"}],"version-history":[{"count":1,"href":"https:\/\/www.corumbaonline.com.br\/news\/wp-json\/wp\/v2\/posts\/11774981\/revisions"}],"predecessor-version":[{"id":11774982,"href":"https:\/\/www.corumbaonline.com.br\/news\/wp-json\/wp\/v2\/posts\/11774981\/revisions\/11774982"}],"wp:featuredmedia":[{"embeddable":true,"href":"https:\/\/www.corumbaonline.com.br\/news\/wp-json\/wp\/v2\/media\/26508"}],"wp:attachment":[{"href":"https:\/\/www.corumbaonline.com.br\/news\/wp-json\/wp\/v2\/media?parent=11774981"}],"wp:term":[{"taxonomy":"category","embeddable":true,"href":"https:\/\/www.corumbaonline.com.br\/news\/wp-json\/wp\/v2\/categories?post=11774981"},{"taxonomy":"post_tag","embeddable":true,"href":"https:\/\/www.corumbaonline.com.br\/news\/wp-json\/wp\/v2\/tags?post=11774981"}],"curies":[{"name":"wp","href":"https:\/\/api.w.org\/{rel}","templated":true}]}}