{"id":11774983,"date":"2025-10-20T15:36:00","date_gmt":"2025-10-20T19:36:00","guid":{"rendered":"https:\/\/www.corumbaonline.com.br\/news\/?p=11774983"},"modified":"2025-10-20T16:19:15","modified_gmt":"2025-10-20T20:19:15","slug":"troca-de-tiros-em-via-publica-termina-com-prisoes-e-apreensoes","status":"publish","type":"post","link":"https:\/\/www.corumbaonline.com.br\/news\/troca-de-tiros-em-via-publica-termina-com-prisoes-e-apreensoes\/","title":{"rendered":"Troca de tiros em via p\u00fablica termina com pris\u00f5es e apreens\u00f5es"},"content":{"rendered":"<p>Na noite de domingo (19), por volta das 22h, policiais militares da For\u00e7a T\u00e1tica do 6\u00ba Batalh\u00e3o de Pol\u00edcia Militar prenderam dois indiv\u00edduos, entre eles um menor de idade, ap\u00f3s confronto armado na rua Vinte e um de Setembro, em Corumb\u00e1. A a\u00e7\u00e3o resultou na apreens\u00e3o de armas e muni\u00e7\u00f5es e na pris\u00e3o dos envolvidos por porte ilegal de arma de fogo e disparo de arma de fogo.<\/p>\n<p>A equipe foi acionada via COPOM para verificar den\u00fancia de disparos em via p\u00fablica. Ao chegar ao local, os policiais constataram que havia diversas pessoas armadas trocando tiros entre si.<\/p>\n<p>Durante o patrulhamento a p\u00e9, a guarni\u00e7\u00e3o foi alvejada por disparos vindos de suspeitos, sendo necess\u00e1rio o revide proporcional para cessar a agress\u00e3o. Dois autores foram contidos e desarmados, sendo localizadas muni\u00e7\u00f5es e armas de fogo em poder dos mesmos.<\/p>\n<p>Durante a a\u00e7\u00e3o, populares tentaram interferir na pris\u00e3o, incluindo a m\u00e3e de um dos menores apreendidos, que reagiu de forma agressiva, sendo necess\u00e1rio o uso controlado de muni\u00e7\u00e3o de impacto n\u00e3o letal para cont\u00ea-la. A mulher n\u00e3o teve ferimentos graves e recebeu atendimento m\u00e9dico no local.<\/p>\n<p>Uma v\u00edtima de disparo foi encaminhada ao hospital com les\u00e3o leve no bra\u00e7o. Um terceiro adolescente, inicialmente detido durante o tumulto, foi posteriormente qualificado como testemunha dos fatos.<\/p>\n<p>Os suspeitos foram conduzidos \u00e0 Delegacia de Pol\u00edcia Civil, acompanhados por advogados. O uso de algemas foi devidamente fundamentado para garantir a seguran\u00e7a da a\u00e7\u00e3o.<\/p>\n","protected":false},"excerpt":{"rendered":"<p>Na noite de domingo (19), por volta das 22h, policiais militares da For\u00e7a T\u00e1tica do&#8230;<\/p>\n","protected":false},"author":6,"featured_media":11774997,"comment_status":"closed","ping_status":"closed","sticky":false,"template":"","format":"standard","meta":{"footnotes":""},"categories":[18],"tags":[249],"class_list":["post-11774983","post","type-post","status-publish","format-standard","has-post-thumbnail","hentry","category-seguranca","tag-seguranca"],"_links":{"self":[{"href":"https:\/\/www.corumbaonline.com.br\/news\/wp-json\/wp\/v2\/posts\/11774983","targetHints":{"allow":["GET"]}}],"collection":[{"href":"https:\/\/www.corumbaonline.com.br\/news\/wp-json\/wp\/v2\/posts"}],"about":[{"href":"https:\/\/www.corumbaonline.com.br\/news\/wp-json\/wp\/v2\/types\/post"}],"author":[{"embeddable":true,"href":"https:\/\/www.corumbaonline.com.br\/news\/wp-json\/wp\/v2\/users\/6"}],"replies":[{"embeddable":true,"href":"https:\/\/www.corumbaonline.com.br\/news\/wp-json\/wp\/v2\/comments?post=11774983"}],"version-history":[{"count":1,"href":"https:\/\/www.corumbaonline.com.br\/news\/wp-json\/wp\/v2\/posts\/11774983\/revisions"}],"predecessor-version":[{"id":11774998,"href":"https:\/\/www.corumbaonline.com.br\/news\/wp-json\/wp\/v2\/posts\/11774983\/revisions\/11774998"}],"wp:featuredmedia":[{"embeddable":true,"href":"https:\/\/www.corumbaonline.com.br\/news\/wp-json\/wp\/v2\/media\/11774997"}],"wp:attachment":[{"href":"https:\/\/www.corumbaonline.com.br\/news\/wp-json\/wp\/v2\/media?parent=11774983"}],"wp:term":[{"taxonomy":"category","embeddable":true,"href":"https:\/\/www.corumbaonline.com.br\/news\/wp-json\/wp\/v2\/categories?post=11774983"},{"taxonomy":"post_tag","embeddable":true,"href":"https:\/\/www.corumbaonline.com.br\/news\/wp-json\/wp\/v2\/tags?post=11774983"}],"curies":[{"name":"wp","href":"https:\/\/api.w.org\/{rel}","templated":true}]}}