{"id":11775040,"date":"2025-10-21T13:46:47","date_gmt":"2025-10-21T17:46:47","guid":{"rendered":"https:\/\/www.corumbaonline.com.br\/news\/?p=11775040"},"modified":"2025-10-21T14:21:57","modified_gmt":"2025-10-21T18:21:57","slug":"incendio-atinge-cabine-de-carreta-na-estrada-vermelha-em-corumba","status":"publish","type":"post","link":"https:\/\/www.corumbaonline.com.br\/news\/incendio-atinge-cabine-de-carreta-na-estrada-vermelha-em-corumba\/","title":{"rendered":"Inc\u00eandio atinge cabine de carreta na Estrada Vermelha, em Corumb\u00e1"},"content":{"rendered":"\n<p>O Corpo de Bombeiros foi acionado para conter um inc\u00eandio em uma carreta bitrem na Estrada Vermelha, \u00e1rea localizada atr\u00e1s da empresa Cimentos Ita\u00fa, em Corumb\u00e1, por volta das 10h45 desta ter\u00e7a-feira (21). <\/p>\n\n\n\n<p>As chamas atingiram a parte dianteira do ve\u00edculo, concentrando-se na cabine. O motorista relatou que percebeu um problema mec\u00e2nico durante o trajeto, parou o caminh\u00e3o e notou o in\u00edcio do fogo na parte inferior da cabine. Ele tentou controlar o inc\u00eandio com o extintor do ve\u00edculo, sem sucesso.<br><br>A equipe dos bombeiros utilizou cerca de 2.500 litros de \u00e1gua para extinguir as chamas e impedir que o fogo alcan\u00e7asse os compartimentos de carga. Ningu\u00e9m ficou ferido.<\/p>\n\n\n\n<p> Ap\u00f3s o atendimento, o local permaneceu sob responsabilidade do condutor e da empresa propriet\u00e1ria da carreta. O Corpo de Bombeiros refor\u00e7a a necessidade de manuten\u00e7\u00e3o regular dos sistemas el\u00e9trico e de combust\u00edvel e da verifica\u00e7\u00e3o peri\u00f3dica dos extintores veiculares, a\u00e7\u00f5es essenciais para evitar acidentes semelhantes.<\/p>\n\n\n\n<figure class=\"wp-block-video\"><video height=\"478\" style=\"aspect-ratio: 848 \/ 478;\" width=\"848\" controls src=\"https:\/\/www.corumbaonline.com.br\/news\/wp-content\/uploads\/2025\/10\/1000163751.mp4\"><\/video><\/figure>\n","protected":false},"excerpt":{"rendered":"<p>O Corpo de Bombeiros foi acionado para conter um inc\u00eandio em uma carreta bitrem na&#8230;<\/p>\n","protected":false},"author":6,"featured_media":11775043,"comment_status":"closed","ping_status":"closed","sticky":false,"template":"","format":"standard","meta":{"footnotes":""},"categories":[14],"tags":[],"class_list":["post-11775040","post","type-post","status-publish","format-standard","has-post-thumbnail","hentry","category-geral"],"_links":{"self":[{"href":"https:\/\/www.corumbaonline.com.br\/news\/wp-json\/wp\/v2\/posts\/11775040","targetHints":{"allow":["GET"]}}],"collection":[{"href":"https:\/\/www.corumbaonline.com.br\/news\/wp-json\/wp\/v2\/posts"}],"about":[{"href":"https:\/\/www.corumbaonline.com.br\/news\/wp-json\/wp\/v2\/types\/post"}],"author":[{"embeddable":true,"href":"https:\/\/www.corumbaonline.com.br\/news\/wp-json\/wp\/v2\/users\/6"}],"replies":[{"embeddable":true,"href":"https:\/\/www.corumbaonline.com.br\/news\/wp-json\/wp\/v2\/comments?post=11775040"}],"version-history":[{"count":4,"href":"https:\/\/www.corumbaonline.com.br\/news\/wp-json\/wp\/v2\/posts\/11775040\/revisions"}],"predecessor-version":[{"id":11775048,"href":"https:\/\/www.corumbaonline.com.br\/news\/wp-json\/wp\/v2\/posts\/11775040\/revisions\/11775048"}],"wp:featuredmedia":[{"embeddable":true,"href":"https:\/\/www.corumbaonline.com.br\/news\/wp-json\/wp\/v2\/media\/11775043"}],"wp:attachment":[{"href":"https:\/\/www.corumbaonline.com.br\/news\/wp-json\/wp\/v2\/media?parent=11775040"}],"wp:term":[{"taxonomy":"category","embeddable":true,"href":"https:\/\/www.corumbaonline.com.br\/news\/wp-json\/wp\/v2\/categories?post=11775040"},{"taxonomy":"post_tag","embeddable":true,"href":"https:\/\/www.corumbaonline.com.br\/news\/wp-json\/wp\/v2\/tags?post=11775040"}],"curies":[{"name":"wp","href":"https:\/\/api.w.org\/{rel}","templated":true}]}}