{"id":11775111,"date":"2025-10-22T15:27:29","date_gmt":"2025-10-22T19:27:29","guid":{"rendered":"https:\/\/www.corumbaonline.com.br\/news\/?p=11775111"},"modified":"2025-10-22T15:27:29","modified_gmt":"2025-10-22T19:27:29","slug":"em-12-anos-665-dos-jovens-conseguiram-deixar-o-bolsa-familia","status":"publish","type":"post","link":"https:\/\/www.corumbaonline.com.br\/news\/em-12-anos-665-dos-jovens-conseguiram-deixar-o-bolsa-familia\/","title":{"rendered":"Em 12 anos, 66,5% dos jovens conseguiram deixar o Bolsa Fam\u00edlia"},"content":{"rendered":"\n<p><strong>Um estudo do Instituto Mobilidade e Desenvolvimento Social (IMDS) mostra que, dos 15,5 milh\u00f5es de jovens de 7 a 16 anos que, em dezembro de 2012, recebiam o Bolsa Fam\u00edlia como dependentes, 10,3 milh\u00f5es (ou 66,5% deles) conseguiram deixar o programa nos 12 anos seguintes, at\u00e9 2024, indicando melhora ascens\u00e3o socioecon\u00f4mica.&nbsp;<\/strong><img decoding=\"async\" src=\"https:\/\/agenciabrasil.ebc.com.br\/ebc.png?id=1663931&amp;o=node\"><img decoding=\"async\" src=\"https:\/\/agenciabrasil.ebc.com.br\/ebc.gif?id=1663931&amp;o=node\"><\/p>\n\n\n\n<p>J\u00e1 5,2 milh\u00f5es (33,5%) dos jovens permaneciam, no ano passado, recebendo recursos do programa, evidenciando, segundo o levantamento, a persist\u00eancia de condi\u00e7\u00f5es de pobreza e a complexidade dos mecanismos de mobilidade social no Brasil.&nbsp;<\/p>\n\n\n\n<p><strong>Segundo o IMDS, os resultados refor\u00e7am a import\u00e2ncia da transfer\u00eancia de renda para o al\u00edvio imediato da pobreza, assim como a necessidade de pol\u00edticas complementares em educa\u00e7\u00e3o, sa\u00fade e gera\u00e7\u00e3o de emprego para quebrar o ciclo da vulnerabilidade social.<\/strong><\/p>\n\n\n\n<blockquote class=\"wp-block-quote is-layout-flow wp-block-quote-is-layout-flow\">\n<p>\u201cO estudo evidencia que o Bolsa Fam\u00edlia \u00e9 crucial para garantir condi\u00e7\u00f5es m\u00ednimas de sobreviv\u00eancia, mas tamb\u00e9m revela que, sozinho, n\u00e3o \u00e9 suficiente para promover mobilidade ampla e sustentada, pois n\u00e3o \u00e9 desenhado para isso. \u00c9 preciso integrar pol\u00edticas de transfer\u00eancia a estrat\u00e9gias que fortale\u00e7am a forma\u00e7\u00e3o de capital humano e a inser\u00e7\u00e3o produtiva dos jovens\u201d, destacou o presidente do IMDC, Paulo Tafner.&nbsp;<\/p>\n<\/blockquote>\n\n\n\n<p>Para o presidente do instituto, o caminho para os benefici\u00e1rios do programa deixarem a pobreza passa pelo ambiente macroecon\u00f4mico do pa\u00eds, a escolaridade dos pais e a infraestrutura no n\u00edvel municipal.&nbsp;<strong>\u201cEduca\u00e7\u00e3o de qualidade e saneamento no munic\u00edpio t\u00eam sido, historicamente, associados \u00e0 sa\u00edda da armadilha da pobreza.\u201d<\/strong><\/p>\n\n\n\n<h2 class=\"wp-block-heading\">Cadastro \u00danico<\/h2>\n\n\n\n<p><strong>O estudo destaca ainda que, dos 15,5 milh\u00f5es de jovens analisados, 7,6 milh\u00f5es se desligaram completamente da rede de prote\u00e7\u00e3o social e deixaram, at\u00e9 2024, inclusive o Cadastro \u00danico para Programas Sociais (Cad\u00danico)<\/strong>&nbsp;\u2013 sistema de identifica\u00e7\u00e3o e caracteriza\u00e7\u00e3o socioecon\u00f4mica que re\u00fane informa\u00e7\u00f5es detalhadas sobre fam\u00edlias de baixa renda em todo o territ\u00f3rio nacional \u2013 sugerindo trajet\u00f3rias mais expressivas de ascens\u00e3o socioecon\u00f4mica.<\/p>\n\n\n\n<p>A an\u00e1lise revelou que o desligamento do Cadastro \u00danico esteve fortemente associado \u00e0s condi\u00e7\u00f5es iniciais das fam\u00edlias em 2012. Fam\u00edlias com respons\u00e1veis mais escolarizados e com rendimentos ligeiramente mais altos apresentaram maior probabilidade de sa\u00edda, sugerindo trajet\u00f3rias de ascens\u00e3o.<strong>&nbsp;A baixa escolaridade dos jovens, por sua vez, elevou as chances de perman\u00eancia no cadastro nos 12 anos seguintes.&nbsp;<\/strong><\/p>\n\n\n\n<p>Homens apresentaram chance superior ao de mulheres de desligamento do cadastro e jovens pretos e pardos tiveram maior probabilidade de permanecer na rede de prote\u00e7\u00e3o social.<\/p>\n\n\n\n<h2 class=\"wp-block-heading\">Desigualdades regionais e perfil dos benefici\u00e1rios<\/h2>\n\n\n\n<p>O estudo identificou uma acentuada diferen\u00e7a regional nos padr\u00f5es de desligamento do Bolsa Fam\u00edlia e do Cad\u00danico.&nbsp;<strong>Enquanto as regi\u00f5es Sul, Sudeste e Centro-Oeste apresentaram taxas mais elevadas de sa\u00edda do programa e do cadastro, os munic\u00edpios do Nordeste e parte da Amaz\u00f4nia Legal registraram maior perman\u00eancia no Cad\u00danico e no Bolsa Fam\u00edlia, refletindo, segundo o levantamento, vulnerabilidades hist\u00f3ricas.<\/strong><\/p>\n\n\n\n<p><strong>O Nordeste, apesar de concentrar a maior parte dos benefici\u00e1rios em 2012, manteve em 2024 uma propor\u00e7\u00e3o mais alta de crian\u00e7as e jovens ainda vinculados ao Cadastro \u00danico.<\/strong>&nbsp;J\u00e1 no Sul e Sudeste, a maior incid\u00eancia de desligamentos, segundo o estudo, indica maior probabilidade de mobilidade, ainda que coexistam bols\u00f5es de vulnerabilidade em \u00e1reas metropolitanas e rurais. O Centro-Oeste exibe um quadro intermedi\u00e1rio, com taxas de sa\u00edda elevadas em \u00e1reas de fronteira agr\u00edcola e munic\u00edpios mais din\u00e2micos economicamente.<\/p>\n\n\n\n<p><a href=\"https:\/\/imdsbrasil.org\/wp-content\/uploads\/2025\/10\/Imds-R001-2025-DeterminantesSaidaCadastroUnico.pdf\" target=\"_blank\" rel=\"noreferrer noopener\">O estudo completo pode ser visto aqui<\/a>.<\/p>\n","protected":false},"excerpt":{"rendered":"<p>Um estudo do Instituto Mobilidade e Desenvolvimento Social (IMDS) mostra que, dos 15,5 milh\u00f5es de&#8230;<\/p>\n","protected":false},"author":4,"featured_media":0,"comment_status":"closed","ping_status":"closed","sticky":false,"template":"","format":"standard","meta":{"footnotes":""},"categories":[14],"tags":[],"class_list":["post-11775111","post","type-post","status-publish","format-standard","hentry","category-geral"],"_links":{"self":[{"href":"https:\/\/www.corumbaonline.com.br\/news\/wp-json\/wp\/v2\/posts\/11775111","targetHints":{"allow":["GET"]}}],"collection":[{"href":"https:\/\/www.corumbaonline.com.br\/news\/wp-json\/wp\/v2\/posts"}],"about":[{"href":"https:\/\/www.corumbaonline.com.br\/news\/wp-json\/wp\/v2\/types\/post"}],"author":[{"embeddable":true,"href":"https:\/\/www.corumbaonline.com.br\/news\/wp-json\/wp\/v2\/users\/4"}],"replies":[{"embeddable":true,"href":"https:\/\/www.corumbaonline.com.br\/news\/wp-json\/wp\/v2\/comments?post=11775111"}],"version-history":[{"count":1,"href":"https:\/\/www.corumbaonline.com.br\/news\/wp-json\/wp\/v2\/posts\/11775111\/revisions"}],"predecessor-version":[{"id":11775112,"href":"https:\/\/www.corumbaonline.com.br\/news\/wp-json\/wp\/v2\/posts\/11775111\/revisions\/11775112"}],"wp:attachment":[{"href":"https:\/\/www.corumbaonline.com.br\/news\/wp-json\/wp\/v2\/media?parent=11775111"}],"wp:term":[{"taxonomy":"category","embeddable":true,"href":"https:\/\/www.corumbaonline.com.br\/news\/wp-json\/wp\/v2\/categories?post=11775111"},{"taxonomy":"post_tag","embeddable":true,"href":"https:\/\/www.corumbaonline.com.br\/news\/wp-json\/wp\/v2\/tags?post=11775111"}],"curies":[{"name":"wp","href":"https:\/\/api.w.org\/{rel}","templated":true}]}}