{"id":11775671,"date":"2025-11-07T08:26:00","date_gmt":"2025-11-07T12:26:00","guid":{"rendered":"https:\/\/www.corumbaonline.com.br\/news\/?p=11775671"},"modified":"2025-11-07T07:55:23","modified_gmt":"2025-11-07T11:55:23","slug":"ifms-implantara-programa-de-saude-mental-estudantil","status":"publish","type":"post","link":"https:\/\/www.corumbaonline.com.br\/news\/ifms-implantara-programa-de-saude-mental-estudantil\/","title":{"rendered":"IFMS implantar\u00e1 Programa de Sa\u00fade Mental Estudantil"},"content":{"rendered":"<p>O Institituto Federal de Mato Grosso do Sul (IFMS) publicou nesta quinta-feira, 6, a\u00a0<a title=\"Portaria n\u00ba 1.140\/2025\" href=\"https:\/\/email.ifms.edu.br\/lists\/lt.php?tid=KxkCVlFbVFRVVktWUVFXTlADCgZOAQoOAxtaBABXVwgAU1QDXFofCVZUBAcCBFBOAVVXV04NAApUGwBRUARPBQJSB1QDXloIBQcDH1ICAwYCUlcDTghaXAYbDFZQBk8JVlZUH1AKVgBWAgNWVAIABw\" target=\"_blank\" rel=\"noopener noreferrer\">Portaria n\u00ba 1.140\/2025<\/a>, que institui um Grupo de Trabalho (GT) respons\u00e1vel por elaborar o Programa\u00a0Institucional de Sa\u00fade Mental dos Estudantes e o Protocolo de Atendimento Qualificado em Situa\u00e7\u00f5es de Sofrimento Ps\u00edquico da institui\u00e7\u00e3o.<\/p>\n<p>A medida foi adotada ap\u00f3s uma reuni\u00e3o emergencial realizada nesta manh\u00e3, no Campus Campo Grande, em raz\u00e3o de dois casos envolvendo estudantes em um intervalo de menos de dois meses na unidade.<\/p>\n<p>A reuni\u00e3o foi convocada e conduzida pela reitora Elaine Cassiano.<\/p>\n<p>\u201c\u00c9 nosso compromisso assegurar que cada estudante encontre no IFMS condi\u00e7\u00f5es adequadas para aprender, se desenvolver e permanecer estudando. A cria\u00e7\u00e3o deste Grupo de Trabalho \u00e9 mais um passo no fortalecimento de uma rede de cuidado que envolve a escola, o territ\u00f3rio e as pol\u00edticas p\u00fablicas. Estamos estruturando a\u00e7\u00f5es articuladas, pautadas em boas pr\u00e1ticas, escuta qualificada, responsabilidade e respeito \u00e0 diversidade das viv\u00eancias de nossos jovens&#8221;, destaca.<\/p>\n<p>Elaine refor\u00e7a que a atua\u00e7\u00e3o intersetorial \u00e9 essencial para que os fluxos se tornem seguros, humanizados e eficazes.<\/p>\n<p>\u201cNosso objetivo \u00e9 aprimorar os mecanismos de preven\u00e7\u00e3o e acolhimento, garantindo respostas oportunas e integradas \u00e0s situa\u00e7\u00f5es de sofrimento ps\u00edquico. Esse plano institucional nos permitir\u00e1 consolidar processos, capacitar equipes e qualificar ainda mais o trabalho desenvolvido nos campi&#8221;.<\/p>\n<p>Participaram da reuni\u00e3o gestores do Campus Campo Grande, al\u00e9m de representantes de outros setores do IFMS.<\/p>\n<p><strong>Grupo de Trabalho\u00a0<\/strong>&#8211; Ser\u00e1 respons\u00e1vel por elaborar dois documentos norteadores:<\/p>\n<ul>\n<li>Programa Institucional de Sa\u00fade Mental dos Estudantes do IFMS: com diretrizes, linhas de atua\u00e7\u00e3o, a\u00e7\u00f5es permanentes e estrat\u00e9gias de monitoramento; e<\/li>\n<li>Protocolo de Atendimento Qualificado em Situa\u00e7\u00f5es de Sofrimento Ps\u00edquico: para ser utilizado em situa\u00e7\u00f5es cr\u00edticas, com fluxos, responsabilidades, padr\u00f5es de documenta\u00e7\u00e3o e articula\u00e7\u00e3o intersetorial.<\/li>\n<\/ul>\n<p>O GT ser\u00e1 formado por representantes da reitoria e dos campi do IFMS, al\u00e9m de profissionais de \u00e1reas espec\u00edficas da institui\u00e7\u00e3o, como psic\u00f3logos, pedagogos, enfermeiros e servidores ligados \u00e0 assist\u00eancia estudantil. A portaria estabelece ainda a participa\u00e7\u00e3o de estudantes do Instituto Federal no Grupo de Trabalho.<\/p>\n<p>Especialistas externos poder\u00e3o ser convidados a participar dos trabalhos, tais quais\u00a0representantes de \u00f3rg\u00e3os p\u00fablicos, entidades da Rede de Aten\u00e7\u00e3o Psicossocial (RAPS) ou outras institui\u00e7\u00f5es.<\/p>\n<p>A\u00a0<a title=\"Portaria n\u00ba 1.140\/2025\" href=\"https:\/\/email.ifms.edu.br\/lists\/lt.php?tid=KxkCVlFbVFRVVktWUVFXTlADCgZOAQoOAxtaBABXVwgAU1QDXFofCVZUBAcCBFBOAVVXV04NAApUGwBRUARPBQJSB1QDXloIBQcDH1ICAwYCUlcDTghaXAYbDFZQBk8JVlZUH1AKVgBWAgNWVAIABw\" target=\"_blank\" rel=\"noopener noreferrer\">Portaria n\u00ba 1.140\/2025<\/a>\u00a0prev\u00ea, entre outras a\u00e7\u00f5es, a realiza\u00e7\u00e3o de um\u00a0diagn\u00f3stico institucional sobre situa\u00e7\u00f5es, fluxos e demandas relativas \u00e0 sa\u00fade mental estudantil, o mapeamento de fragilidades e potencialidades das estruturas existentes nos campi e a\u00a0proposi\u00e7\u00e3o de diretrizes para promo\u00e7\u00e3o, preven\u00e7\u00e3o, acolhimento e cuidado em sa\u00fade mental.<\/p>\n<p>O GT tem prazo de 90 dias para apresentar a minuta do\u00a0Programa Institucional de Sa\u00fade Mental dos Estudantes do IFMS e do\u00a0Protocolo de Atendimento Qualificado em Situa\u00e7\u00f5es de Sofrimento Ps\u00edquico, bem como um fluxograma atendimento, planos de forma\u00e7\u00e3o e capacita\u00e7\u00e3o para servidores e estudantes e de comunica\u00e7\u00e3o para situa\u00e7\u00f5es cr\u00edticas, bem como o relat\u00f3rio final com\u00a0diagn\u00f3stico, diretrizes, recomenda\u00e7\u00f5es e plano de implementa\u00e7\u00e3o.<\/p>\n<p><strong>Campo Grande<\/strong>\u00a0&#8211; Em nota publicada nesta quinta-feira, 6, o Campus Campo Grande do IFMS destaca que a sa\u00fade mental \u00e9 prioridade institucional e reafirma seu compromisso com a\u00e7\u00f5es de acolhimento \u00e0 comunidade escolar.<\/p>\n<p>Segundo a nota, o campus tem desenvolvido e ampliado iniciativas de preven\u00e7\u00e3o, incluindo o atendimento individual pela psicologia, apoio a a\u00e7\u00f5es formativas promovidas pelo Gr\u00eamio Estudantil e realiza\u00e7\u00e3o de atividades ligadas \u00e0 promo\u00e7\u00e3o da conviv\u00eancia respeitosa, preven\u00e7\u00e3o ao\u00a0<em>bullyin<\/em>g e educa\u00e7\u00e3o para a paz. O texto menciona parcerias com institui\u00e7\u00f5es de ensino superior, como Universidade Federal de Mato Grosso do Sul (UFMS) e Universidade Cat\u00f3lica Dom Bosco (UCDB), para a realiza\u00e7\u00e3o de a\u00e7\u00f5es formativas em sa\u00fade mental.<\/p>\n<p>\u201cVivemos um momento de grande sensibilidade, que exige equil\u00edbrio, responsabilidade e, sobretudo, cuidado coletivo. No Campus Campo Grande, temos buscado ampliar a\u00e7\u00f5es de escuta, di\u00e1logo e acolhimento, fortalecendo nossa articula\u00e7\u00e3o com as fam\u00edlias e com a rede de aten\u00e7\u00e3o psicossocial. Nosso compromisso \u00e9 garantir que cada estudante se sinta amparado, reconhecido e protegido, e que toda a comunidade escolar tenha acesso a informa\u00e7\u00f5es e espa\u00e7os de cuidado qualificados\u201d, assegura o diretor-geral do Campus Campo Grande, Dejahyr Lopes.<\/p>\n<p>No campo das a\u00e7\u00f5es de cuidado ap\u00f3s situa\u00e7\u00f5es de perda, o campus aponta a cria\u00e7\u00e3o de um Grupo de Trabalho local, o desenvolvimento de interven\u00e7\u00f5es espec\u00edficas em turmas enlutadas, reuni\u00f5es com fam\u00edlias e servidores, e intensifica\u00e7\u00e3o de a\u00e7\u00f5es formativas sobre fatores psicossociais de risco, luto e acolhimento. Essas iniciativas somam-se ao esfor\u00e7o institucional de fortalecer fluxos, ampliar parcerias e sistematizar a\u00e7\u00f5es cont\u00ednuas de cuidado.<\/p>\n<p><strong><a title=\"Portaria n\u00ba 1.240\/2025\" href=\"https:\/\/email.ifms.edu.br\/lists\/lt.php?tid=KxkCVlFbVFRVVktWUVFXTlADCgZOAQoOAxtaBABXVwgAU1QDXFofCVZUBAcCBFBOAVVXV04NAApUGwBRUARPBQJSB1QDXloIBQcDH1ICAwYCUlcDTghaXAYbDFZQBk8JVlZUH1AKVgBWAgNWVAIABw\" target=\"_blank\" rel=\"noopener noreferrer\">Portaria n\u00ba 1.140\/2025<\/a><\/strong>,\u00a0que institui\u00a0<strong>Grupo de Trabalho<\/strong>\u00a0para implanta\u00e7\u00e3o do\u00a0<strong>Programa de Sa\u00fade Mental Estudantil<\/strong>.<br \/>\n<strong><a title=\"Nota Oficial do Campus Campo Grand\" href=\"https:\/\/email.ifms.edu.br\/lists\/lt.php?tid=KxlUAlZZVwRSWEsAVFABTlAGVFNOAF1dVxsKVQoAUQkAUAVXBgkfCVZUBAcCBFBOAVVXV04NAApUGwBRUARPBQJSB1QDXloIBQcDH1ICAwYCUlcDTghaXAYbDFZQBk8JVlZUH1AKVgBWAgNWVAIABw\" target=\"_blank\" rel=\"noopener noreferrer\">Nota Oficial do Campus Campo Grande<\/a><\/strong>\u00a0na \u00edntegra.<\/p>\n","protected":false},"excerpt":{"rendered":"<p>O Institituto Federal de Mato Grosso do Sul (IFMS) publicou nesta quinta-feira, 6, a\u00a0Portaria n\u00ba&#8230;<\/p>\n","protected":false},"author":9,"featured_media":11771693,"comment_status":"closed","ping_status":"closed","sticky":false,"template":"","format":"standard","meta":{"footnotes":""},"categories":[10],"tags":[194],"class_list":["post-11775671","post","type-post","status-publish","format-standard","has-post-thumbnail","hentry","category-educacao","tag-educacao"],"_links":{"self":[{"href":"https:\/\/www.corumbaonline.com.br\/news\/wp-json\/wp\/v2\/posts\/11775671","targetHints":{"allow":["GET"]}}],"collection":[{"href":"https:\/\/www.corumbaonline.com.br\/news\/wp-json\/wp\/v2\/posts"}],"about":[{"href":"https:\/\/www.corumbaonline.com.br\/news\/wp-json\/wp\/v2\/types\/post"}],"author":[{"embeddable":true,"href":"https:\/\/www.corumbaonline.com.br\/news\/wp-json\/wp\/v2\/users\/9"}],"replies":[{"embeddable":true,"href":"https:\/\/www.corumbaonline.com.br\/news\/wp-json\/wp\/v2\/comments?post=11775671"}],"version-history":[{"count":1,"href":"https:\/\/www.corumbaonline.com.br\/news\/wp-json\/wp\/v2\/posts\/11775671\/revisions"}],"predecessor-version":[{"id":11775672,"href":"https:\/\/www.corumbaonline.com.br\/news\/wp-json\/wp\/v2\/posts\/11775671\/revisions\/11775672"}],"wp:featuredmedia":[{"embeddable":true,"href":"https:\/\/www.corumbaonline.com.br\/news\/wp-json\/wp\/v2\/media\/11771693"}],"wp:attachment":[{"href":"https:\/\/www.corumbaonline.com.br\/news\/wp-json\/wp\/v2\/media?parent=11775671"}],"wp:term":[{"taxonomy":"category","embeddable":true,"href":"https:\/\/www.corumbaonline.com.br\/news\/wp-json\/wp\/v2\/categories?post=11775671"},{"taxonomy":"post_tag","embeddable":true,"href":"https:\/\/www.corumbaonline.com.br\/news\/wp-json\/wp\/v2\/tags?post=11775671"}],"curies":[{"name":"wp","href":"https:\/\/api.w.org\/{rel}","templated":true}]}}