{"id":11775724,"date":"2025-11-08T08:25:00","date_gmt":"2025-11-08T12:25:00","guid":{"rendered":"https:\/\/www.corumbaonline.com.br\/news\/?p=11775724"},"modified":"2025-11-08T08:11:46","modified_gmt":"2025-11-08T12:11:46","slug":"ifms-convoca-candidatos-do-exame-de-selecao-2026-para-heteroidentificacao","status":"publish","type":"post","link":"https:\/\/www.corumbaonline.com.br\/news\/ifms-convoca-candidatos-do-exame-de-selecao-2026-para-heteroidentificacao\/","title":{"rendered":"IFMS convoca candidatos do Exame de Sele\u00e7\u00e3o 2026 para heteroidentifica\u00e7\u00e3o"},"content":{"rendered":"<p>O Instituto Federal de Mato Grosso do Sul (IFMS) publicou a convoca\u00e7\u00e3o para o procedimento de heteroidentifica\u00e7\u00e3o do Exame de Sele\u00e7\u00e3o 2026, processo seletivo para ingresso nos cursos t\u00e9cnicos integrados da institui\u00e7\u00e3o.<\/p>\n<p>A etapa \u00e9 obrigat\u00f3ria para os candidatos que se autodeclararam pretos ou pardos no ato da inscri\u00e7\u00e3o e concorrem \u00e0s vagas reservadas pelo sistema de cotas.<\/p>\n<p>O procedimento ser\u00e1 realizado de forma presencial nos dias 10, 11, 12, 13, 14, 17, 18 e 19 de novembro, nos campi do IFMS onde os cursos s\u00e3o ofertados. A data e o hor\u00e1rio espec\u00edficos de comparecimento de cada candidato constam no edital de convoca\u00e7\u00e3o, publicado na\u00a0<a title=\"Central de Sele\u00e7\u00e3o do IFMS\" href=\"https:\/\/email.ifms.edu.br\/lists\/lt.php?tid=KxkABAAJUQlXVUtUUlRWTlABBFROWw0MBBsBBwBSUARaAAACVw0fVVQCXlsEVQNOAVcBAE4NW1tUG1kABldPBFYDBgdSDldUBVYCH1ICAwYCUlcDTghaXAYbDFZQBk8JVlZUH1AKVgBWAgNWVAIABw\" target=\"_blank\" rel=\"noopener noreferrer\">Central de Sele\u00e7\u00e3o do IFMS<\/a>.<\/p>\n<p>Durante o procedimento, o candidato ser\u00e1 avaliado por uma comiss\u00e3o de heteroidentifica\u00e7\u00e3o, que verificar\u00e1 se os tra\u00e7os fenot\u00edpicos s\u00e3o compat\u00edveis com a autodeclara\u00e7\u00e3o de preto ou pardo.<\/p>\n<p>A sess\u00e3o ser\u00e1 conduzida de forma individual e o candidato dever\u00e1 apresentar um documento oficial de identifica\u00e7\u00e3o com foto. A n\u00e3o realiza\u00e7\u00e3o do procedimento implica perda do direito \u00e0 vaga reservada a candidatos pretos e pardos.<\/p>\n<p>Conifra o\u00a0<a title=\"edital de convova\u00e7\u00e3o para o procedimento de heteroidentifica\u00e7\u00e3o\" href=\"https:\/\/email.ifms.edu.br\/lists\/lt.php?tid=KxlWUwMJBlFWA0tUAVEBTlADUANOWwsADxsOBAYHWgAHUwQGBlwfVVQCXlsEVQNOAVcBAE4NW1tUG1kABldPBFYDBgdSDldUBVYCH1ICAwYCUlcDTghaXAYbDFZQBk8JVlZUH1AKVgBWAgNWVAIABw\" target=\"_blank\" rel=\"noopener noreferrer\">edital de convova\u00e7\u00e3o para o procedimento de heteroidentifica\u00e7\u00e3o.<\/a><\/p>\n<p><strong>Outras Cotas\u00a0<\/strong>&#8211; Os candidatos que que se autodeclararam ind\u00edgenas e quilombolas na inscri\u00e7\u00e3o do Exame de Sele\u00e7\u00e3o 2026 n\u00e3o precisam passar pela heteroidentifica\u00e7\u00e3o. No caso deles, ser\u00e1 preciso apresentar documentos comprobat\u00f3rios no momento da matr\u00edcula, que ser\u00e1 realizada em janeiro de 2026.<\/p>\n<p>A diretora de Educa\u00e7\u00e3o B\u00e1sic do IFMS, Gl\u00e1ucia Vasconcelos, refor\u00e7a que cada grupo de cotistas possui uma forma espec\u00edfica de verifica\u00e7\u00e3o.<\/p>\n<p>\u201cA heteroidentifica\u00e7\u00e3o \u00e9 uma etapa obrigat\u00f3ria apenas para os candidatos que se autodeclararam pretos ou pardos no momento da inscri\u00e7\u00e3o. Eles precisam comparecer presencialmente para confirmar a autodeclara\u00e7\u00e3o, conforme o edital. J\u00e1 os candidatos que concorrem por outras modalidades de cotas, como ind\u00edgenas ou quilombolas, n\u00e3o passam pela heteroidentifica\u00e7\u00e3o, mas devem apresentar a documenta\u00e7\u00e3o comprobat\u00f3ria exigida, quando forem convocados para a matr\u00edcula. \u00c9 importante que todos fiquem atentos aos prazos e \u00e0s orienta\u00e7\u00f5es para n\u00e3o perder o direito \u00e0 vaga na cota escolhida\u201d.<\/p>\n<p><strong>Cronograma\u00a0<\/strong>&#8211; Os resultados preliminar e final da heteroidentifica\u00e7\u00e3o ser\u00e3o divulgados no dia 27 de novembro e 9 de dezembro, respectivamente.<\/p>\n<p>J\u00e1 os resultados preliminar e final do processo seletivo est\u00e3o previstos para 11 e 17 de dezembro, respectivamente, com as matr\u00edculas da primeira chamada entre os dias 12 e 16 de janeiro.\u00a0As aulas ter\u00e3o in\u00edcio em fevereiro de 2026.<\/p>\n","protected":false},"excerpt":{"rendered":"<p>O Instituto Federal de Mato Grosso do Sul (IFMS) publicou a convoca\u00e7\u00e3o para o procedimento&#8230;<\/p>\n","protected":false},"author":9,"featured_media":0,"comment_status":"closed","ping_status":"closed","sticky":false,"template":"","format":"standard","meta":{"footnotes":""},"categories":[10],"tags":[194],"class_list":["post-11775724","post","type-post","status-publish","format-standard","hentry","category-educacao","tag-educacao"],"_links":{"self":[{"href":"https:\/\/www.corumbaonline.com.br\/news\/wp-json\/wp\/v2\/posts\/11775724","targetHints":{"allow":["GET"]}}],"collection":[{"href":"https:\/\/www.corumbaonline.com.br\/news\/wp-json\/wp\/v2\/posts"}],"about":[{"href":"https:\/\/www.corumbaonline.com.br\/news\/wp-json\/wp\/v2\/types\/post"}],"author":[{"embeddable":true,"href":"https:\/\/www.corumbaonline.com.br\/news\/wp-json\/wp\/v2\/users\/9"}],"replies":[{"embeddable":true,"href":"https:\/\/www.corumbaonline.com.br\/news\/wp-json\/wp\/v2\/comments?post=11775724"}],"version-history":[{"count":1,"href":"https:\/\/www.corumbaonline.com.br\/news\/wp-json\/wp\/v2\/posts\/11775724\/revisions"}],"predecessor-version":[{"id":11775725,"href":"https:\/\/www.corumbaonline.com.br\/news\/wp-json\/wp\/v2\/posts\/11775724\/revisions\/11775725"}],"wp:attachment":[{"href":"https:\/\/www.corumbaonline.com.br\/news\/wp-json\/wp\/v2\/media?parent=11775724"}],"wp:term":[{"taxonomy":"category","embeddable":true,"href":"https:\/\/www.corumbaonline.com.br\/news\/wp-json\/wp\/v2\/categories?post=11775724"},{"taxonomy":"post_tag","embeddable":true,"href":"https:\/\/www.corumbaonline.com.br\/news\/wp-json\/wp\/v2\/tags?post=11775724"}],"curies":[{"name":"wp","href":"https:\/\/api.w.org\/{rel}","templated":true}]}}