{"id":11775800,"date":"2025-11-11T08:38:00","date_gmt":"2025-11-11T12:38:00","guid":{"rendered":"https:\/\/www.corumbaonline.com.br\/news\/?p=11775800"},"modified":"2025-11-11T07:49:25","modified_gmt":"2025-11-11T11:49:25","slug":"ms-supera-convoca-todos-os-estudantes-do-cadastro-de-reserva-e-zera-fila-por-bolsa-de-estudo","status":"publish","type":"post","link":"https:\/\/www.corumbaonline.com.br\/news\/ms-supera-convoca-todos-os-estudantes-do-cadastro-de-reserva-e-zera-fila-por-bolsa-de-estudo\/","title":{"rendered":"MS Supera convoca todos os estudantes do cadastro de reserva e zera fila por bolsa de estudo"},"content":{"rendered":"<p>Programa que paga um sal\u00e1rio m\u00ednimo por m\u00eas para incentivar a perman\u00eancia e reduzir a evas\u00e3o escolar de estudantes em situa\u00e7\u00e3o de vulnerabilidade socioecon\u00f4mica nos cursos t\u00e9cnicos e universit\u00e1rios, sejam privados ou p\u00fablicos, o MS Supera est\u00e1 convocando todos os alunos do cadastro de reserva. S\u00e3o 195 novos bolsistas, que se juntam a acad\u00eamicos como Leonel Hamana Figueiredo, que j\u00e1 havia perdido a esperan\u00e7a de se tornar m\u00e9dico.<\/p>\n<p>Ele perdeu a m\u00e3e para a Covid em 2021 e, junto com a dor da perda, viu ser enterrado o sonho de se tornar um m\u00e9dico. Deixou a UFMS (Universidade Federal de Mato Grosso do Sul) para trabalhar em diversos lugares e n\u00e3o esperava voltar a estudar.<\/p>\n<p>Mas tudo mudou em 2024, com a ajuda do programa MS Supera. Ap\u00f3s conseguir a bolsa de estudo, Leonel passou em 2\u00ba lugar na prova da Maternidade C\u00e2ndido Mariano, onde fez est\u00e1gio em Obstetr\u00edcia por um ano, e no Hospital das Cl\u00ednicas da USP, em Ribeir\u00e3o Preto, onde estagiou por um m\u00eas.<\/p>\n<p>\u201cO programa, para mim, al\u00e9m de me manter numa universidade federal, em um curso de Medicina, me deu a oportunidade de ressuscitar o meu sonho de me tornar um m\u00e9dico. Eu n\u00e3o tinha dinheiro, \u00e0s vezes, para pagar a conta de \u00e1gua, quanto mais para ir para Ribeir\u00e3o Preto. Serei um m\u00e9dico e cuidarei de pessoas. Se a minha m\u00e3e estivesse viva, ela diria \u2018muito obrigado\u2019 e \u00e9 isso que eu digo: muito obrigado ao programa!\u201d, contou Leonel.<\/p>\n<p>A resolu\u00e7\u00e3o da Sead (Secretaria de Estado de Assist\u00eancia Social e dos Direitos Humanos) convocando os novos bolsistas foi publicada nesta ter\u00e7a-feira (11), no Di\u00e1rio Oficial do Estado. A lista dos candidatos habilitados e classificados est\u00e1 dispon\u00edvel no site da Sead (<a href=\"http:\/\/www.sead.ms.gov.br\/\">http:\/\/www.sead.ms.gov.br<\/a>), no link do programa.<\/p>\n<div id=\"gallery-1\" class=\"gallery galleryid-526166 gallery-columns-3 gallery-size-large\">\n<figure class=\"gallery-item\">\n<div class=\"gallery-icon landscape\"><a href=\"https:\/\/agenciadenoticias.ms.gov.br\/wp-content\/uploads\/2025\/11\/MS-Supera-Convocados-Foto-Laucymara-Ayala-Sead-2.jpeg\"><img loading=\"lazy\" decoding=\"async\" class=\"attachment-large size-large\" src=\"https:\/\/agenciadenoticias.ms.gov.br\/wp-content\/uploads\/2025\/11\/MS-Supera-Convocados-Foto-Laucymara-Ayala-Sead-2-1024x768.jpeg\" sizes=\"auto, (max-width: 1024px) 100vw, 1024px\" srcset=\"https:\/\/agenciadenoticias.ms.gov.br\/wp-content\/uploads\/2025\/11\/MS-Supera-Convocados-Foto-Laucymara-Ayala-Sead-2-1024x768.jpeg 1024w, https:\/\/agenciadenoticias.ms.gov.br\/wp-content\/uploads\/2025\/11\/MS-Supera-Convocados-Foto-Laucymara-Ayala-Sead-2-300x225.jpeg 300w, https:\/\/agenciadenoticias.ms.gov.br\/wp-content\/uploads\/2025\/11\/MS-Supera-Convocados-Foto-Laucymara-Ayala-Sead-2-768x576.jpeg 768w, https:\/\/agenciadenoticias.ms.gov.br\/wp-content\/uploads\/2025\/11\/MS-Supera-Convocados-Foto-Laucymara-Ayala-Sead-2-1536x1152.jpeg 1536w, https:\/\/agenciadenoticias.ms.gov.br\/wp-content\/uploads\/2025\/11\/MS-Supera-Convocados-Foto-Laucymara-Ayala-Sead-2-320x240.jpeg 320w, https:\/\/agenciadenoticias.ms.gov.br\/wp-content\/uploads\/2025\/11\/MS-Supera-Convocados-Foto-Laucymara-Ayala-Sead-2.jpeg 1600w\" alt=\"\" width=\"1024\" height=\"768\" \/><\/a><\/div>\n<\/figure>\n<figure class=\"gallery-item\">\n<div class=\"gallery-icon landscape\"><a href=\"https:\/\/agenciadenoticias.ms.gov.br\/wp-content\/uploads\/2025\/11\/MS-Supera-Convocados-Foto-Laucymara-Ayala-Sead-1.jpeg\"><img loading=\"lazy\" decoding=\"async\" class=\"attachment-large size-large\" src=\"https:\/\/agenciadenoticias.ms.gov.br\/wp-content\/uploads\/2025\/11\/MS-Supera-Convocados-Foto-Laucymara-Ayala-Sead-1-1024x768.jpeg\" sizes=\"auto, (max-width: 1024px) 100vw, 1024px\" srcset=\"https:\/\/agenciadenoticias.ms.gov.br\/wp-content\/uploads\/2025\/11\/MS-Supera-Convocados-Foto-Laucymara-Ayala-Sead-1-1024x768.jpeg 1024w, https:\/\/agenciadenoticias.ms.gov.br\/wp-content\/uploads\/2025\/11\/MS-Supera-Convocados-Foto-Laucymara-Ayala-Sead-1-300x225.jpeg 300w, https:\/\/agenciadenoticias.ms.gov.br\/wp-content\/uploads\/2025\/11\/MS-Supera-Convocados-Foto-Laucymara-Ayala-Sead-1-768x576.jpeg 768w, https:\/\/agenciadenoticias.ms.gov.br\/wp-content\/uploads\/2025\/11\/MS-Supera-Convocados-Foto-Laucymara-Ayala-Sead-1-320x240.jpeg 320w, https:\/\/agenciadenoticias.ms.gov.br\/wp-content\/uploads\/2025\/11\/MS-Supera-Convocados-Foto-Laucymara-Ayala-Sead-1.jpeg 1280w\" alt=\"\" width=\"1024\" height=\"768\" \/><\/a><\/div>\n<\/figure>\n<figure class=\"gallery-item\">\n<div class=\"gallery-icon landscape\"><a href=\"https:\/\/agenciadenoticias.ms.gov.br\/wp-content\/uploads\/2025\/11\/MS-Supera-Convocados-Foto-Laucymara-Ayala-Sead-3.jpeg\"><img loading=\"lazy\" decoding=\"async\" class=\"attachment-large size-large\" src=\"https:\/\/agenciadenoticias.ms.gov.br\/wp-content\/uploads\/2025\/11\/MS-Supera-Convocados-Foto-Laucymara-Ayala-Sead-3-1024x768.jpeg\" sizes=\"auto, (max-width: 1024px) 100vw, 1024px\" srcset=\"https:\/\/agenciadenoticias.ms.gov.br\/wp-content\/uploads\/2025\/11\/MS-Supera-Convocados-Foto-Laucymara-Ayala-Sead-3-1024x768.jpeg 1024w, https:\/\/agenciadenoticias.ms.gov.br\/wp-content\/uploads\/2025\/11\/MS-Supera-Convocados-Foto-Laucymara-Ayala-Sead-3-300x225.jpeg 300w, https:\/\/agenciadenoticias.ms.gov.br\/wp-content\/uploads\/2025\/11\/MS-Supera-Convocados-Foto-Laucymara-Ayala-Sead-3-768x576.jpeg 768w, https:\/\/agenciadenoticias.ms.gov.br\/wp-content\/uploads\/2025\/11\/MS-Supera-Convocados-Foto-Laucymara-Ayala-Sead-3-1536x1152.jpeg 1536w, https:\/\/agenciadenoticias.ms.gov.br\/wp-content\/uploads\/2025\/11\/MS-Supera-Convocados-Foto-Laucymara-Ayala-Sead-3-320x240.jpeg 320w, https:\/\/agenciadenoticias.ms.gov.br\/wp-content\/uploads\/2025\/11\/MS-Supera-Convocados-Foto-Laucymara-Ayala-Sead-3.jpeg 1600w\" alt=\"\" width=\"1024\" height=\"768\" \/><\/a><\/div>\n<\/figure>\n<\/div>\n<p><em>Leonel, de camisa preta na imagem central, contou sua experi\u00eancia para o p\u00fablico presente<\/em><\/p>\n<p>Eles dever\u00e3o apresentar, de 12 a 19 de novembro de 2025, os documentos atualizados, sob pena de perda do direito \u00e0 concess\u00e3o do benef\u00edcio. S\u00e3o necess\u00e1rios: comprovante de resid\u00eancia; comprovante de renda formal ou informal do candidato e de todos os membros do n\u00facleo familiar com idade igual ou superior a 16 anos; hist\u00f3rico escolar; comprovante de matr\u00edcula; e declara\u00e7\u00f5es de que n\u00e3o possui outra gradua\u00e7\u00e3o de n\u00edvel superior conclu\u00edda e de que n\u00e3o \u00e9 benefici\u00e1rio de qualquer outro tipo de benef\u00edcio remunerado ou aux\u00edlio financeiro com a mesma finalidade.<\/p>\n<p>Quem recebe outra bolsa de estudo, ainda pode optar por abrir m\u00e3o do benef\u00edcio anterior para ficar com o MS Supera. Nesse caso, basta assinalar na declara\u00e7\u00e3o a op\u00e7\u00e3o SIM, de que \u00e9 benefici\u00e1rio de outro programa, e entregar anexo no sistema o Termo de Op\u00e7\u00e3o de Benef\u00edcio preenchido e assinado, conforme modelo dispon\u00edvel no site da Sead.<\/p>\n<p>Documentos e declara\u00e7\u00f5es enviados pelos convocados ser\u00e3o analisados pela Unidade Gestora do Programa no per\u00edodo de 24 de novembro a 1\u00ba de dezembro de 2025.<\/p>\n<p>Depois de terem os documentos validados, bastar\u00e1 assinar o Termo de Concess\u00e3o do Benef\u00edcio, disponibilizado diretamente na p\u00e1gina do Sistema MS Supera, no prazo de 2 de dezembro de 2025, a partir das 7h30, at\u00e9 o dia 8 de dezembro de 2025, \u00e0s 23h59.<\/p>\n<p>No caso de menores de idade, al\u00e9m do estudante, dever\u00e3o assinar o Termo de Concess\u00e3o do Benef\u00edcio o pai, a m\u00e3e ou o respons\u00e1vel legal, no campo pr\u00f3prio indicado, utilizando, preferencialmente, a mesma ferramenta de assinatura GOV.BR.<\/p>\n<div id=\"gallery-2\" class=\"gallery galleryid-526166 gallery-columns-1 gallery-size-large\">\n<figure class=\"gallery-item\">\n<div class=\"gallery-icon landscape\"><a href=\"https:\/\/agenciadenoticias.ms.gov.br\/wp-content\/uploads\/2025\/11\/MS-Supera-Convocados-Foto-Laucymara-Ayala-Sead-4.jpeg\"><img loading=\"lazy\" decoding=\"async\" class=\"attachment-large size-large\" src=\"https:\/\/agenciadenoticias.ms.gov.br\/wp-content\/uploads\/2025\/11\/MS-Supera-Convocados-Foto-Laucymara-Ayala-Sead-4-1024x473.jpeg\" sizes=\"auto, (max-width: 1024px) 100vw, 1024px\" srcset=\"https:\/\/agenciadenoticias.ms.gov.br\/wp-content\/uploads\/2025\/11\/MS-Supera-Convocados-Foto-Laucymara-Ayala-Sead-4-1024x473.jpeg 1024w, https:\/\/agenciadenoticias.ms.gov.br\/wp-content\/uploads\/2025\/11\/MS-Supera-Convocados-Foto-Laucymara-Ayala-Sead-4-300x138.jpeg 300w, https:\/\/agenciadenoticias.ms.gov.br\/wp-content\/uploads\/2025\/11\/MS-Supera-Convocados-Foto-Laucymara-Ayala-Sead-4-768x354.jpeg 768w, https:\/\/agenciadenoticias.ms.gov.br\/wp-content\/uploads\/2025\/11\/MS-Supera-Convocados-Foto-Laucymara-Ayala-Sead-4-350x162.jpeg 350w, https:\/\/agenciadenoticias.ms.gov.br\/wp-content\/uploads\/2025\/11\/MS-Supera-Convocados-Foto-Laucymara-Ayala-Sead-4.jpeg 1170w\" alt=\"\" width=\"1024\" height=\"473\" \/><\/a><\/div>\n<\/figure>\n<\/div>\n<p><strong>Servi\u00e7o<\/strong><\/p>\n<p>Para quem quiser mais informa\u00e7\u00f5es sobre o programa, a Supes (Superintend\u00eancia de Programas Sociais Estruturantes) fica na Rua 14 de Julho, 1269, no Centro de Campo Grande. O WhatsApp do MS Supera \u00e9 o (67) 3314-4846, os telefones s\u00e3o (67) 3368-9044, 3368-9045 e 3368-9052 e o e-mail \u00e9\u00a0<a href=\"mailto:mssupera@sead.ms.gov.br\">mssupera@sead.ms.gov.br<\/a>.<\/p>\n","protected":false},"excerpt":{"rendered":"<p>Programa que paga um sal\u00e1rio m\u00ednimo por m\u00eas para incentivar a perman\u00eancia e reduzir a&#8230;<\/p>\n","protected":false},"author":13,"featured_media":11775801,"comment_status":"closed","ping_status":"closed","sticky":false,"template":"","format":"standard","meta":{"footnotes":""},"categories":[10],"tags":[194],"class_list":["post-11775800","post","type-post","status-publish","format-standard","has-post-thumbnail","hentry","category-educacao","tag-educacao"],"_links":{"self":[{"href":"https:\/\/www.corumbaonline.com.br\/news\/wp-json\/wp\/v2\/posts\/11775800","targetHints":{"allow":["GET"]}}],"collection":[{"href":"https:\/\/www.corumbaonline.com.br\/news\/wp-json\/wp\/v2\/posts"}],"about":[{"href":"https:\/\/www.corumbaonline.com.br\/news\/wp-json\/wp\/v2\/types\/post"}],"author":[{"embeddable":true,"href":"https:\/\/www.corumbaonline.com.br\/news\/wp-json\/wp\/v2\/users\/13"}],"replies":[{"embeddable":true,"href":"https:\/\/www.corumbaonline.com.br\/news\/wp-json\/wp\/v2\/comments?post=11775800"}],"version-history":[{"count":1,"href":"https:\/\/www.corumbaonline.com.br\/news\/wp-json\/wp\/v2\/posts\/11775800\/revisions"}],"predecessor-version":[{"id":11775802,"href":"https:\/\/www.corumbaonline.com.br\/news\/wp-json\/wp\/v2\/posts\/11775800\/revisions\/11775802"}],"wp:featuredmedia":[{"embeddable":true,"href":"https:\/\/www.corumbaonline.com.br\/news\/wp-json\/wp\/v2\/media\/11775801"}],"wp:attachment":[{"href":"https:\/\/www.corumbaonline.com.br\/news\/wp-json\/wp\/v2\/media?parent=11775800"}],"wp:term":[{"taxonomy":"category","embeddable":true,"href":"https:\/\/www.corumbaonline.com.br\/news\/wp-json\/wp\/v2\/categories?post=11775800"},{"taxonomy":"post_tag","embeddable":true,"href":"https:\/\/www.corumbaonline.com.br\/news\/wp-json\/wp\/v2\/tags?post=11775800"}],"curies":[{"name":"wp","href":"https:\/\/api.w.org\/{rel}","templated":true}]}}