{"id":11775890,"date":"2025-11-12T13:00:00","date_gmt":"2025-11-12T17:00:00","guid":{"rendered":"https:\/\/www.corumbaonline.com.br\/news\/?p=11775890"},"modified":"2025-11-12T12:44:14","modified_gmt":"2025-11-12T16:44:14","slug":"gestao-democratica-eleicoes-para-dirigentes-e-colegiados-da-reme-serao-no-dia-18-de-novembro","status":"publish","type":"post","link":"https:\/\/www.corumbaonline.com.br\/news\/gestao-democratica-eleicoes-para-dirigentes-e-colegiados-da-reme-serao-no-dia-18-de-novembro\/","title":{"rendered":"Gest\u00e3o democr\u00e1tica: elei\u00e7\u00f5es para dirigentes e colegiados da Reme ser\u00e3o no dia 18 de novembro"},"content":{"rendered":"<p>A Prefeitura de Corumb\u00e1, por meio da Secretaria Municipal de Educa\u00e7\u00e3o (Semed), iniciou o processo eleitoral nas escolas municipais e Cemeis para a escolha de diretores, diretores-adjuntos e membros dos colegiados escolares da Rede Municipal de Ensino (Reme). As elei\u00e7\u00f5es visam fortalecer a gest\u00e3o democr\u00e1tica, garantindo a participa\u00e7\u00e3o da comunidade escolar nas decis\u00f5es das unidades e ser\u00e3o realizadas no dia 18 de novembro.<\/p>\n<p>A campanha dos candidatos come\u00e7ou no dia 3 de novembro e vai at\u00e9 dia 14. Nesse per\u00edodo as chapas podem apresentar seus projetos de gest\u00e3o escolar \u00e0 comunidade.<br \/>\nConfira\u00a0<em><strong><a href=\"https:\/\/drive.google.com\/file\/d\/1z0wpIc853KJgs3CsGsICWreWsJDC7xyB\/view?usp=sharing\">aqui<\/a>\u00a0<\/strong><\/em>o registro de candidaturas para o processo eleitoral dos dirigentes escolares das escolas municipais e Cemeis.<\/p>\n<p>Na mesma data ocorrer\u00e1 tamb\u00e9m a elei\u00e7\u00e3o dos colegiados escolares. O colegiado \u00e9 um \u00f3rg\u00e3o representativo da comunidade escolar, com fun\u00e7\u00f5es consultivas, deliberativas e avaliativas, essencial para apoiar a dire\u00e7\u00e3o e fortalecer a participa\u00e7\u00e3o coletiva na gest\u00e3o das unidades.A\u00a0<em><strong><a href=\"https:\/\/drive.google.com\/file\/d\/1rCYxU1JmCRY72LF03voF5qFjwaYtHG5q\/view\">Resolu\u00e7\u00e3o Semed n\u00ba 229<\/a><\/strong><\/em>, de 30 de outubro de 2025, divulga o registro das candidaturas dos colegiados escolares da Reme.<\/p>\n<p>As vota\u00e7\u00f5es ser\u00e3o realizadas nos seguintes hor\u00e1rios:<\/p>\n<p>Escolas Rurais e de Tempo Integral: 08h \u00e0s 14h<br \/>\nCemeis e Escolas Regulares: 08h \u00e0s 15h<br \/>\nEscolas com EJA (Educa\u00e7\u00e3o de Jovens e Adultos): 8h \u00e0s 19h<\/p>\n<p>A homologa\u00e7\u00e3o definitiva dos gestores eleitos est\u00e1 prevista para 19 de dezembro e do Colegiado Escolar no dia 15 de dezembro.<\/p>\n","protected":false},"excerpt":{"rendered":"<p>A Prefeitura de Corumb\u00e1, por meio da Secretaria Municipal de Educa\u00e7\u00e3o (Semed), iniciou o processo&#8230;<\/p>\n","protected":false},"author":70,"featured_media":11775891,"comment_status":"closed","ping_status":"closed","sticky":false,"template":"","format":"standard","meta":{"footnotes":""},"categories":[10],"tags":[194],"class_list":["post-11775890","post","type-post","status-publish","format-standard","has-post-thumbnail","hentry","category-educacao","tag-educacao"],"_links":{"self":[{"href":"https:\/\/www.corumbaonline.com.br\/news\/wp-json\/wp\/v2\/posts\/11775890","targetHints":{"allow":["GET"]}}],"collection":[{"href":"https:\/\/www.corumbaonline.com.br\/news\/wp-json\/wp\/v2\/posts"}],"about":[{"href":"https:\/\/www.corumbaonline.com.br\/news\/wp-json\/wp\/v2\/types\/post"}],"author":[{"embeddable":true,"href":"https:\/\/www.corumbaonline.com.br\/news\/wp-json\/wp\/v2\/users\/70"}],"replies":[{"embeddable":true,"href":"https:\/\/www.corumbaonline.com.br\/news\/wp-json\/wp\/v2\/comments?post=11775890"}],"version-history":[{"count":1,"href":"https:\/\/www.corumbaonline.com.br\/news\/wp-json\/wp\/v2\/posts\/11775890\/revisions"}],"predecessor-version":[{"id":11775892,"href":"https:\/\/www.corumbaonline.com.br\/news\/wp-json\/wp\/v2\/posts\/11775890\/revisions\/11775892"}],"wp:featuredmedia":[{"embeddable":true,"href":"https:\/\/www.corumbaonline.com.br\/news\/wp-json\/wp\/v2\/media\/11775891"}],"wp:attachment":[{"href":"https:\/\/www.corumbaonline.com.br\/news\/wp-json\/wp\/v2\/media?parent=11775890"}],"wp:term":[{"taxonomy":"category","embeddable":true,"href":"https:\/\/www.corumbaonline.com.br\/news\/wp-json\/wp\/v2\/categories?post=11775890"},{"taxonomy":"post_tag","embeddable":true,"href":"https:\/\/www.corumbaonline.com.br\/news\/wp-json\/wp\/v2\/tags?post=11775890"}],"curies":[{"name":"wp","href":"https:\/\/api.w.org\/{rel}","templated":true}]}}