{"id":11775984,"date":"2025-11-16T09:00:00","date_gmt":"2025-11-16T13:00:00","guid":{"rendered":"https:\/\/www.corumbaonline.com.br\/news\/?p=11775984"},"modified":"2025-11-16T12:54:40","modified_gmt":"2025-11-16T16:54:40","slug":"enem-2025-candidatos-fazem-prova-de-matematica-e-ciencias-da-natureza-2","status":"publish","type":"post","link":"https:\/\/www.corumbaonline.com.br\/news\/enem-2025-candidatos-fazem-prova-de-matematica-e-ciencias-da-natureza-2\/","title":{"rendered":"Enem 2025: candidatos fazem prova de matem\u00e1tica e ci\u00eancias da natureza"},"content":{"rendered":"<p>As provas da segunda etapa do Exame Nacional do Ensino M\u00e9dio (Enem) de 2025 ser\u00e3o realizadas, a partir de 13h30 (hor\u00e1rio de Bras\u00edlia) deste domingo (16),\u00a0<a href=\"https:\/\/www.gov.br\/inep\/pt-br\/areas-de-atuacao\/avaliacao-e-exames-educacionais\/enem\/municipios-de-aplicacao\" target=\"_blank\" rel=\"noopener\">em 1.805 munic\u00edpios nas 27 unidades da Federa\u00e7\u00e3o<\/a>.\u00a0De acordo com o\u00a0<a href=\"https:\/\/www.in.gov.br\/web\/dou\/-\/edital-n-52-de-23-de-maio-de-2025-631610576\" target=\"_blank\" rel=\"noopener\">edital do Enem 2025<\/a>, Os port\u00f5es dos locais de provas ser\u00e3o abertos \u00e0s 12h e, fechados, \u00e0s 13h, no hor\u00e1rio de Bras\u00edlia.\u00a0<img decoding=\"async\" src=\"https:\/\/agenciabrasil.ebc.com.br\/ebc.png?id=1667864&amp;o=node\" \/><img decoding=\"async\" src=\"https:\/\/agenciabrasil.ebc.com.br\/ebc.gif?id=1667864&amp;o=node\" \/><\/p>\n<p>No \u00faltimo domingo (9), mais de 4,81 milh\u00f5es inscritos confirmados no Exame, 3,5 milh\u00f5es (73%) participaram do primeiro dia de provas. Os candidatos faltantes do primeiro domingo podem comparecer no segundo dia de provas.<\/p>\n<p>Por causa da\u00a030\u00aa Confer\u00eancia das Na\u00e7\u00f5es Unidas sobre Mudan\u00e7as Clim\u00e1ticas (COP30), excepcionalmente, os inscritos para fazer o exame em tr\u00eas munic\u00edpios do Par\u00e1 (Bel\u00e9m, Ananindeua e Marituba) prestar\u00e3o as provas nos dias 30 de novembro e 7 de dezembro..<\/p>\n<h2>Provas de hoje<\/h2>\n<p>Neste segundo dia de provas, os inscritos confirmados v\u00e3o testar os conhecimentos em 45 quest\u00f5es de m\u00faltipla escolha de matem\u00e1tica e mais 45 quest\u00f5es de ci\u00eancias da natureza (qu\u00edmica, f\u00edsica e biologia).<\/p>\n<h2>Reaplica\u00e7\u00e3o<\/h2>\n<p>Os participantes afetados por problemas log\u00edsticos, como desastres naturais, a exemplo do munic\u00edpio de Rio Bonito do Igua\u00e7u, no Paran\u00e1, atingido por um tornado na tarde de sexta-feira (7), ou acometidos por doen\u00e7as infecciosas listas no edital do Enem 2025, ter\u00e3o reaplica\u00e7\u00e3o do exame garantida.\u00a0As provas ser\u00e3o reaplicadas em 16 e 17 de dezembro. O pedido de reaplica\u00e7\u00e3o deve ser a partir desta segunda-feira (17) at\u00e9 sexta-feira (21), na\u00a0<a href=\"https:\/\/enem.inep.gov.br\/participante\/#!\/\" target=\"_blank\" rel=\"noopener\">P\u00e1gina do Participante<\/a>.<\/p>\n<p><a href=\"https:\/\/agenciabrasil.ebc.com.br\/educacao\/noticia\/2025-11\/enem-2025-entenda-quem-pode-solicitar-reaplicacao-das-provas\" target=\"_blank\" rel=\"noopener\">&gt;&gt;Enem 2025: entenda quem pode solicitar a reaplica\u00e7\u00e3o das provas<\/a><\/p>\n<h2>Provas de hoje<\/h2>\n<p>Neste segundo dia de provas, os inscritos confirmados v\u00e3o testar os conhecimentos em 45 quest\u00f5es de m\u00faltipla escolha de matem\u00e1tica e mais 45 quest\u00f5es de ci\u00eancias da natureza (qu\u00edmica, f\u00edsica e biologia).<\/p>\n<h2>Hor\u00e1rios e fusos<\/h2>\n<div>\n<div><img decoding=\"async\" title=\"Fabio Rodrigues-Pozzebom\/ Ag\u00eancia Brasil\" src=\"https:\/\/imagens.ebc.com.br\/hseeZ6MD6ZfG1l1g9eFMhv0EPp4=\/754x0\/smart\/https:\/\/agenciabrasil.ebc.com.br\/sites\/default\/files\/thumbnails\/image\/2025\/11\/09\/pzzb1049.jpg?itok=-gxDEyDw\" alt=\"Bras\u00edlia (DF) 09\/11\/2025 - Candidatos chegam para fazer a prova nesse primeiro dia de Enem Foto: Fabio Rodrigues-Pozzebom\/ Ag\u00eancia Brasil\" \/><\/div>\n<div>\n<h5>Dura\u00e7\u00e3o do exame neste domingo, segundo dia do Enem 2025, ser\u00e1 de cinco horas e o t\u00e9rmino regular est\u00e1 agendado para as 18h30 &#8211;\u00a0 Foto:\u00a0Fabio Rodrigues-Pozzebom\/ Ag\u00eancia Brasil<\/h5>\n<\/div>\n<\/div>\n<p>Todos os hor\u00e1rios do Enem seguem o hor\u00e1rio oficial de Bras\u00edlia. Candidatos que moram em estados com fuso hor\u00e1rio diferente da capital federal devem converter os hor\u00e1rios locais e se ajustar ao fuso oficial.<\/p>\n<p>A dura\u00e7\u00e3o do exame neste domingo, segundo dia do Enem 2025, ser\u00e1 de cinco horas e o t\u00e9rmino regular est\u00e1 agendado para as 18h30.<\/p>\n<p>O tempo m\u00ednimo de perman\u00eancia na sala de provas \u00e9 de duas horas. Somente depois de transcorrido esse tempo, ou seja, a partir de 15h30, ser\u00e1 permitida a assinatura da lista de presen\u00e7a para a sa\u00edda do participante sem a prova.<\/p>\n<p>Para quem teve a solicita\u00e7\u00e3o de tempo adicional aprovada, o exame ser\u00e1 encerrado 60 minutos ap\u00f3s o tempo regular, \u00e0s 19h30.<\/p>\n<p>Por fim, o candidato que usar o recurso de videoprova em L\u00edngua Brasileira de Sinais (Libras) poder\u00e1 concluir a prova at\u00e9 20h30.<\/p>\n<p>O Inep esclarece que n\u00e3o haver\u00e1 prorroga\u00e7\u00e3o do tempo previsto para a realiza\u00e7\u00e3o das provas ou para o preenchimento do cart\u00e3o-resposta ou da folha de reda\u00e7\u00e3o.<\/p>\n<h2>Itens permitidos e proibidos<\/h2>\n<p>Os participantes precisam ficar atentos aos objetos permitidos dentro da sala de provas.<\/p>\n<p>Embora n\u00e3o seja item obrigat\u00f3rio, o Inep recomenda levar impresso o Cart\u00e3o de Confirma\u00e7\u00e3o de Inscri\u00e7\u00e3o, dispon\u00edvel tamb\u00e9m na P\u00e1gina do Participante, com login \u00fanico da plataforma Gov.br.<\/p>\n<p>A \u00fanica caneta aceita para preencher o cart\u00e3o-resposta \u00e9 a esferogr\u00e1fica de tinta preta, fabricada com material transparente. Nenhum outro tipo poder\u00e1 permanecer sobre a mesa.<\/p>\n<p>A apresenta\u00e7\u00e3o do documento de identifica\u00e7\u00e3o oficial com foto \u00e9 obrigat\u00f3ria. Este precisa ser original, v\u00e1lido em todo territ\u00f3rio nacional e pode ser nos formatos f\u00edsico ou digital.<\/p>\n<p>Saiba o que \u00e9\u00a0<a href=\"https:\/\/agenciabrasil.ebc.com.br\/educacao\/noticia\/2025-11\/enem-2025-saiba-o-que-e-permitido-levar-no-primeiro-dia-de-provas\" target=\"_blank\" rel=\"noopener\">permitido levar para a sala de aplica\u00e7\u00e3o de provas<\/a>.<\/p>\n<h2>Declara\u00e7\u00e3o de Comparecimento<\/h2>\n<p>O participante que precisar comprovar sua presen\u00e7a no Enem 2025 deve acessar a Declara\u00e7\u00e3o de Comparecimento na mesma\u00a0<a href=\"http:\/\/https\/\/enem.inep.gov.br\/participante\/#!\/\" target=\"_blank\" rel=\"noopener\">P\u00e1gina do Participante<\/a>, no\u00a0site\u00a0do Inep, com login \u00fanico e senha no<a href=\"https:\/\/www.gov.br\/pt-br\" target=\"_blank\" rel=\"noopener\">\u00a0portal Gov.Br<\/a>.<\/p>\n<p>O documento \u00e9 personalizado. Se o candidato necessitar do ateste, dever\u00e1 levar a declara\u00e7\u00e3o de comparecimento impressa nos dias da prova e dever\u00e1 entreg\u00e1-la ao aplicador na porta da sala do exame.<\/p>\n<h2>Novidades e destaques<\/h2>\n<p>Pela primeira vez, nesta edi\u00e7\u00e3o, os alunos concluintes de escola p\u00fablica tiveram a inscri\u00e7\u00e3o pr\u00e9-preenchida no sistema, uma forma de simplificar o processo e estimular a participa\u00e7\u00e3o.<\/p>\n<p>A estrat\u00e9gia deu resultado. De 1,9 milh\u00e3o de concluintes do ensino m\u00e9dio da rede p\u00fablica, 1,34 milh\u00e3o confirmaram a inscri\u00e7\u00e3o no exame (72,6%), conforme dados do\u00a0<a href=\"https:\/\/app.powerbi.com\/view?r=eyJrIjoiYjM0N2JkYzMtZTg4Mi00NjJjLTg2MTItNWY4MmI1MmE4MWUzIiwidCI6IjI2ZjczODk3LWM4YWMtNGIxZS05NzhmLWVhNGMwNzc0MzRiZiJ9\" target=\"_blank\" rel=\"noopener\">Painel Enem 2025<\/a>, divulgado pelo Minist\u00e9rio da Educa\u00e7\u00e3o.<\/p>\n<p>Outra novidade da edi\u00e7\u00e3o 2025: os resultados do Enem voltaram a certificar a conclus\u00e3o do ensino m\u00e9dio, depois desta op\u00e7\u00e3o ter sido descontinuada em 2017. A certifica\u00e7\u00e3o \u00e9 destinada aos participantes maiores de 18 anos que indicaram essa modalidade no momento da inscri\u00e7\u00e3o no exame e que atingiram a pontua\u00e7\u00e3o m\u00ednima exigida (450 pontos em cada \u00e1rea e 500 pontos na reda\u00e7\u00e3o).<\/p>\n<p>Mais um ineditismo do Enem de 2025: o Sistema de Sele\u00e7\u00e3o Unificada (Sisu) de 2026 aceitar\u00e1 notas das edi\u00e7\u00f5es deste ano, de 2024 e 2023, para ingresso no ensino superior p\u00fablico.<\/p>\n<h2>Enem<\/h2>\n<p>As notas finais do Enem\u00a0<a href=\"https:\/\/agenciabrasil.ebc.com.br\/educacao\/noticia\/2025-10\/saiba-como-usar-notas-individuais-do-enem-2025\" target=\"_blank\" rel=\"noopener\">podem ser usadas para acesso a universidades p\u00fablicas<\/a>, em diversas modalidades; para concorrer a bolsas de estudo integrais e parciais em universidades privadas; para pleitear o cr\u00e9dito estudantil para o pagamento das mensalidades de faculdades privadas; para ingresso sem vestibular em faculdades; para estudar em Portugal; para autoavalia\u00e7\u00e3o pelo treineiros; e para certifica\u00e7\u00e3o de conclus\u00e3o do ensino m\u00e9dio ou declara\u00e7\u00e3o parcial de profici\u00eancia nessa etapa do ensino b\u00e1sico.<\/p>\n","protected":false},"excerpt":{"rendered":"<p>As provas da segunda etapa do Exame Nacional do Ensino M\u00e9dio (Enem) de 2025 ser\u00e3o&#8230;<\/p>\n","protected":false},"author":4,"featured_media":11767423,"comment_status":"closed","ping_status":"closed","sticky":false,"template":"","format":"standard","meta":{"footnotes":""},"categories":[10],"tags":[194],"class_list":["post-11775984","post","type-post","status-publish","format-standard","has-post-thumbnail","hentry","category-educacao","tag-educacao"],"_links":{"self":[{"href":"https:\/\/www.corumbaonline.com.br\/news\/wp-json\/wp\/v2\/posts\/11775984","targetHints":{"allow":["GET"]}}],"collection":[{"href":"https:\/\/www.corumbaonline.com.br\/news\/wp-json\/wp\/v2\/posts"}],"about":[{"href":"https:\/\/www.corumbaonline.com.br\/news\/wp-json\/wp\/v2\/types\/post"}],"author":[{"embeddable":true,"href":"https:\/\/www.corumbaonline.com.br\/news\/wp-json\/wp\/v2\/users\/4"}],"replies":[{"embeddable":true,"href":"https:\/\/www.corumbaonline.com.br\/news\/wp-json\/wp\/v2\/comments?post=11775984"}],"version-history":[{"count":1,"href":"https:\/\/www.corumbaonline.com.br\/news\/wp-json\/wp\/v2\/posts\/11775984\/revisions"}],"predecessor-version":[{"id":11775985,"href":"https:\/\/www.corumbaonline.com.br\/news\/wp-json\/wp\/v2\/posts\/11775984\/revisions\/11775985"}],"wp:featuredmedia":[{"embeddable":true,"href":"https:\/\/www.corumbaonline.com.br\/news\/wp-json\/wp\/v2\/media\/11767423"}],"wp:attachment":[{"href":"https:\/\/www.corumbaonline.com.br\/news\/wp-json\/wp\/v2\/media?parent=11775984"}],"wp:term":[{"taxonomy":"category","embeddable":true,"href":"https:\/\/www.corumbaonline.com.br\/news\/wp-json\/wp\/v2\/categories?post=11775984"},{"taxonomy":"post_tag","embeddable":true,"href":"https:\/\/www.corumbaonline.com.br\/news\/wp-json\/wp\/v2\/tags?post=11775984"}],"curies":[{"name":"wp","href":"https:\/\/api.w.org\/{rel}","templated":true}]}}