{"id":11775995,"date":"2025-11-17T08:25:00","date_gmt":"2025-11-17T12:25:00","guid":{"rendered":"https:\/\/www.corumbaonline.com.br\/news\/?p=11775995"},"modified":"2025-11-17T08:39:13","modified_gmt":"2025-11-17T12:39:13","slug":"enem-2025-pedido-de-reaplicacao-de-provas-comeca-nesta-segunda","status":"publish","type":"post","link":"https:\/\/www.corumbaonline.com.br\/news\/enem-2025-pedido-de-reaplicacao-de-provas-comeca-nesta-segunda\/","title":{"rendered":"Enem 2025: pedido de\u00a0reaplica\u00e7\u00e3o\u00a0de provas come\u00e7a nesta segunda"},"content":{"rendered":"<p>Os participantes que perderam a aplica\u00e7\u00e3o de um ou dois dias de provas do Enem afetados por problemas log\u00edsticos, desastres naturais ou doen\u00e7as infectocontagiosas poder\u00e3o solicitar a reaplica\u00e7\u00e3o do exame\u00a0a partir desta segunda-feira (17) at\u00e9 as 12h da pr\u00f3xima sexta-feira (21), no hor\u00e1rio de Bras\u00edlia.<img decoding=\"async\" src=\"https:\/\/agenciabrasil.ebc.com.br\/ebc.png?id=1668149&amp;o=node\" \/><img decoding=\"async\" src=\"https:\/\/agenciabrasil.ebc.com.br\/ebc.gif?id=1668149&amp;o=node\" \/><\/p>\n<blockquote><p>\u201cTodos os que se sentirem prejudicados, por exemplo, pela falta de energia e fatores externos \u00e0s escolas, ter\u00e3o direito \u00e0 reaplica\u00e7\u00e3o nos dias 16 e 17 de dezembro.&#8221;<\/p><\/blockquote>\n<p>O\u00a0Instituto Nacional de Estudos e Pesquisas Educacionais An\u00edsio Teixeira (Inep) avisa que haver\u00e1 apenas uma reaplica\u00e7\u00e3o do Enem.<\/p>\n<h2>Como solicitar<\/h2>\n<p>A solicita\u00e7\u00e3o dever\u00e1 ser feita por meio da\u00a0<a href=\"https:\/\/enem.inep.gov.br\/participante\/\" target=\"_blank\" rel=\"noopener\">P\u00e1gina do Participante<\/a>, no\u00a0site\u00a0do Inep, com\u00a0login\u00a0de acesso pela plataforma Gov.br.<\/p>\n<p>Para a an\u00e1lise, o participante dever\u00e1 inserir um\u00a0documento leg\u00edvel, em l\u00edngua portuguesa, que comprove a condi\u00e7\u00e3o que motiva a solicita\u00e7\u00e3o de atendimento, com a data que contemple o dia perdido de aplica\u00e7\u00e3o do Enem 2025.<\/p>\n<h2>Situa\u00e7\u00f5es<\/h2>\n<p>Os participantes de cidades afetadas por desastres naturais ter\u00e3o a reaplica\u00e7\u00e3o do exame garantida.<\/p>\n<p>O ministro da Educa\u00e7\u00e3o, Camilo Santana, lembrou os candidatos que tiveram o\u00a0Enem suspenso em Rio Bonito do Igua\u00e7u, no centro-sul do Paran\u00e1, ap\u00f3s a passagem de um tornado no dia 7 de novembro. O munic\u00edpio ficou 90% destru\u00eddo, de acordo com a Defesa Civil do estado.<\/p>\n<p>O<a href=\"https:\/\/www.in.gov.br\/en\/web\/dou\/-\/edital-n-52-de-23-de-maio-de-2025-631610576\" target=\"_blank\" rel=\"noopener\">\u00a0edital\u00a0de abertura<\/a>\u00a0do Enem\u00a0prev\u00ea que o\u00a0participante afetado por problemas log\u00edsticos durante a aplica\u00e7\u00e3o das provas ou acometido por doen\u00e7a\u00a0infectocontagiosa\u00a0no primeiro ou no segundo dia das provas poder\u00e1 solicitar a reaplica\u00e7\u00e3o.<\/p>\n<h2>Doen\u00e7as infecciosas<\/h2>\n<p>De acordo\u00a0com o edital do Enem 2025, o\u00a0participante infectado por uma das doen\u00e7as a seguir\u00a0dever\u00e1 solicitar reaplica\u00e7\u00e3o:\u00a0tuberculose, coqueluche, difteria, doen\u00e7a invasiva por Haemophilus influenzae, doen\u00e7a meningoc\u00f3cica e outras meningites, var\u00edola, var\u00edola dos macacos (monkeypox), influenza humana A e B, poliomielite por poliov\u00edrus selvagem, sarampo, rub\u00e9ola, varicela (catapora) ou covid-19.<\/p>\n<h2>Problemas\u00a0log\u00edsticos<\/h2>\n<p>Para reaplica\u00e7\u00e3o, s\u00e3o considerados problemas log\u00edsticos que prejudicaram o solicitante como: desastres naturais que comprometam a infraestrutura do local; falta de energia el\u00e9trica que comprometa a visibilidade da prova pela aus\u00eancia de luz natural ou outro erro de execu\u00e7\u00e3o de procedimento de aplica\u00e7\u00e3o.<\/p>\n<h2>An\u00e1lise<\/h2>\n<p>Cada caso ser\u00e1 analisado individualmente pela equipe do Inep. Somente a aprova\u00e7\u00e3o do documento comprobat\u00f3rio garante a participa\u00e7\u00e3o na reaplica\u00e7\u00e3o do exame.<\/p>\n<p>Para os casos em que o pedido for aceito (deferido), as provas ser\u00e3o reaplicadas nos dias 16 e 17 de dezembro.<\/p>\n<p>O inscrito far\u00e1 a prova somente do dia em que sua participa\u00e7\u00e3o foi inviabilizada no Enem.<\/p>\n","protected":false},"excerpt":{"rendered":"<p>Os participantes que perderam a aplica\u00e7\u00e3o de um ou dois dias de provas do Enem&#8230;<\/p>\n","protected":false},"author":4,"featured_media":11775996,"comment_status":"closed","ping_status":"closed","sticky":false,"template":"","format":"standard","meta":{"footnotes":""},"categories":[10],"tags":[194],"class_list":["post-11775995","post","type-post","status-publish","format-standard","has-post-thumbnail","hentry","category-educacao","tag-educacao"],"_links":{"self":[{"href":"https:\/\/www.corumbaonline.com.br\/news\/wp-json\/wp\/v2\/posts\/11775995","targetHints":{"allow":["GET"]}}],"collection":[{"href":"https:\/\/www.corumbaonline.com.br\/news\/wp-json\/wp\/v2\/posts"}],"about":[{"href":"https:\/\/www.corumbaonline.com.br\/news\/wp-json\/wp\/v2\/types\/post"}],"author":[{"embeddable":true,"href":"https:\/\/www.corumbaonline.com.br\/news\/wp-json\/wp\/v2\/users\/4"}],"replies":[{"embeddable":true,"href":"https:\/\/www.corumbaonline.com.br\/news\/wp-json\/wp\/v2\/comments?post=11775995"}],"version-history":[{"count":1,"href":"https:\/\/www.corumbaonline.com.br\/news\/wp-json\/wp\/v2\/posts\/11775995\/revisions"}],"predecessor-version":[{"id":11775997,"href":"https:\/\/www.corumbaonline.com.br\/news\/wp-json\/wp\/v2\/posts\/11775995\/revisions\/11775997"}],"wp:featuredmedia":[{"embeddable":true,"href":"https:\/\/www.corumbaonline.com.br\/news\/wp-json\/wp\/v2\/media\/11775996"}],"wp:attachment":[{"href":"https:\/\/www.corumbaonline.com.br\/news\/wp-json\/wp\/v2\/media?parent=11775995"}],"wp:term":[{"taxonomy":"category","embeddable":true,"href":"https:\/\/www.corumbaonline.com.br\/news\/wp-json\/wp\/v2\/categories?post=11775995"},{"taxonomy":"post_tag","embeddable":true,"href":"https:\/\/www.corumbaonline.com.br\/news\/wp-json\/wp\/v2\/tags?post=11775995"}],"curies":[{"name":"wp","href":"https:\/\/api.w.org\/{rel}","templated":true}]}}