{"id":11776026,"date":"2025-11-17T11:00:00","date_gmt":"2025-11-17T15:00:00","guid":{"rendered":"https:\/\/www.corumbaonline.com.br\/news\/?p=11776026"},"modified":"2025-11-17T10:56:36","modified_gmt":"2025-11-17T14:56:36","slug":"estudantes-podem-turbinar-preparacao-para-o-uemsvest-2026-com-auloes-online-100-gratuitos","status":"publish","type":"post","link":"https:\/\/www.corumbaonline.com.br\/news\/estudantes-podem-turbinar-preparacao-para-o-uemsvest-2026-com-auloes-online-100-gratuitos\/","title":{"rendered":"Estudantes podem turbinar prepara\u00e7\u00e3o para o UEMSVest 2026 com aul\u00f5es online 100% gratuitos"},"content":{"rendered":"<p>Na reta final de prepara\u00e7\u00e3o para o Vestibular UEMS 2026 (UEMSVest), a Institui\u00e7\u00e3o promete dar um verdadeiro &#8216;g\u00e1s&#8217; nos estudos dos candidatos com o Esquenta Vestibular Online 2025<strong>.<\/strong>\u00a0O evento ser\u00e1 uma s\u00e9rie de aul\u00f5es 100% gratuitos e ao vivo. Os encontros ser\u00e3o realizados nos dias ter\u00e7a (18) e quarta-feira (19), sempre das 19h \u00e0s 21h15 (hor\u00e1rio de MS), pela plataforma Google Meet.<\/p>\n<p>Durante dois dias intensos, os participantes ir\u00e3o revisar os principais conte\u00fados cobrados nas provas, com aulas din\u00e2micas e diretas ministradas por professores da UEMS e convidados de diferentes \u00e1reas.<\/p>\n<p>A programa\u00e7\u00e3o inclui as mat\u00e9rias: Qu\u00edmica, Matem\u00e1tica, F\u00edsica, Biologia, Reda\u00e7\u00e3o, L\u00edngua Portuguesa, Atualidades e Literatura Brasileira, em uma sequ\u00eancia pensada para refor\u00e7ar o aprendizado e aumentar a confian\u00e7a dos participantes.<\/p>\n<p>Conforme a chefe do setor de\u00a0Forma\u00e7\u00e3o Educacional da UEMS, M\u00f4nica Mattos, os aul\u00f5es s\u00e3o mais do que um refor\u00e7o de conte\u00fado, representam o compromisso da universidade com o acesso e a perman\u00eancia dos estudantes no ensino superior.<\/p>\n<p>\u201cNosso objetivo \u00e9 acolher e motivar cada participante por meio desse gesto de incentivo e esperan\u00e7a. \u00c9 uma forma de dizermos que \u00e9 poss\u00edvel alcan\u00e7ar e realizar sonhos por meio da educa\u00e7\u00e3o\u201d, afirmou.<\/p>\n<p>Confira a lista completa da programa\u00e7\u00e3o dos Aul\u00f5es UEMS \u2013 Esquenta Vestibular Online 2025:<\/p>\n<p>DIA 18 DE NOVEMBRO (ter\u00e7a-feira)<\/p>\n<p><strong>19h \u00e0s 19h30<\/strong><br \/>\nProf. Dr. Wagner Assen (Reda\u00e7\u00e3o \u2013 Campo Grande)<br \/>\nTema: Produ\u00e7\u00e3o de Texto e Crit\u00e9rios de Avalia\u00e7\u00e3o e Produ\u00e7\u00e3o<\/p>\n<p><strong>19h35 \u00e0s 20h05<\/strong><br \/>\nProf. Esp. Fabis do Nascimento (Qu\u00edmica \u2013 Campo Grande)<br \/>\nTema: Rea\u00e7\u00f5es Org\u00e2nicas, pH e pOH, Fun\u00e7\u00f5es Org\u00e2nicas e Inorg\u00e2nicas<\/p>\n<p><strong>20h10 \u00e0s 20h40<\/strong><br \/>\nProfa. Me. L\u00facia Donizete Modesto (L\u00edngua Portuguesa \u2013 Vila Velha\/ES)<br \/>\nTema: An\u00e1lise Sint\u00e1tica \u2013 Tipos de Sujeito<\/p>\n<p><strong>20h45 \u00e0s 21h15<\/strong><br \/>\nProf. Esp. Andr\u00e9 Luiz (Atualidades \u2013 Campo Grande)<br \/>\nTema: Geografia Regional e Geopol\u00edtica Mundial<\/p>\n<p>DIA 19 DE NOVEMBRO (quarta-feira)<\/p>\n<p><strong>19h \u00e0s 19h30<\/strong><br \/>\nProf. Me. Maur\u00edcio Soares dos Reis (Matem\u00e1tica \u2013 Nova Andradina)<br \/>\nTema: Medidas de Tend\u00eancia Central: M\u00e9dia, Moda e Mediana.<\/p>\n<p><strong>19h35 \u00e0s 20h05<\/strong><br \/>\nProf. Me. Raul Andrade (Biologia \u2013 Campo Grande)<br \/>\nTema: Metabolismo Celular: Fotoss\u00edntese, Respira\u00e7\u00e3o e Fermenta\u00e7\u00e3o.<\/p>\n<p><strong>20h10 \u00e0s 20h40<\/strong><br \/>\nProf. Esp. Fabis do Nascimento (F\u00edsica \u2013 Campo Grande)<br \/>\nTema: Ondulat\u00f3ria, Eletricidade e Energia.<\/p>\n<p><strong>20h45 \u00e0s 21h15<\/strong><br \/>\nProf. Dr. Daniel Abr\u00e3o (Literatura \u2013 Campo Grande)<br \/>\nTema: Linha do Tempo Liter\u00e1ria Essencial: Autores e Obras-Chave, Literatura Contempor\u00e2nea e Regionalismo.<\/p>\n<p>O evento \u00e9 uma iniciativa da Universidade Estadual de Mato Grosso do Sul (UEMS), com realiza\u00e7\u00e3o da Pr\u00f3-Reitoria de Extens\u00e3o e Cultura (PROEC) e da Divis\u00e3o de Acolhimento e Desenvolvimento Social (DADES).<\/p>\n<p>Os interessados podem ingressar diretamente na sala de aula online por meio dos links disponibilizados na rede social oficial do cursinho @cursinho_uems. Mais informa\u00e7\u00f5es podem ser solicitadas pelo e-mail\u00a0<a href=\"mailto:cursinhouems@uems.br\" target=\"_blank\" rel=\"noopener\">cursinhouems@uems.br<\/a>.<\/p>\n","protected":false},"excerpt":{"rendered":"<p>Na reta final de prepara\u00e7\u00e3o para o Vestibular UEMS 2026 (UEMSVest), a Institui\u00e7\u00e3o promete dar&#8230;<\/p>\n","protected":false},"author":13,"featured_media":11740585,"comment_status":"closed","ping_status":"closed","sticky":false,"template":"","format":"standard","meta":{"footnotes":""},"categories":[10],"tags":[194],"class_list":["post-11776026","post","type-post","status-publish","format-standard","has-post-thumbnail","hentry","category-educacao","tag-educacao"],"_links":{"self":[{"href":"https:\/\/www.corumbaonline.com.br\/news\/wp-json\/wp\/v2\/posts\/11776026","targetHints":{"allow":["GET"]}}],"collection":[{"href":"https:\/\/www.corumbaonline.com.br\/news\/wp-json\/wp\/v2\/posts"}],"about":[{"href":"https:\/\/www.corumbaonline.com.br\/news\/wp-json\/wp\/v2\/types\/post"}],"author":[{"embeddable":true,"href":"https:\/\/www.corumbaonline.com.br\/news\/wp-json\/wp\/v2\/users\/13"}],"replies":[{"embeddable":true,"href":"https:\/\/www.corumbaonline.com.br\/news\/wp-json\/wp\/v2\/comments?post=11776026"}],"version-history":[{"count":1,"href":"https:\/\/www.corumbaonline.com.br\/news\/wp-json\/wp\/v2\/posts\/11776026\/revisions"}],"predecessor-version":[{"id":11776027,"href":"https:\/\/www.corumbaonline.com.br\/news\/wp-json\/wp\/v2\/posts\/11776026\/revisions\/11776027"}],"wp:featuredmedia":[{"embeddable":true,"href":"https:\/\/www.corumbaonline.com.br\/news\/wp-json\/wp\/v2\/media\/11740585"}],"wp:attachment":[{"href":"https:\/\/www.corumbaonline.com.br\/news\/wp-json\/wp\/v2\/media?parent=11776026"}],"wp:term":[{"taxonomy":"category","embeddable":true,"href":"https:\/\/www.corumbaonline.com.br\/news\/wp-json\/wp\/v2\/categories?post=11776026"},{"taxonomy":"post_tag","embeddable":true,"href":"https:\/\/www.corumbaonline.com.br\/news\/wp-json\/wp\/v2\/tags?post=11776026"}],"curies":[{"name":"wp","href":"https:\/\/api.w.org\/{rel}","templated":true}]}}