{"id":11776076,"date":"2025-11-18T13:20:00","date_gmt":"2025-11-18T17:20:00","guid":{"rendered":"https:\/\/www.corumbaonline.com.br\/news\/?p=11776076"},"modified":"2025-11-18T14:04:58","modified_gmt":"2025-11-18T18:04:58","slug":"ifms-abre-selecao-para-curso-de-agentes-de-direitos-da-pessoa-idosa","status":"publish","type":"post","link":"https:\/\/www.corumbaonline.com.br\/news\/ifms-abre-selecao-para-curso-de-agentes-de-direitos-da-pessoa-idosa\/","title":{"rendered":"IFMS abre sele\u00e7\u00e3o para curso de agentes de direitos da pessoa idosa"},"content":{"rendered":"<p>O Instituto Federal de Mato Grosso do Sul (IFMS) est\u00e1 com processo seletivo aberto para o curso gratuito e presencial de Forma\u00e7\u00e3o Inicial e Continuada (FIC) de Agentes de Direitos Humanos da Pessoa Idosa.<\/p>\n<p dir=\"ltr\">A forma\u00e7\u00e3o \u00e9 destinada a quem mora em Bela Vista, Corumb\u00e1, F\u00e1tima do Sul e Ivinhema. S\u00e3o ofertadas 40 vagas no total, sendo 10 para cada munic\u00edpio.<\/p>\n<p dir=\"ltr\">Os cursistas receber\u00e3o uma bolsa de extens\u00e3o no valor de R$ 750 por m\u00eas durante o per\u00edodo de realiza\u00e7\u00e3o da forma\u00e7\u00e3o, que ser\u00e1 de 12 meses.<\/p>\n<p dir=\"ltr\">Com aulas te\u00f3ricas e atividades de campo, o curso visa formar agentes para realizar a\u00e7\u00f5es pr\u00e1ticas e visitas domiciliares, mapear as condi\u00e7\u00f5es de vida, identificar viola\u00e7\u00f5es de direitos e encaminhar aos servi\u00e7os p\u00fablicos locais, caso necess\u00e1rio.<\/p>\n<p dir=\"ltr\">O edital do processo seletivo est\u00e1 dispon\u00edvel na\u00a0<strong><a title=\"Central de Sele\u00e7\u00e3o do IFM\" href=\"https:\/\/email.ifms.edu.br\/lists\/lt.php?tid=KxlTBFcMAQkBBEsFAFMBTlAABVVOW10LVBsJAwpSAwAFAwMEBAwfU1cFB1pRA1NOVlRXVk4NWV1VGwFeAlJPAFQHDVRXAAYCWwdeH1ICAwYCUlcDTghaXAYbDFZQBk8JVlZUH1AKVgBWAgNWVAIABw\" target=\"_blank\" rel=\"noopener noreferrer\">Central de Sele\u00e7\u00e3o do IFMS<\/a><\/strong>.<\/p>\n<p dir=\"ltr\"><strong>Inscri\u00e7\u00f5es<\/strong>\u00a0&#8211; S\u00e3o gratuitas e pode ser feitas a partir desta ter\u00e7a-feira, 18, na\u00a0<a href=\"https:\/\/email.ifms.edu.br\/lists\/lt.php?tid=KxkNBFQNVVQAAksAA1NcTlBcUQFOAA8OBBsMUlMDUFAAXAcEVg4fU1cFB1pRA1NOVlRXVk4NWV1VGwFeAlJPAFQHDVRXAAYCWwdeH1ICAwYCUlcDTghaXAYbDFZQBk8JVlZUH1AKVgBWAgNWVAIABw\" target=\"_blank\" rel=\"noopener noreferrer\">P\u00e1gina do Candidato<\/a>\u00a0da Central de Sele\u00e7\u00e3o. O prazo segur\u00e1\u00a0<strong>at\u00e9 25 de novembro.<\/strong><\/p>\n<p dir=\"ltr\">Os interessados devem ter, no m\u00ednimo, 18 anos e o ensino m\u00e9dio completo, al\u00e9m de morar no munic\u00edpio onde a vaga \u00e9 ofertada e ter disponibilidade de 20 horas semanais para as atividades do curso.<\/p>\n<p dir=\"ltr\">No ato da inscri\u00e7\u00e3o, o candidato deve enviar, em arquivo \u00fanico e digitalizado, a seguintes documenta\u00e7\u00e3o:<\/p>\n<ul>\n<li>documento de identifica\u00e7\u00e3o com foto (frente e verso);<\/li>\n<li>CPF (caso n\u00e3o conste no documento de identifica\u00e7\u00e3o);<\/li>\n<li>comprovante de ensino m\u00e9dio completo;<\/li>\n<li>tabela de pontua\u00e7\u00e3o curricular preenchida e assinada (anexo I do edital);<\/li>\n<li>documentos de comprova\u00e7\u00e3o curricular;<\/li>\n<li>declara\u00e7\u00e3o de disponibilidade para participar do curso (anexo II); e<\/li>\n<li>termo de compromisso de n\u00e3o utiliza\u00e7\u00e3o do projeto com fins eleitoreiros (anexo III).<\/li>\n<\/ul>\n<p dir=\"ltr\"><strong>Cronograma<\/strong>\u00a0&#8211; Os resultados preliminar e final est\u00e3o previstos para os dias 1\u00ba e 3 de dezembro, respectivamente.<\/p>\n<p dir=\"ltr\">Os candidatos classificados dever\u00e3o fazer a matr\u00edcula no per\u00edodo de 4 a 9 de dezembro, e o in\u00edcio das aulas est\u00e1 previsto para o mesmo m\u00eas.<\/p>\n<p dir=\"ltr\">D\u00favidas sobre o edital devem ser encaminhadas para a Pr\u00f3-Reitoria de Extens\u00e3o do IFMS, pelo e-mail\u00a0<a title=\"proex@ifms.edu.br\" href=\"mailto:proex@ifms.edu.br\" rel=\"noreferrer\">proex@ifms.edu.br<\/a>.<\/p>\n<p dir=\"ltr\"><strong>Envelhecer nos Territ\u00f3rios<\/strong>\u00a0&#8211;\u00a0O curso ofertado pelo IFMS faz parte do\u00a0<a title=\"Programa Envelhecer nos Territ\u00f3rios\" href=\"https:\/\/email.ifms.edu.br\/lists\/lt.php?tid=KxkDVFJcAVNbA0sCU1RSTlBXUABOW1wPARsLV1QFUAkFVgADBlwfU1cFB1pRA1NOVlRXVk4NWV1VGwFeAlJPAFQHDVRXAAYCWwdeH1ICAwYCUlcDTghaXAYbDFZQBk8JVlZUH1AKVgBWAgNWVAIABw\" target=\"_blank\" rel=\"noopener noreferrer\">Programa Envelhecer nos Territ\u00f3rios<\/a>, promovido pela Secretaria Nacional dos Direitos da Pessoa Idosa, ligada ao Minist\u00e9rio dos Direitos Humanos e da Cidadania.<\/p>\n<p dir=\"ltr\">A iniciativa do IFMS \u00e9\u00a0<a title=\"uma das que visam fortalecer os cuidados e a defesa dos direitos da popula\u00e7\u00e3o idosa em Mato Grosso do Sul\" href=\"https:\/\/email.ifms.edu.br\/lists\/lt.php?tid=KxkGAVwJVwUFVEtUU1NUTlBRV1VOWApbVxteXwBXWwFWXAIHVF4fU1cFB1pRA1NOVlRXVk4NWV1VGwFeAlJPAFQHDVRXAAYCWwdeH1ICAwYCUlcDTghaXAYbDFZQBk8JVlZUH1AKVgBWAgNWVAIABw\" target=\"_blank\" rel=\"noopener noreferrer\">uma das que visam fortalecer os cuidados e a defesa dos direitos da popula\u00e7\u00e3o idosa em Mato Grosso do Sul<\/a>, e que s\u00e3o financiadas por emendas parlamentares do deputado federal Geraldo Resende que somam R$ 900 mil.<\/p>\n<p dir=\"ltr\">Outra a\u00e7\u00e3o prevista \u00e9 a oferta do curso gratuito e presencial de Cuidador de Idosos nos munic\u00edpios de Campo Grande, Dourados e Tr\u00eas Lagoas. A previs\u00e3o \u00e9 que o Instituto Federal abra o total de 120 vagas, sendo 40 para cada munic\u00edpio.<\/p>\n","protected":false},"excerpt":{"rendered":"<p>O Instituto Federal de Mato Grosso do Sul (IFMS) est\u00e1 com processo seletivo aberto para&#8230;<\/p>\n","protected":false},"author":9,"featured_media":11771694,"comment_status":"closed","ping_status":"closed","sticky":false,"template":"","format":"standard","meta":{"footnotes":""},"categories":[10],"tags":[194],"class_list":["post-11776076","post","type-post","status-publish","format-standard","has-post-thumbnail","hentry","category-educacao","tag-educacao"],"_links":{"self":[{"href":"https:\/\/www.corumbaonline.com.br\/news\/wp-json\/wp\/v2\/posts\/11776076","targetHints":{"allow":["GET"]}}],"collection":[{"href":"https:\/\/www.corumbaonline.com.br\/news\/wp-json\/wp\/v2\/posts"}],"about":[{"href":"https:\/\/www.corumbaonline.com.br\/news\/wp-json\/wp\/v2\/types\/post"}],"author":[{"embeddable":true,"href":"https:\/\/www.corumbaonline.com.br\/news\/wp-json\/wp\/v2\/users\/9"}],"replies":[{"embeddable":true,"href":"https:\/\/www.corumbaonline.com.br\/news\/wp-json\/wp\/v2\/comments?post=11776076"}],"version-history":[{"count":1,"href":"https:\/\/www.corumbaonline.com.br\/news\/wp-json\/wp\/v2\/posts\/11776076\/revisions"}],"predecessor-version":[{"id":11776077,"href":"https:\/\/www.corumbaonline.com.br\/news\/wp-json\/wp\/v2\/posts\/11776076\/revisions\/11776077"}],"wp:featuredmedia":[{"embeddable":true,"href":"https:\/\/www.corumbaonline.com.br\/news\/wp-json\/wp\/v2\/media\/11771694"}],"wp:attachment":[{"href":"https:\/\/www.corumbaonline.com.br\/news\/wp-json\/wp\/v2\/media?parent=11776076"}],"wp:term":[{"taxonomy":"category","embeddable":true,"href":"https:\/\/www.corumbaonline.com.br\/news\/wp-json\/wp\/v2\/categories?post=11776076"},{"taxonomy":"post_tag","embeddable":true,"href":"https:\/\/www.corumbaonline.com.br\/news\/wp-json\/wp\/v2\/tags?post=11776076"}],"curies":[{"name":"wp","href":"https:\/\/api.w.org\/{rel}","templated":true}]}}