{"id":11776084,"date":"2025-11-18T14:19:00","date_gmt":"2025-11-18T18:19:00","guid":{"rendered":"https:\/\/www.corumbaonline.com.br\/news\/?p=11776084"},"modified":"2025-11-18T14:15:30","modified_gmt":"2025-11-18T18:15:30","slug":"aberto-o-prazo-para-solicitar-reaplicacao-do-enem","status":"publish","type":"post","link":"https:\/\/www.corumbaonline.com.br\/news\/aberto-o-prazo-para-solicitar-reaplicacao-do-enem\/","title":{"rendered":"Aberto o prazo para solicitar reaplica\u00e7\u00e3o do Enem"},"content":{"rendered":"<p>J\u00e1 est\u00e1 aberto o prazo para solicitar a reaplica\u00e7\u00e3o de prova do Exame Nacional do Ensino M\u00e9dio (Enem). O pedido deve ser feito por meio da\u00a0<a href=\"https:\/\/enem.inep.gov.br\/participante\/#!\/\" target=\"_blank\" rel=\"noopener noreferrer\"><strong>P\u00e1gina do Participante<\/strong><\/a>\u00a0at\u00e9 as 12h do dia 21 de novembro (hor\u00e1rio de Bras\u00edlia). As provas ser\u00e3o reaplicadas nos dias 16 e 17 de dezembro.<br \/>\nAs pessoas eleg\u00edveis para reaplica\u00e7\u00e3o s\u00e3o aquelas que foram afetadas por problemas log\u00edsticos, doen\u00e7as infectocontagiosas ou desastres naturais nos dias da aplica\u00e7\u00e3o regular \u2014 caso dos inscritos moradores de Rio Bonito do Igua\u00e7u (PR). O participante poder\u00e1 fazer apenas as provas referentes ao dia em que n\u00e3o conseguiu realizar o exame.<br \/>\n<strong>PAR\u00c1<\/strong>\u00a0\u2014 Em Bel\u00e9m, Ananindeua e Marituba (PA), o Enem 2025 ser\u00e1 aplicado nos dias 30 de novembro e 7 de dezembro. As datas foram ajustadas em raz\u00e3o da realiza\u00e7\u00e3o da 30\u00aa Confer\u00eancia das Na\u00e7\u00f5es Unidas sobre Mudan\u00e7a do Clima (COP30), que ocorre em Bel\u00e9m no per\u00edodo da aplica\u00e7\u00e3o regular da prova.<br \/>\n<strong>ENEM<\/strong>\u00a0\u2014 A edi\u00e7\u00e3o de 2025 do Enem teve 4,8 milh\u00f5es de inscritos, com aproximadamente 70% de presen\u00e7a nos dois dias de prova. Ao longo de mais de duas d\u00e9cadas de exist\u00eancia, o exame se consolidou como a principal porta de entrada para a educa\u00e7\u00e3o superior no Brasil, por meio do Sistema de Sele\u00e7\u00e3o Unificada (Sisu), do Programa Universidade para Todos (Prouni) e do Fundo de Financiamento Estudantil (Fies).<br \/>\nInstitui\u00e7\u00f5es de ensino p\u00fablicas e privadas tamb\u00e9m utilizam o Enem para selecionar estudantes, como crit\u00e9rio \u00fanico ou complementar aos processos seletivos. Os resultados individuais do Enem podem, ainda, ser aproveitados nos processos seletivos de institui\u00e7\u00f5es portuguesas que possuem conv\u00eanio com o Inep para aceitar as notas do exame. Os acordos permitem acesso simplificado \u00e0s notas de estudantes brasileiros interessados em cursar o ensino superior em Portugal.<br \/>\n<strong>2026<\/strong>\u00a0\u2014 Para a pr\u00f3xima edi\u00e7\u00e3o, foi anunciado que o Enem passar\u00e1 a integrar a avalia\u00e7\u00e3o da qualidade do ensino m\u00e9dio no pa\u00eds. Com o objetivo de fornecer um diagn\u00f3stico mais preciso da educa\u00e7\u00e3o b\u00e1sica brasileira, a medida promete resultados mais consistentes e representativos do desempenho. Outra novidade prevista \u00e9 a realiza\u00e7\u00e3o de estudos de viabilidade para aplicar o Enem em pa\u00edses do Mercosul tamb\u00e9m no pr\u00f3ximo ano.<\/p>\n<p>&nbsp;<\/p>\n","protected":false},"excerpt":{"rendered":"<p>J\u00e1 est\u00e1 aberto o prazo para solicitar a reaplica\u00e7\u00e3o de prova do Exame Nacional do&#8230;<\/p>\n","protected":false},"author":143,"featured_media":11770706,"comment_status":"closed","ping_status":"closed","sticky":false,"template":"","format":"standard","meta":{"footnotes":""},"categories":[10],"tags":[194],"class_list":["post-11776084","post","type-post","status-publish","format-standard","has-post-thumbnail","hentry","category-educacao","tag-educacao"],"_links":{"self":[{"href":"https:\/\/www.corumbaonline.com.br\/news\/wp-json\/wp\/v2\/posts\/11776084","targetHints":{"allow":["GET"]}}],"collection":[{"href":"https:\/\/www.corumbaonline.com.br\/news\/wp-json\/wp\/v2\/posts"}],"about":[{"href":"https:\/\/www.corumbaonline.com.br\/news\/wp-json\/wp\/v2\/types\/post"}],"author":[{"embeddable":true,"href":"https:\/\/www.corumbaonline.com.br\/news\/wp-json\/wp\/v2\/users\/143"}],"replies":[{"embeddable":true,"href":"https:\/\/www.corumbaonline.com.br\/news\/wp-json\/wp\/v2\/comments?post=11776084"}],"version-history":[{"count":1,"href":"https:\/\/www.corumbaonline.com.br\/news\/wp-json\/wp\/v2\/posts\/11776084\/revisions"}],"predecessor-version":[{"id":11776085,"href":"https:\/\/www.corumbaonline.com.br\/news\/wp-json\/wp\/v2\/posts\/11776084\/revisions\/11776085"}],"wp:featuredmedia":[{"embeddable":true,"href":"https:\/\/www.corumbaonline.com.br\/news\/wp-json\/wp\/v2\/media\/11770706"}],"wp:attachment":[{"href":"https:\/\/www.corumbaonline.com.br\/news\/wp-json\/wp\/v2\/media?parent=11776084"}],"wp:term":[{"taxonomy":"category","embeddable":true,"href":"https:\/\/www.corumbaonline.com.br\/news\/wp-json\/wp\/v2\/categories?post=11776084"},{"taxonomy":"post_tag","embeddable":true,"href":"https:\/\/www.corumbaonline.com.br\/news\/wp-json\/wp\/v2\/tags?post=11776084"}],"curies":[{"name":"wp","href":"https:\/\/api.w.org\/{rel}","templated":true}]}}