{"id":11776137,"date":"2025-11-20T10:15:00","date_gmt":"2025-11-20T14:15:00","guid":{"rendered":"https:\/\/www.corumbaonline.com.br\/news\/?p=11776137"},"modified":"2025-11-20T10:58:14","modified_gmt":"2025-11-20T14:58:14","slug":"uems-aplica-vestibular-2026-neste-domingo-portoes-fecham-as-8h","status":"publish","type":"post","link":"https:\/\/www.corumbaonline.com.br\/news\/uems-aplica-vestibular-2026-neste-domingo-portoes-fecham-as-8h\/","title":{"rendered":"UEMS aplica Vestibular 2026 neste domingo; port\u00f5es fecham \u00e0s 8h"},"content":{"rendered":"<p>A Universidade Estadual de Mato Grosso do Sul (UEMS) publicou, no Edital de Inscri\u00e7\u00e3o n\u00ba 194\/2025 \u2014 PROE\/UEMS, de 17 de novembro, a convoca\u00e7\u00e3o oficial para a realiza\u00e7\u00e3o das provas do Processo Seletivo Vestibular UEMS 2026 (UEMSVest 2026).<\/p>\n<p>O documento traz a rela\u00e7\u00e3o de locais e hor\u00e1rios por unidade, regras de identifica\u00e7\u00e3o, orienta\u00e7\u00f5es sobre objetos permitidos e proibidos, al\u00e9m de instru\u00e7\u00f5es espec\u00edficas para candidatos com necessidades especiais.<\/p>\n<p>A Prova Escrita Objetiva, de car\u00e1ter eliminat\u00f3rio e classificat\u00f3rio, ser\u00e1 aplicada no pr\u00f3ximo domingo, 23 de novembro, no per\u00edodo da manh\u00e3. A dura\u00e7\u00e3o ser\u00e1 de cinco horas. Os port\u00f5es fecham pontualmente \u00e0s 08h (hor\u00e1rio oficial de MS). Candidatos que chegarem ap\u00f3s esse hor\u00e1rio n\u00e3o ter\u00e3o acesso.<\/p>\n<p>A rela\u00e7\u00e3o completa de salas e unidades est\u00e1 dispon\u00edvel no anexo do edital. As provas ocorrer\u00e3o em: Amambai, Aquidauana, Bataguassu, Campo Grande, Cassil\u00e2ndia, Corumb\u00e1, Costa Rica, Coxim, Dourados, Gl\u00f3ria de Dourados, Ivinhema, Jardim, Maracaju, Mundo Novo, Navira\u00ed, Nova Andradina, Parana\u00edba, Ponta Por\u00e3 e Tr\u00eas Lagoas.<\/p>\n<p>Para ingresso na sala, \u00e9 obrigat\u00f3rio apresentar documento de identidade original com foto. S\u00e3o aceitos:<\/p>\n<p>Carteiras expedidas por comandos militares, secretarias de seguran\u00e7a p\u00fablica, institutos de identifica\u00e7\u00e3o e corpos de bombeiros;<\/p>\n<p>Carteiras de conselhos profissionais;<\/p>\n<p>Passaporte;<\/p>\n<p>Carteira de Trabalho;<\/p>\n<p>CNH (modelo com foto).<\/p>\n<p>N\u00e3o ser\u00e3o aceitas c\u00f3pias, mesmo autenticadas, nem documentos como CPF, certid\u00e3o de nascimento, t\u00edtulo eleitoral, carteiras de estudante ou digitais n\u00e3o especificadas. A aus\u00eancia do documento original implica elimina\u00e7\u00e3o.<\/p>\n<p>Em caso de perda ou roubo, o candidato poder\u00e1 apresentar boletim de ocorr\u00eancia emitido h\u00e1 no m\u00e1ximo 30 dias, sendo submetido \u00e0 identifica\u00e7\u00e3o especial.<\/p>\n<p>N\u00e3o ser\u00e1 permitida a entrada com aparelhos eletr\u00f4nicos (celulares, notebooks, MP3, etc.), rel\u00f3gios, \u00f3culos escuros ou chapelaria (bon\u00e9, gorro, chap\u00e9u). Caso o candidato precise portar algum aparelho, este dever\u00e1 estar desligado, sem bateria e acondicionado em embalagem fornecida pela organiza\u00e7\u00e3o, permanecendo embaixo da carteira durante toda a prova.<\/p>\n<p>Entre as condutas que levam \u00e0 elimina\u00e7\u00e3o est\u00e3o: portar celular fora da embalagem lacrada, usar material n\u00e3o permitido, comunicar-se com outros candidatos, portar armas, recusar entregar a prova ou sair sem acompanhamento de fiscal.<\/p>\n<p>O edital prev\u00ea tradutor-int\u00e9rprete de Libras para candidatos com defici\u00eancia auditiva. O profissional poder\u00e1 esclarecer d\u00favidas pontuais de leitura, mas n\u00e3o traduzir\u00e1 integralmente a prova, respeitando os limites \u00e9ticos estabelecidos.<\/p>\n<h3>Conforme a Resolu\u00e7\u00e3o CEPE-UEMS n\u00ba 3.076\/2025, a reserva de vagas ser\u00e1:<\/h3>\n<p>20% para candidatos negros (pretos e pardos) que tenham conclu\u00eddo o Ensino M\u00e9dio em escola p\u00fablica ou privada com bolsa integral;<\/p>\n<p>10% para candidatos ind\u00edgenas;<\/p>\n<p>10% para residentes em Mato Grosso do Sul h\u00e1 mais de dez anos;<\/p>\n<p>5% para pessoas com defici\u00eancia ou transtornos globais do desenvolvimento.<\/p>\n","protected":false},"excerpt":{"rendered":"<p>A Universidade Estadual de Mato Grosso do Sul (UEMS) publicou, no Edital de Inscri\u00e7\u00e3o n\u00ba&#8230;<\/p>\n","protected":false},"author":6,"featured_media":11740585,"comment_status":"closed","ping_status":"closed","sticky":false,"template":"","format":"standard","meta":{"footnotes":""},"categories":[10],"tags":[194],"class_list":["post-11776137","post","type-post","status-publish","format-standard","has-post-thumbnail","hentry","category-educacao","tag-educacao"],"_links":{"self":[{"href":"https:\/\/www.corumbaonline.com.br\/news\/wp-json\/wp\/v2\/posts\/11776137","targetHints":{"allow":["GET"]}}],"collection":[{"href":"https:\/\/www.corumbaonline.com.br\/news\/wp-json\/wp\/v2\/posts"}],"about":[{"href":"https:\/\/www.corumbaonline.com.br\/news\/wp-json\/wp\/v2\/types\/post"}],"author":[{"embeddable":true,"href":"https:\/\/www.corumbaonline.com.br\/news\/wp-json\/wp\/v2\/users\/6"}],"replies":[{"embeddable":true,"href":"https:\/\/www.corumbaonline.com.br\/news\/wp-json\/wp\/v2\/comments?post=11776137"}],"version-history":[{"count":1,"href":"https:\/\/www.corumbaonline.com.br\/news\/wp-json\/wp\/v2\/posts\/11776137\/revisions"}],"predecessor-version":[{"id":11776138,"href":"https:\/\/www.corumbaonline.com.br\/news\/wp-json\/wp\/v2\/posts\/11776137\/revisions\/11776138"}],"wp:featuredmedia":[{"embeddable":true,"href":"https:\/\/www.corumbaonline.com.br\/news\/wp-json\/wp\/v2\/media\/11740585"}],"wp:attachment":[{"href":"https:\/\/www.corumbaonline.com.br\/news\/wp-json\/wp\/v2\/media?parent=11776137"}],"wp:term":[{"taxonomy":"category","embeddable":true,"href":"https:\/\/www.corumbaonline.com.br\/news\/wp-json\/wp\/v2\/categories?post=11776137"},{"taxonomy":"post_tag","embeddable":true,"href":"https:\/\/www.corumbaonline.com.br\/news\/wp-json\/wp\/v2\/tags?post=11776137"}],"curies":[{"name":"wp","href":"https:\/\/api.w.org\/{rel}","templated":true}]}}