{"id":11776264,"date":"2025-11-25T10:51:00","date_gmt":"2025-11-25T14:51:00","guid":{"rendered":"https:\/\/www.corumbaonline.com.br\/news\/?p=11776264"},"modified":"2025-11-25T11:54:54","modified_gmt":"2025-11-25T15:54:54","slug":"inscricoes-em-cursos-tecnicos-gratuitos-no-ifms-seguem-ate-segunda-feira","status":"publish","type":"post","link":"https:\/\/www.corumbaonline.com.br\/news\/inscricoes-em-cursos-tecnicos-gratuitos-no-ifms-seguem-ate-segunda-feira\/","title":{"rendered":"Inscri\u00e7\u00f5es em cursos t\u00e9cnicos gratuitos no IFMS seguem at\u00e9 segunda-feira"},"content":{"rendered":"<p>Seguem abertas at\u00e9 a pr\u00f3xima segunda-feira, 1\u00ba, as inscri\u00e7\u00f5es nos processos seletivos\u00a0para ingresso nos cursos t\u00e9cnicos gratuitos e presenciais voltados a jovens e adultos oferecidos pelo\u00a0Instituto Federal de Mato Grosso do Sul (IFMS).<\/p>\n<p>S\u00e3o 360 vagas oferecidas por meio de\u00a0dois editais, nas modalidades de\u00a0cursos t\u00e9cnicos integrados ao ensino m\u00e9dio na modalidade Educa\u00e7\u00e3o de Jovens e Adultos (EJA EPT) e cursos t\u00e9cnicos subsequentes ao ensino m\u00e9dio. Ambos t\u00eam in\u00edcio das aulas previsto para o\u00a0primeiro semestre de 2026.<\/p>\n<p>Dentre os cursos t\u00e9cnicos\u00a0ofertados est\u00e3o: Administra\u00e7\u00e3o; Agricultura; Marketing; e\u00a0Manuten\u00e7\u00e3o e Suporte em Inform\u00e1tica. As vagas est\u00e3o distribu\u00eddas nos campi Aquidauana, Campo Grande, Corumb\u00e1, Dourados, Navira\u00ed, Nova Andradina e Ponta Por\u00e3.<\/p>\n<p>Os cursos EJA EPT s\u00e3o destinados a pessoas com idade m\u00ednima de 18 anos, que tenham conclu\u00eddo ou estejam concluindo o ensino fundamental at\u00e9 a data da matr\u00edcula, prevista para janeiro de 2026.\u00a0Os estudantes selecionados ir\u00e3o cursar o ensino m\u00e9dio e a forma\u00e7\u00e3o t\u00e9cnica ao mesmo tempo, com aulas presenciais no per\u00edodo noturno.<\/p>\n<p>J\u00e1 os cursos t\u00e9cnicos subsequentes s\u00e3o voltados para quem j\u00e1 concluiu o ensino m\u00e9dio. As aulas tamb\u00e9m s\u00e3o presenciais e oferecidas no per\u00edodo noturno.\u00a0S\u00e3o ofertadas 120 vagas em tr\u00eas campi da institui\u00e7\u00e3o.<\/p>\n<p>Os dois editais, documentos com todas as regras dos processos seletivos, est\u00e3o publicados na\u00a0<strong><a title=\"Central de Sele\u00e7\u00e3o do IFMS\" href=\"https:\/\/email.ifms.edu.br\/lists\/lt.php?tid=KxkFC1ABWwQFVEtaAwVWTlABUANOAF5eUxsMVVQKAwkBBwcLUAwfAAIHXlVWVQROUF0HB04NXgwOG1kCAVVPAAVTBlBdXVIHVlEFH1ICAwYCUlcDTghaXAYbDFZQBk8JVlZUH1AKVgBWAgNWVAIABw\" target=\"_blank\" rel=\"noopener noreferrer\">Central de Sele\u00e7\u00e3o do IFMS<\/a>.<\/strong><\/p>\n<p><strong><a title=\"Edital n\u00ba 80\/2025\" href=\"https:\/\/email.ifms.edu.br\/lists\/lt.php?tid=KxkFUwQIUQcAVEtWVFFQTlAGBQBOAAgBAxsKA1EKWlRWBgJWUwkfAAIHXlVWVQROUF0HB04NXgwOG1kCAVVPAAVTBlBdXVIHVlEFH1ICAwYCUlcDTghaXAYbDFZQBk8JVlZUH1AKVgBWAgNWVAIABw\" target=\"_blank\" rel=\"noopener noreferrer\">Edital n\u00ba 80\/2025<\/a><\/strong>\u00a0&#8211;\u00a0Cursos t\u00e9cnicos integrados ao ensino m\u00e9dio | Educa\u00e7\u00e3o de Jovens e Adultos (EJA EPT)<\/p>\n<p><strong><a title=\"Edital n\u00ba 81\/2025\" href=\"https:\/\/email.ifms.edu.br\/lists\/lt.php?tid=KxkCC1UBUVUBVktTAwMATlADUVJOAFsIBhsPVQAEBFRRVlRRAFwfAAIHXlVWVQROUF0HB04NXgwOG1kCAVVPAAVTBlBdXVIHVlEFH1ICAwYCUlcDTghaXAYbDFZQBk8JVlZUH1AKVgBWAgNWVAIABw\" target=\"_blank\" rel=\"noopener noreferrer\">Edital n\u00ba 81\/2025<\/a><\/strong>\u00a0&#8211;\u00a0Cursos T\u00e9cnicos Subsequentes ao Ensino M\u00e9dio<\/p>\n<p><strong>A\u00e7\u00e3o Afirmativa (cotas)\u00a0<\/strong>&#8211; Nos dois processos seletivos, metade das vagas ofertadas \u00e9 reservada a candidatos que tenham estudado todas as s\u00e9ries do ensino fundamental (EJA EPT) ou m\u00e9dio (subsequente) em escola p\u00fablica.<\/p>\n<p>H\u00e1 cotas para candidatos de baixa renda (com renda\u00a0familiar bruta\u00a0<em>per capita<\/em>\u00a0igual ou inferior a um sal\u00e1rio m\u00ednimo) e tamb\u00e9m para os\u00a0autodeclarados pretos, pardos, ind\u00edgenas, quilombolas e pessoas com defici\u00eancia.<\/p>\n<p><strong>Inscri\u00e7\u00f5es\u00a0<\/strong>&#8211;\u00a0S\u00e3o gratuitas e devem ser feitas\u00a0na\u00a0<a title=\"P\u00e1gina do Candidato\" href=\"https:\/\/email.ifms.edu.br\/lists\/lt.php?tid=KxkNBFQNVVQAAksAA1NcTlBcUQFOAA8OBBsMUlMDUFAAXAcEVg4fAAIHXlVWVQROUF0HB04NXgwOG1kCAVVPAAVTBlBdXVIHVlEFH1ICAwYCUlcDTghaXAYbDFZQBk8JVlZUH1AKVgBWAgNWVAIABw\" target=\"_blank\" rel=\"noopener noreferrer\">P\u00e1gina do Candidato<\/a>\u00a0da Central de Sele\u00e7\u00e3o.<\/p>\n<p>Os editais preveem sele\u00e7\u00e3o por sorteios eletr\u00f4nicos no dia 17 de dezembro. Quando o n\u00famero de inscritos for menor do que o de vagas ofertadas no curso, n\u00e3o haver\u00e1 sele\u00e7\u00e3o.<\/p>\n<p>Todos os candidatos com inscri\u00e7\u00f5es homologadas ser\u00e3o chamados para a matr\u00edcula.<\/p>\n<p>O resultado final das sele\u00e7\u00f5es est\u00e1 previsto para\u00a014 de janeiro. A previs\u00e3o \u00e9 que as aulas comecem em fevereiro de 2026.<\/p>\n","protected":false},"excerpt":{"rendered":"<p>Seguem abertas at\u00e9 a pr\u00f3xima segunda-feira, 1\u00ba, as inscri\u00e7\u00f5es nos processos seletivos\u00a0para ingresso nos cursos&#8230;<\/p>\n","protected":false},"author":9,"featured_media":11771693,"comment_status":"closed","ping_status":"closed","sticky":false,"template":"","format":"standard","meta":{"footnotes":""},"categories":[10],"tags":[194],"class_list":["post-11776264","post","type-post","status-publish","format-standard","has-post-thumbnail","hentry","category-educacao","tag-educacao"],"_links":{"self":[{"href":"https:\/\/www.corumbaonline.com.br\/news\/wp-json\/wp\/v2\/posts\/11776264","targetHints":{"allow":["GET"]}}],"collection":[{"href":"https:\/\/www.corumbaonline.com.br\/news\/wp-json\/wp\/v2\/posts"}],"about":[{"href":"https:\/\/www.corumbaonline.com.br\/news\/wp-json\/wp\/v2\/types\/post"}],"author":[{"embeddable":true,"href":"https:\/\/www.corumbaonline.com.br\/news\/wp-json\/wp\/v2\/users\/9"}],"replies":[{"embeddable":true,"href":"https:\/\/www.corumbaonline.com.br\/news\/wp-json\/wp\/v2\/comments?post=11776264"}],"version-history":[{"count":1,"href":"https:\/\/www.corumbaonline.com.br\/news\/wp-json\/wp\/v2\/posts\/11776264\/revisions"}],"predecessor-version":[{"id":11776265,"href":"https:\/\/www.corumbaonline.com.br\/news\/wp-json\/wp\/v2\/posts\/11776264\/revisions\/11776265"}],"wp:featuredmedia":[{"embeddable":true,"href":"https:\/\/www.corumbaonline.com.br\/news\/wp-json\/wp\/v2\/media\/11771693"}],"wp:attachment":[{"href":"https:\/\/www.corumbaonline.com.br\/news\/wp-json\/wp\/v2\/media?parent=11776264"}],"wp:term":[{"taxonomy":"category","embeddable":true,"href":"https:\/\/www.corumbaonline.com.br\/news\/wp-json\/wp\/v2\/categories?post=11776264"},{"taxonomy":"post_tag","embeddable":true,"href":"https:\/\/www.corumbaonline.com.br\/news\/wp-json\/wp\/v2\/tags?post=11776264"}],"curies":[{"name":"wp","href":"https:\/\/api.w.org\/{rel}","templated":true}]}}