{"id":11776356,"date":"2025-11-27T08:20:00","date_gmt":"2025-11-27T12:20:00","guid":{"rendered":"https:\/\/www.corumbaonline.com.br\/news\/?p=11776356"},"modified":"2025-11-27T07:54:32","modified_gmt":"2025-11-27T11:54:32","slug":"busca-ativa-escolar-impulsiona-permanencia-e-melhora-indicadores-nas-escolas-estaduais-de-mato-grosso-do-sul","status":"publish","type":"post","link":"https:\/\/www.corumbaonline.com.br\/news\/busca-ativa-escolar-impulsiona-permanencia-e-melhora-indicadores-nas-escolas-estaduais-de-mato-grosso-do-sul\/","title":{"rendered":"Busca ativa escolar impulsiona perman\u00eancia e melhora indicadores nas escolas estaduais de Mato Grosso do Sul"},"content":{"rendered":"<p>Com a\u00e7\u00f5es integradas de visitas domiciliares, monitoramento di\u00e1rio da frequ\u00eancia e apoio direto \u00e0s fam\u00edlias, o Programa de Busca Ativa Escolar tem impulsionado a perman\u00eancia dos estudantes na Rede Estadual de Ensino de Mato Grosso do Sul, reduzindo expressivamente o abandono e permitindo que diversas escolas alcancem \u00edndices pr\u00f3ximos e at\u00e9 iguais a zero.<\/p>\n<p>Na Escola Estadual C\u00e9lia Maria Naglis, em Campo Grande, o diretor-adjunto Ambr\u00f3sio Lazzari explicou como a unidade conseguiu alcan\u00e7ar \u00edndice zero de abandono escolar, destacando as estrat\u00e9gias de acompanhamento, acolhimento e busca ativa que garantem a perman\u00eancia dos estudantes.<\/p>\n<p>&#8220;Desde o in\u00edcio do ano, trabalhamos para conscientizar toda a equipe de que o estudante \u00e9 o nosso maior patrim\u00f4nio. E esse patrim\u00f4nio s\u00f3 tem valor quando o aluno est\u00e1 presente. Por isso, todas as nossas a\u00e7\u00f5es s\u00e3o voltadas para que ele se sinta acolhido e parte da escola&#8221;, disse.<\/p>\n<p>Ele afirma que \u00e9 mantido um controle rigoroso da frequ\u00eancia e quando o estudante falta sem justificativa, a coordena\u00e7\u00e3o entra em contato imediatamente. Se a aus\u00eancia persiste e a fam\u00edlia n\u00e3o responde, a equipe se desloca at\u00e9 a resid\u00eancia para saber o que est\u00e1 acontecendo.<\/p>\n<p>&#8220;Essa busca ativa constante, feita com responsabilidade e sensibilidade, garante que muitos alunos retornem rapidamente. E quando identificamos mudan\u00e7as de endere\u00e7o ou outras situa\u00e7\u00f5es, orientamos a fam\u00edlia para que o estudante seja matriculado em uma escola pr\u00f3xima. \u00c9 esse cuidado di\u00e1rio que mant\u00e9m nossos \u00edndices praticamente zerados&#8221;, afirmou o diretor.<\/p>\n<div id=\"gallery-1\" class=\"gallery galleryid-527324 gallery-columns-3 gallery-size-large\">\n<figure class=\"gallery-item\">\n<div class=\"gallery-icon landscape\"><a href=\"https:\/\/agenciadenoticias.ms.gov.br\/wp-content\/uploads\/2025\/11\/Ambrosio-scaled.jpg\"><img loading=\"lazy\" decoding=\"async\" class=\"attachment-large size-large\" src=\"https:\/\/agenciadenoticias.ms.gov.br\/wp-content\/uploads\/2025\/11\/Ambrosio-1024x577.jpg\" sizes=\"auto, (max-width: 1024px) 100vw, 1024px\" srcset=\"https:\/\/agenciadenoticias.ms.gov.br\/wp-content\/uploads\/2025\/11\/Ambrosio-1024x577.jpg 1024w, https:\/\/agenciadenoticias.ms.gov.br\/wp-content\/uploads\/2025\/11\/Ambrosio-300x169.jpg 300w, https:\/\/agenciadenoticias.ms.gov.br\/wp-content\/uploads\/2025\/11\/Ambrosio-768x432.jpg 768w, https:\/\/agenciadenoticias.ms.gov.br\/wp-content\/uploads\/2025\/11\/Ambrosio-1536x865.jpg 1536w, https:\/\/agenciadenoticias.ms.gov.br\/wp-content\/uploads\/2025\/11\/Ambrosio-2048x1153.jpg 2048w, https:\/\/agenciadenoticias.ms.gov.br\/wp-content\/uploads\/2025\/11\/Ambrosio-350x197.jpg 350w, https:\/\/agenciadenoticias.ms.gov.br\/wp-content\/uploads\/2025\/11\/Ambrosio-scaled.jpg 1920w\" alt=\"\" width=\"1024\" height=\"577\" \/><\/a><\/div>\n<\/figure>\n<figure class=\"gallery-item\">\n<div class=\"gallery-icon landscape\"><a href=\"https:\/\/agenciadenoticias.ms.gov.br\/wp-content\/uploads\/2025\/11\/olivio-scaled.jpg\"><img loading=\"lazy\" decoding=\"async\" class=\"attachment-large size-large\" src=\"https:\/\/agenciadenoticias.ms.gov.br\/wp-content\/uploads\/2025\/11\/olivio-1024x577.jpg\" sizes=\"auto, (max-width: 1024px) 100vw, 1024px\" srcset=\"https:\/\/agenciadenoticias.ms.gov.br\/wp-content\/uploads\/2025\/11\/olivio-1024x577.jpg 1024w, https:\/\/agenciadenoticias.ms.gov.br\/wp-content\/uploads\/2025\/11\/olivio-300x169.jpg 300w, https:\/\/agenciadenoticias.ms.gov.br\/wp-content\/uploads\/2025\/11\/olivio-768x432.jpg 768w, https:\/\/agenciadenoticias.ms.gov.br\/wp-content\/uploads\/2025\/11\/olivio-1536x865.jpg 1536w, https:\/\/agenciadenoticias.ms.gov.br\/wp-content\/uploads\/2025\/11\/olivio-2048x1153.jpg 2048w, https:\/\/agenciadenoticias.ms.gov.br\/wp-content\/uploads\/2025\/11\/olivio-350x197.jpg 350w, https:\/\/agenciadenoticias.ms.gov.br\/wp-content\/uploads\/2025\/11\/olivio-scaled.jpg 1920w\" alt=\"\" width=\"1024\" height=\"577\" \/><\/a><\/div>\n<\/figure>\n<figure class=\"gallery-item\">\n<div class=\"gallery-icon landscape\"><a href=\"https:\/\/agenciadenoticias.ms.gov.br\/wp-content\/uploads\/2025\/11\/Josiani-scaled.jpg\"><img loading=\"lazy\" decoding=\"async\" class=\"attachment-large size-large\" src=\"https:\/\/agenciadenoticias.ms.gov.br\/wp-content\/uploads\/2025\/11\/Josiani-1024x577.jpg\" sizes=\"auto, (max-width: 1024px) 100vw, 1024px\" srcset=\"https:\/\/agenciadenoticias.ms.gov.br\/wp-content\/uploads\/2025\/11\/Josiani-1024x577.jpg 1024w, https:\/\/agenciadenoticias.ms.gov.br\/wp-content\/uploads\/2025\/11\/Josiani-300x169.jpg 300w, https:\/\/agenciadenoticias.ms.gov.br\/wp-content\/uploads\/2025\/11\/Josiani-768x432.jpg 768w, https:\/\/agenciadenoticias.ms.gov.br\/wp-content\/uploads\/2025\/11\/Josiani-1536x865.jpg 1536w, https:\/\/agenciadenoticias.ms.gov.br\/wp-content\/uploads\/2025\/11\/Josiani-2048x1153.jpg 2048w, https:\/\/agenciadenoticias.ms.gov.br\/wp-content\/uploads\/2025\/11\/Josiani-350x197.jpg 350w, https:\/\/agenciadenoticias.ms.gov.br\/wp-content\/uploads\/2025\/11\/Josiani-scaled.jpg 1920w\" alt=\"\" width=\"1024\" height=\"577\" \/><\/a><\/div>\n<\/figure>\n<\/div>\n<p><em>Ambr\u00f3sio, Ol\u00edvio e Josiane, respectivamente, s\u00e3o diretores e alunos que atestam a din\u00e2mica e efic\u00e1cia do programa<\/em><\/p>\n<p>Entre as a\u00e7\u00f5es de destaque est\u00e1 o SBAE-MS (Sistema de Busca Ativa Escolar), desenvolvido em parceria com o MPMS (Minist\u00e9rio P\u00fablico de Mato Grosso do Sul). Essa metodologia busca identificar os alunos com frequ\u00eancia irregular para promover acolhimento e reintegra\u00e7\u00e3o envolvendo escolas, Conselho Tutelar e a comunidade.<\/p>\n<p>Antes das a\u00e7\u00f5es chegarem \u00e0s escolas, a Rede Estadual conta com o suporte t\u00e9cnico das equipes da SED, que orientam gestores e profissionais sobre como conduzir cada etapa da busca ativa de forma respons\u00e1vel e eficaz. \u00c9 esse trabalho de bastidor, que envolve protocolos, acompanhamento cont\u00ednuo e di\u00e1logo com as fam\u00edlias, que garante que as unidades escolares tenham condi\u00e7\u00f5es de agir rapidamente quando um estudante come\u00e7a a se afastar.<\/p>\n<p>Sobre esse processo, a coordenadora de Psicologia e Servi\u00e7o Social Educacional, Paola Lopes, refor\u00e7a que esse trabalho \u00e9 essencial para identificar rapidamente quando um estudante come\u00e7a a se afastar da escola. &#8220;Na SED, orientamos que esse acompanhamento seja humanizado e articulado, envolvendo contato imediato com a fam\u00edlia e, se necess\u00e1rio, visitas domiciliares&#8221;.<\/p>\n<p>Paola completa ainda que, para que isso funcione, a atualiza\u00e7\u00e3o cadastral \u00e9 fundamental. &#8220;Telefones e endere\u00e7os corretos fazem toda a diferen\u00e7a para que a escola consiga localizar o estudante a tempo. Com o apoio do SBAE-MS e dos registros de frequ\u00eancia, conseguimos agir com mais precis\u00e3o e garantir que nenhum aluno fique para tr\u00e1s&#8221;, concluiu.<\/p>\n<div id=\"gallery-2\" class=\"gallery galleryid-527324 gallery-columns-1 gallery-size-large\">\n<figure class=\"gallery-item\">\n<div class=\"gallery-icon landscape\"><a href=\"https:\/\/agenciadenoticias.ms.gov.br\/wp-content\/uploads\/2025\/11\/20251112_095926-scaled.jpg\"><img loading=\"lazy\" decoding=\"async\" class=\"attachment-large size-large\" src=\"https:\/\/agenciadenoticias.ms.gov.br\/wp-content\/uploads\/2025\/11\/20251112_095926-1024x577.jpg\" sizes=\"auto, (max-width: 1024px) 100vw, 1024px\" srcset=\"https:\/\/agenciadenoticias.ms.gov.br\/wp-content\/uploads\/2025\/11\/20251112_095926-1024x577.jpg 1024w, https:\/\/agenciadenoticias.ms.gov.br\/wp-content\/uploads\/2025\/11\/20251112_095926-300x169.jpg 300w, https:\/\/agenciadenoticias.ms.gov.br\/wp-content\/uploads\/2025\/11\/20251112_095926-768x432.jpg 768w, https:\/\/agenciadenoticias.ms.gov.br\/wp-content\/uploads\/2025\/11\/20251112_095926-1536x865.jpg 1536w, https:\/\/agenciadenoticias.ms.gov.br\/wp-content\/uploads\/2025\/11\/20251112_095926-2048x1153.jpg 2048w, https:\/\/agenciadenoticias.ms.gov.br\/wp-content\/uploads\/2025\/11\/20251112_095926-350x197.jpg 350w, https:\/\/agenciadenoticias.ms.gov.br\/wp-content\/uploads\/2025\/11\/20251112_095926-scaled.jpg 1920w\" alt=\"\" width=\"1024\" height=\"577\" \/><\/a><\/div>\n<\/figure>\n<\/div>\n<p>Al\u00e9m disso, existem procedimentos como a compensa\u00e7\u00e3o de aus\u00eancias, entre outras a\u00e7\u00f5es, que fortalecem o acompanhamento individualizado do estudante e o suporte pedag\u00f3gico para a recomposi\u00e7\u00e3o do aprendizado, em seu retorno ao processo educativo.<\/p>\n<p>Na Escola Estdaual Lino Villach\u00e1, o diretor Ol\u00edvio Mangolin detalhou como a escola trabalha para evitar o abandono escolar, unindo comunica\u00e7\u00e3o constante com as fam\u00edlias, acompanhamento di\u00e1rio da frequ\u00eancia, visitas domiciliares e uso das resolu\u00e7\u00f5es que permitem a\u00e7\u00f5es formais quando o estudante deixa de comparecer.<\/p>\n<p>Ele tamb\u00e9m explicou como a necessidade de ingresso no mercado de trabalho afeta principalmente os alunos do noturno e como a escola tenta, ao m\u00e1ximo, ajustar vagas e apoiar esses jovens que buscam o primeiro emprego.<\/p>\n<p>&#8220;A gente faz a matr\u00edcula, acolhe o estudante e trabalha para que ele tenha senso de pertencimento. Quando ele falta dois ou tr\u00eas dias, eu j\u00e1 ligo. Se o telefone n\u00e3o funciona, mando supervisor de moto e se, mesmo assim, n\u00e3o encontro, eu pego meu carro e vou pessoalmente. S\u00f3 depois de esgotar todos os recursos escolares \u00e9 que eu encaminho ao Conselho Tutelar e aplico, se for o caso, a transfer\u00eancia\u00a0<em>ex officio<\/em>&#8220;, relatou o diretor.<\/p>\n<p>Ele diz que o trabalho de Busca Ativa, apesar das dificuldades, traz resultados positivos, como no caso da estudante Josiane Cardoso Calvis, de 17 anos que foi transferida, mas deixou de frequentar as aulas por problemas familiares. &#8220;Eu conhe\u00e7o a hist\u00f3ria dela, sei que ela \u00e9 boa aluna. Fui atr\u00e1s e retornamos com ela para a escola. Hoje, ela j\u00e1 est\u00e1 com as notas boas e a frequ\u00eancia em dia&#8221;, finalizou.<\/p>\n<div id=\"gallery-3\" class=\"gallery galleryid-527324 gallery-columns-1 gallery-size-large\">\n<figure class=\"gallery-item\">\n<div class=\"gallery-icon landscape\"><a href=\"https:\/\/agenciadenoticias.ms.gov.br\/wp-content\/uploads\/2025\/11\/20251112_095709-scaled.jpg\"><img loading=\"lazy\" decoding=\"async\" class=\"attachment-large size-large\" src=\"https:\/\/agenciadenoticias.ms.gov.br\/wp-content\/uploads\/2025\/11\/20251112_095709-1024x577.jpg\" sizes=\"auto, (max-width: 1024px) 100vw, 1024px\" srcset=\"https:\/\/agenciadenoticias.ms.gov.br\/wp-content\/uploads\/2025\/11\/20251112_095709-1024x577.jpg 1024w, https:\/\/agenciadenoticias.ms.gov.br\/wp-content\/uploads\/2025\/11\/20251112_095709-300x169.jpg 300w, https:\/\/agenciadenoticias.ms.gov.br\/wp-content\/uploads\/2025\/11\/20251112_095709-768x432.jpg 768w, https:\/\/agenciadenoticias.ms.gov.br\/wp-content\/uploads\/2025\/11\/20251112_095709-1536x865.jpg 1536w, https:\/\/agenciadenoticias.ms.gov.br\/wp-content\/uploads\/2025\/11\/20251112_095709-2048x1153.jpg 2048w, https:\/\/agenciadenoticias.ms.gov.br\/wp-content\/uploads\/2025\/11\/20251112_095709-350x197.jpg 350w, https:\/\/agenciadenoticias.ms.gov.br\/wp-content\/uploads\/2025\/11\/20251112_095709-scaled.jpg 1920w\" alt=\"\" width=\"1024\" height=\"577\" \/><\/a><\/div>\n<\/figure>\n<\/div>\n<p>De volta \u00e0 sala de aula, Josiane conta que s\u00f3 retomou os estudos gra\u00e7as \u00e0 insist\u00eancia do diretor, que acompanhou sua aus\u00eancia e atuou para evitar que ela abandonasse a escola.<\/p>\n<p>&#8220;Eu tinha sido transferida para outra escola, mas parei de ir porque era longe e eu estava com problemas em casa. Quando o diretor soube, ele entrou em contato com a minha fam\u00edlia e me chamou para conversar. Disse que eu era uma boa aluna e que n\u00e3o deveria abandonar os estudos. Ele reverteu minha transfer\u00eancia e me trouxe de volta. Se n\u00e3o fosse essa insist\u00eancia, eu teria parado de estudar. Hoje estou recuperando minhas notas e sei que a escola \u00e9 essencial para o meu futuro&#8221;, disse a aluna.<\/p>\n<p>A iniciativa \u00e9 fundamental para combater o abandono escolar, situa\u00e7\u00e3o observada quando um estudante deixa de frequentar as atividades em um mesmo Ano Letivo. O contexto se difere da evas\u00e3o, quando o estudante se afasta da escola e n\u00e3o retorna ao sistema de ensino no ano seguinte. Compreender essas diferen\u00e7as ajuda a planejar a\u00e7\u00f5es espec\u00edficas para cada caso.<\/p>\n<p>O secret\u00e1rio de Estado de Educa\u00e7\u00e3o, H\u00e9lio Daher, ressaltou os resultados positivos obtidos com as pol\u00edticas p\u00fablicas implementadas. Segundo ele, a Secretaria conseguiu diminuir consideravelmente o percentual de abandono escolar em todo o Estado, chegando a zerar essa taxa em algumas unidades escolares.<\/p>\n<p>&#8220;A implementa\u00e7\u00e3o do Sistema de Busca Ativa Escolar, junto \u00e0s nossas pol\u00edticas integradas, tem sido decisiva para reduzir o abandono escolar em Mato Grosso do Sul. Conseguimos diminuir significativamente esses \u00edndices em toda a Rede Estadual, e em algumas escolas, chegamos at\u00e9 a zerar o percentual de abandono. Isso demonstra que o compromisso da Secretaria com a perman\u00eancia e o sucesso dos estudantes est\u00e1 gerando resultados concretos para o futuro da Educa\u00e7\u00e3o no nosso Estado&#8221;.<\/p>\n<div id=\"gallery-4\" class=\"gallery galleryid-527324 gallery-columns-1 gallery-size-large\">\n<figure class=\"gallery-item\">\n<div class=\"gallery-icon landscape\"><a href=\"https:\/\/agenciadenoticias.ms.gov.br\/wp-content\/uploads\/2025\/11\/20251112_095937-scaled.jpg\"><img loading=\"lazy\" decoding=\"async\" class=\"attachment-large size-large\" src=\"https:\/\/agenciadenoticias.ms.gov.br\/wp-content\/uploads\/2025\/11\/20251112_095937-1024x577.jpg\" sizes=\"auto, (max-width: 1024px) 100vw, 1024px\" srcset=\"https:\/\/agenciadenoticias.ms.gov.br\/wp-content\/uploads\/2025\/11\/20251112_095937-1024x577.jpg 1024w, https:\/\/agenciadenoticias.ms.gov.br\/wp-content\/uploads\/2025\/11\/20251112_095937-300x169.jpg 300w, https:\/\/agenciadenoticias.ms.gov.br\/wp-content\/uploads\/2025\/11\/20251112_095937-768x432.jpg 768w, https:\/\/agenciadenoticias.ms.gov.br\/wp-content\/uploads\/2025\/11\/20251112_095937-1536x865.jpg 1536w, https:\/\/agenciadenoticias.ms.gov.br\/wp-content\/uploads\/2025\/11\/20251112_095937-2048x1153.jpg 2048w, https:\/\/agenciadenoticias.ms.gov.br\/wp-content\/uploads\/2025\/11\/20251112_095937-350x197.jpg 350w, https:\/\/agenciadenoticias.ms.gov.br\/wp-content\/uploads\/2025\/11\/20251112_095937-scaled.jpg 1920w\" alt=\"\" width=\"1024\" height=\"577\" \/><\/a><\/div>\n<\/figure>\n<\/div>\n<p>O governador Eduardo Riedel destacou a import\u00e2ncia de ampliar os investimentos em Educa\u00e7\u00e3o para garantir n\u00e3o s\u00f3 a redu\u00e7\u00e3o do abandono escolar, mas tamb\u00e9m a prepara\u00e7\u00e3o dos estudantes para o mercado de trabalho.<\/p>\n<p>&#8220;Investir cada vez mais na Educa\u00e7\u00e3o \u00e9 fundamental para oferecer oportunidades reais aos nossos jovens. Al\u00e9m de zerar o abandono, queremos formar cidad\u00e3os capacitados para os desafios do Mundo do Trabalho, contribuindo para o desenvolvimento sustent\u00e1vel de Mato Grosso do Sul&#8221;.<\/p>\n","protected":false},"excerpt":{"rendered":"<p>Com a\u00e7\u00f5es integradas de visitas domiciliares, monitoramento di\u00e1rio da frequ\u00eancia e apoio direto \u00e0s fam\u00edlias,&#8230;<\/p>\n","protected":false},"author":13,"featured_media":11776357,"comment_status":"closed","ping_status":"closed","sticky":false,"template":"","format":"standard","meta":{"footnotes":""},"categories":[10],"tags":[194],"class_list":["post-11776356","post","type-post","status-publish","format-standard","has-post-thumbnail","hentry","category-educacao","tag-educacao"],"_links":{"self":[{"href":"https:\/\/www.corumbaonline.com.br\/news\/wp-json\/wp\/v2\/posts\/11776356","targetHints":{"allow":["GET"]}}],"collection":[{"href":"https:\/\/www.corumbaonline.com.br\/news\/wp-json\/wp\/v2\/posts"}],"about":[{"href":"https:\/\/www.corumbaonline.com.br\/news\/wp-json\/wp\/v2\/types\/post"}],"author":[{"embeddable":true,"href":"https:\/\/www.corumbaonline.com.br\/news\/wp-json\/wp\/v2\/users\/13"}],"replies":[{"embeddable":true,"href":"https:\/\/www.corumbaonline.com.br\/news\/wp-json\/wp\/v2\/comments?post=11776356"}],"version-history":[{"count":1,"href":"https:\/\/www.corumbaonline.com.br\/news\/wp-json\/wp\/v2\/posts\/11776356\/revisions"}],"predecessor-version":[{"id":11776358,"href":"https:\/\/www.corumbaonline.com.br\/news\/wp-json\/wp\/v2\/posts\/11776356\/revisions\/11776358"}],"wp:featuredmedia":[{"embeddable":true,"href":"https:\/\/www.corumbaonline.com.br\/news\/wp-json\/wp\/v2\/media\/11776357"}],"wp:attachment":[{"href":"https:\/\/www.corumbaonline.com.br\/news\/wp-json\/wp\/v2\/media?parent=11776356"}],"wp:term":[{"taxonomy":"category","embeddable":true,"href":"https:\/\/www.corumbaonline.com.br\/news\/wp-json\/wp\/v2\/categories?post=11776356"},{"taxonomy":"post_tag","embeddable":true,"href":"https:\/\/www.corumbaonline.com.br\/news\/wp-json\/wp\/v2\/tags?post=11776356"}],"curies":[{"name":"wp","href":"https:\/\/api.w.org\/{rel}","templated":true}]}}