{"id":11776408,"date":"2025-11-28T08:25:00","date_gmt":"2025-11-28T12:25:00","guid":{"rendered":"https:\/\/www.corumbaonline.com.br\/news\/?p=11776408"},"modified":"2025-11-28T09:02:13","modified_gmt":"2025-11-28T13:02:13","slug":"governo-de-ms-atende-solicitacao-da-assembleia-e-amplia-alcance-das-emendas-para-educacao","status":"publish","type":"post","link":"https:\/\/www.corumbaonline.com.br\/news\/governo-de-ms-atende-solicitacao-da-assembleia-e-amplia-alcance-das-emendas-para-educacao\/","title":{"rendered":"Governo de MS atende solicita\u00e7\u00e3o da Assembleia e amplia alcance das emendas para Educa\u00e7\u00e3o"},"content":{"rendered":"<p class=\"has-text-align-left\">O Governo de Mato Grosso do Sul atendeu ao pleito apresentado pelos deputados estaduais e reduziu para R$ 30 mil o valor m\u00ednimo das emendas parlamentares destinadas \u00e0s Associa\u00e7\u00f5es de Pais e Mestres (APMs) da rede estadual de ensino.<\/p>\n<p class=\"has-text-align-left\">A solicita\u00e7\u00e3o foi formalizada em reuni\u00e3o no dia 30 de outubro entre o secret\u00e1rio da Casa Civil, Walter Carneiro Junior, o vice-governador Jos\u00e9 Carlos Barbosa e o superintendente de Emendas Parlamentares Estaduais e Federais, \u00c9dio Viegas, com parlamentares da Assembleia Legislativa.<\/p>\n<p>Segundo o secret\u00e1rio Walter Carneiro Junior, o Governo ampliou o di\u00e1logo sobre o tema antes de consolidar a mudan\u00e7a.<\/p>\n<p>\u201cO Governo do Estado j\u00e1 havia discutido inicialmente com a Mesa Diretora e, depois, abriu o tema para o plen\u00e1rio, para que todos os deputados contribu\u00edssem com adequa\u00e7\u00f5es, sugest\u00f5es e propostas. Hoje devolvemos uma resposta positiva aos pleitos apresentados\u201d, destacou, refor\u00e7ando que a rela\u00e7\u00e3o institucional com a Assembleia Legislativa \u00e9 permanente e fundamental para aperfei\u00e7oar os instrumentos de atendimento \u00e0s demandas dos parlamentares e da popula\u00e7\u00e3o sul-mato-grossense.<\/p>\n<figure class=\"wp-block-image size-large\"><img loading=\"lazy\" decoding=\"async\" class=\"wp-image-527436 aligncenter\" src=\"https:\/\/agenciadenoticias.ms.gov.br\/wp-content\/uploads\/2025\/11\/WhatsApp-Image-2025-11-18-at-11.41.00-1024x682.jpeg\" sizes=\"auto, (max-width: 1024px) 100vw, 1024px\" srcset=\"https:\/\/agenciadenoticias.ms.gov.br\/wp-content\/uploads\/2025\/11\/WhatsApp-Image-2025-11-18-at-11.41.00-1024x682.jpeg 1024w, https:\/\/agenciadenoticias.ms.gov.br\/wp-content\/uploads\/2025\/11\/WhatsApp-Image-2025-11-18-at-11.41.00-300x200.jpeg 300w, https:\/\/agenciadenoticias.ms.gov.br\/wp-content\/uploads\/2025\/11\/WhatsApp-Image-2025-11-18-at-11.41.00-768x512.jpeg 768w, https:\/\/agenciadenoticias.ms.gov.br\/wp-content\/uploads\/2025\/11\/WhatsApp-Image-2025-11-18-at-11.41.00-1536x1024.jpeg 1536w, https:\/\/agenciadenoticias.ms.gov.br\/wp-content\/uploads\/2025\/11\/WhatsApp-Image-2025-11-18-at-11.41.00-2048x1365.jpeg 2048w, https:\/\/agenciadenoticias.ms.gov.br\/wp-content\/uploads\/2025\/11\/WhatsApp-Image-2025-11-18-at-11.41.00-350x232.jpeg 350w, https:\/\/agenciadenoticias.ms.gov.br\/wp-content\/uploads\/2025\/11\/WhatsApp-Image-2025-11-18-at-11.41.00-scaled.jpeg 1920w\" alt=\"\" width=\"1024\" height=\"682\" \/><\/figure>\n<p>Os deputados solicitaram a redu\u00e7\u00e3o do piso das emendas destinadas \u00e0s \u00e1reas de Educa\u00e7\u00e3o e Assist\u00eancia Social, que estava fixado em R$ 50 mil. A altera\u00e7\u00e3o, segundo os parlamentares, permitir\u00e1 ampliar o alcance das indica\u00e7\u00f5es, beneficiando mais escolas e institui\u00e7\u00f5es.<\/p>\n<p>Nesta quinta-feira (27), o superintendente \u00c9dio Viegas retornou \u00e0 ALEMS para apresentar a nova configura\u00e7\u00e3o das emendas aos assessores parlamentares. \u201cA reuni\u00e3o tem o objetivo de orientar sobre o processo de elabora\u00e7\u00e3o e execu\u00e7\u00e3o das emendas de 2026 e informar que as demandas feitas pela Assembleia Legislativa foram atendidas\u201d, explicou.<\/p>\n<p><strong>As mudan\u00e7as incluem:<\/strong><\/p>\n<ul class=\"wp-block-list\">\n<li>Antecipar o in\u00edcio do cronograma para 1\u00ba de dezembro de 2025;<\/li>\n<li>Redu\u00e7\u00e3o do valor m\u00ednimo das emendas para APMs, de R$ 50 mil para R$ 30 mil;<\/li>\n<li>Redu\u00e7\u00e3o do percentual m\u00ednimo de indica\u00e7\u00f5es da Sa\u00fade destinadas \u00e0 modalidade\u00a0<em>fundo a fundo \u2013 custeio<\/em>, de 75% para 50%.<\/li>\n<\/ul>\n<p>Durante o encontro, tamb\u00e9m ser\u00e3o apresentados o cronograma final de processamento e as orienta\u00e7\u00f5es t\u00e9cnicas para a elabora\u00e7\u00e3o das indica\u00e7\u00f5es, fornecidas pelos representantes das unidades executoras. A medida busca garantir maior precis\u00e3o na formula\u00e7\u00e3o dos planos de trabalho e mais agilidade na chegada dos recursos \u00e0 popula\u00e7\u00e3o.<\/p>\n<p>\u201cNosso objetivo \u00e9 orientar as melhores pr\u00e1ticas para a elabora\u00e7\u00e3o das indica\u00e7\u00f5es e dos planos de trabalho, assegurando a celeridade do processo e a boa aplica\u00e7\u00e3o dos recursos\u201d, finalizou Viegas.<\/p>\n<p>O total destinados \u00e0s Emendas Parlamentares pelo Governo do Estado \u00e9 de R$ 96 milh\u00f5es, sendo R$ 4 milh\u00f5es para indica\u00e7\u00e3o de cada deputado estadual.<\/p>\n<div class=\"wp-block-file\" data-wp-interactive=\"core\/file\"><a id=\"wp-block-file--media-279e3c38-297f-40d2-aeaa-d141834a3d90\" href=\"https:\/\/agenciadenoticias.ms.gov.br\/wp-content\/uploads\/2025\/11\/CRONOGRAMA-2026-EMENDAS-ESTADUAIS-FINAL-1.pdf\">CRONOGRAMA 2026 &#8211; EMENDAS ESTADUAIS &#8211; FINAL<\/a><a class=\"wp-block-file__button wp-element-button\" href=\"https:\/\/agenciadenoticias.ms.gov.br\/wp-content\/uploads\/2025\/11\/CRONOGRAMA-2026-EMENDAS-ESTADUAIS-FINAL-1.pdf\" download=\"\" aria-describedby=\"wp-block-file--media-279e3c38-297f-40d2-aeaa-d141834a3d90\">Baixar<\/a><\/div>\n","protected":false},"excerpt":{"rendered":"<p>O Governo de Mato Grosso do Sul atendeu ao pleito apresentado pelos deputados estaduais e&#8230;<\/p>\n","protected":false},"author":13,"featured_media":11776409,"comment_status":"closed","ping_status":"closed","sticky":false,"template":"","format":"standard","meta":{"footnotes":""},"categories":[10],"tags":[194],"class_list":["post-11776408","post","type-post","status-publish","format-standard","has-post-thumbnail","hentry","category-educacao","tag-educacao"],"_links":{"self":[{"href":"https:\/\/www.corumbaonline.com.br\/news\/wp-json\/wp\/v2\/posts\/11776408","targetHints":{"allow":["GET"]}}],"collection":[{"href":"https:\/\/www.corumbaonline.com.br\/news\/wp-json\/wp\/v2\/posts"}],"about":[{"href":"https:\/\/www.corumbaonline.com.br\/news\/wp-json\/wp\/v2\/types\/post"}],"author":[{"embeddable":true,"href":"https:\/\/www.corumbaonline.com.br\/news\/wp-json\/wp\/v2\/users\/13"}],"replies":[{"embeddable":true,"href":"https:\/\/www.corumbaonline.com.br\/news\/wp-json\/wp\/v2\/comments?post=11776408"}],"version-history":[{"count":1,"href":"https:\/\/www.corumbaonline.com.br\/news\/wp-json\/wp\/v2\/posts\/11776408\/revisions"}],"predecessor-version":[{"id":11776410,"href":"https:\/\/www.corumbaonline.com.br\/news\/wp-json\/wp\/v2\/posts\/11776408\/revisions\/11776410"}],"wp:featuredmedia":[{"embeddable":true,"href":"https:\/\/www.corumbaonline.com.br\/news\/wp-json\/wp\/v2\/media\/11776409"}],"wp:attachment":[{"href":"https:\/\/www.corumbaonline.com.br\/news\/wp-json\/wp\/v2\/media?parent=11776408"}],"wp:term":[{"taxonomy":"category","embeddable":true,"href":"https:\/\/www.corumbaonline.com.br\/news\/wp-json\/wp\/v2\/categories?post=11776408"},{"taxonomy":"post_tag","embeddable":true,"href":"https:\/\/www.corumbaonline.com.br\/news\/wp-json\/wp\/v2\/tags?post=11776408"}],"curies":[{"name":"wp","href":"https:\/\/api.w.org\/{rel}","templated":true}]}}