{"id":11776594,"date":"2025-12-04T10:01:00","date_gmt":"2025-12-04T14:01:00","guid":{"rendered":"https:\/\/www.corumbaonline.com.br\/news\/?p=11776594"},"modified":"2025-12-04T10:28:57","modified_gmt":"2025-12-04T14:28:57","slug":"pm-inicia-operacao-boas-festas-2025-com-reforco-de-40-no-policiamento-em-todo-o-estado","status":"publish","type":"post","link":"https:\/\/www.corumbaonline.com.br\/news\/pm-inicia-operacao-boas-festas-2025-com-reforco-de-40-no-policiamento-em-todo-o-estado\/","title":{"rendered":"PM inicia Opera\u00e7\u00e3o Boas Festas 2025 com refor\u00e7o de 40% no policiamento em todo o Estado"},"content":{"rendered":"<p>A Pol\u00edcia Militar de Mato Grosso do Sul deu in\u00edcio, nesta quarta-feira (3), \u00e0 Opera\u00e7\u00e3o Boas Festas 2025, durante cerim\u00f4nia realizada no Comando-Geral da corpora\u00e7\u00e3o, em Campo Grande. A a\u00e7\u00e3o, que segue at\u00e9 4 de janeiro, refor\u00e7a o policiamento para garantir mais seguran\u00e7a \u00e0 popula\u00e7\u00e3o durante o per\u00edodo de compras, eventos e circula\u00e7\u00e3o intensa t\u00edpica do final de ano.<\/p>\n<p>O lan\u00e7amento reuniu autoridades civis e militares e marcou o in\u00edcio das atividades refor\u00e7adas em todos os 79 munic\u00edpios do Estado, abrangendo \u00e1reas urbanas e rurais, regi\u00f5es tur\u00edsticas, corredores comerciais e locais de grande fluxo de pessoas.<\/p>\n<figure class=\"wp-block-gallery has-nested-images columns-default is-cropped wp-block-gallery-1 is-layout-flex wp-block-gallery-is-layout-flex\">\n<figure class=\"wp-block-image size-large\"><img loading=\"lazy\" decoding=\"async\" class=\"wp-image-527997\" src=\"https:\/\/agenciadenoticias.ms.gov.br\/wp-content\/uploads\/2025\/12\/20251203084453-Pano-1024x221.jpg\" sizes=\"auto, (max-width: 1024px) 100vw, 1024px\" srcset=\"https:\/\/agenciadenoticias.ms.gov.br\/wp-content\/uploads\/2025\/12\/20251203084453-Pano-1024x221.jpg 1024w, https:\/\/agenciadenoticias.ms.gov.br\/wp-content\/uploads\/2025\/12\/20251203084453-Pano-300x65.jpg 300w, https:\/\/agenciadenoticias.ms.gov.br\/wp-content\/uploads\/2025\/12\/20251203084453-Pano-768x166.jpg 768w, https:\/\/agenciadenoticias.ms.gov.br\/wp-content\/uploads\/2025\/12\/20251203084453-Pano-1536x332.jpg 1536w, https:\/\/agenciadenoticias.ms.gov.br\/wp-content\/uploads\/2025\/12\/20251203084453-Pano-350x76.jpg 350w, https:\/\/agenciadenoticias.ms.gov.br\/wp-content\/uploads\/2025\/12\/20251203084453-Pano.jpg 1920w\" alt=\"\" width=\"1024\" height=\"221\" data-id=\"527997\" \/><\/figure>\n<\/figure>\n<p>Representando o comandante-geral da PMMS, coronel Renato dos Anjos Garnes, o chefe do Estado-Maior, coronel Nivaldo de P\u00e1dua Mello, refor\u00e7ou que a opera\u00e7\u00e3o amplia o policiamento em todo o Estado, com aten\u00e7\u00e3o especial \u00e0s regi\u00f5es tur\u00edsticas, cidades da fronteira e \u00e1reas rurais.<\/p>\n<p>\u201cEstamos refor\u00e7ando o policiamento em todo o Estado, inclusive nos ranchos e propriedades rurais, muito procurados neste per\u00edodo de festas. O Batalh\u00e3o Rural e a Pol\u00edcia Militar Ambiental est\u00e3o atuando em uma opera\u00e7\u00e3o especial\u201d, explicou.<\/p>\n<figure class=\"wp-block-gallery has-nested-images columns-default is-cropped wp-block-gallery-2 is-layout-flex wp-block-gallery-is-layout-flex\">\n<figure class=\"wp-block-image size-large\"><img loading=\"lazy\" decoding=\"async\" class=\"wp-image-527999\" src=\"https:\/\/agenciadenoticias.ms.gov.br\/wp-content\/uploads\/2025\/12\/20251203090200-1024x682.jpg\" sizes=\"auto, (max-width: 1024px) 100vw, 1024px\" srcset=\"https:\/\/agenciadenoticias.ms.gov.br\/wp-content\/uploads\/2025\/12\/20251203090200-1024x682.jpg 1024w, https:\/\/agenciadenoticias.ms.gov.br\/wp-content\/uploads\/2025\/12\/20251203090200-300x200.jpg 300w, https:\/\/agenciadenoticias.ms.gov.br\/wp-content\/uploads\/2025\/12\/20251203090200-768x512.jpg 768w, https:\/\/agenciadenoticias.ms.gov.br\/wp-content\/uploads\/2025\/12\/20251203090200-350x232.jpg 350w, https:\/\/agenciadenoticias.ms.gov.br\/wp-content\/uploads\/2025\/12\/20251203090200.jpg 1379w\" alt=\"\" width=\"1024\" height=\"682\" data-id=\"527999\" \/><\/figure>\n<figure class=\"wp-block-image size-large\"><img loading=\"lazy\" decoding=\"async\" class=\"wp-image-527998\" src=\"https:\/\/agenciadenoticias.ms.gov.br\/wp-content\/uploads\/2025\/12\/20251203085100-1024x682.jpg\" sizes=\"auto, (max-width: 1024px) 100vw, 1024px\" srcset=\"https:\/\/agenciadenoticias.ms.gov.br\/wp-content\/uploads\/2025\/12\/20251203085100-1024x682.jpg 1024w, https:\/\/agenciadenoticias.ms.gov.br\/wp-content\/uploads\/2025\/12\/20251203085100-300x200.jpg 300w, https:\/\/agenciadenoticias.ms.gov.br\/wp-content\/uploads\/2025\/12\/20251203085100-768x512.jpg 768w, https:\/\/agenciadenoticias.ms.gov.br\/wp-content\/uploads\/2025\/12\/20251203085100-350x232.jpg 350w, https:\/\/agenciadenoticias.ms.gov.br\/wp-content\/uploads\/2025\/12\/20251203085100.jpg 1379w\" alt=\"\" width=\"1024\" height=\"682\" data-id=\"527998\" \/><\/figure>\n<\/figure>\n<p>O coronel destacou ainda o aumento de 30% a 40% no efetivo em cidades estrat\u00e9gicas, priorizando o policiamento ostensivo e preventivo para reduzir riscos relacionados ao abandono tempor\u00e1rio de resid\u00eancias, deslocamento de fam\u00edlias e maior circula\u00e7\u00e3o de turistas.<\/p>\n<p><strong>Capital<\/strong><\/p>\n<p>Segundo o comandante do Comando de Policiamento Metropolitano (CPM), coronel Emerson de Almeida, somente na Capital haver\u00e1 um aumento de aproximadamente 40% no efetivo empregado, considerando o crescimento da movimenta\u00e7\u00e3o econ\u00f4mica, especialmente ap\u00f3s o pagamento de sal\u00e1rios e do 13\u00ba.<\/p>\n<p>O coronel destacou que o planejamento contempla diversas modalidades operacionais: patrulhamento motorizado e a p\u00e9, apoio das unidades especializadas, como Cavalaria, refor\u00e7o nas rodovias e \u00e1reas de turismo, al\u00e9m da utiliza\u00e7\u00e3o da aeronave da PMMS, que atuar\u00e1 tanto em miss\u00f5es ordin\u00e1rias quanto em monitoramento a\u00e9reo de aglomera\u00e7\u00f5es e pontos sens\u00edveis.<\/p>\n<figure class=\"wp-block-gallery has-nested-images columns-default is-cropped wp-block-gallery-3 is-layout-flex wp-block-gallery-is-layout-flex\">\n<figure class=\"wp-block-image size-large\"><img loading=\"lazy\" decoding=\"async\" class=\"wp-image-528000\" src=\"https:\/\/agenciadenoticias.ms.gov.br\/wp-content\/uploads\/2025\/12\/BOAS-FESTAS-2025-SEJUSP-PMMS-CEL-EMERSON-ALMEIDA.jpg\" sizes=\"auto, (max-width: 650px) 100vw, 650px\" srcset=\"https:\/\/agenciadenoticias.ms.gov.br\/wp-content\/uploads\/2025\/12\/BOAS-FESTAS-2025-SEJUSP-PMMS-CEL-EMERSON-ALMEIDA.jpg 650w, https:\/\/agenciadenoticias.ms.gov.br\/wp-content\/uploads\/2025\/12\/BOAS-FESTAS-2025-SEJUSP-PMMS-CEL-EMERSON-ALMEIDA-300x225.jpg 300w, https:\/\/agenciadenoticias.ms.gov.br\/wp-content\/uploads\/2025\/12\/BOAS-FESTAS-2025-SEJUSP-PMMS-CEL-EMERSON-ALMEIDA-320x240.jpg 320w\" alt=\"\" width=\"650\" height=\"487\" data-id=\"528000\" \/><\/figure>\n<figure class=\"wp-block-image size-large\"><img loading=\"lazy\" decoding=\"async\" class=\"wp-image-528001\" src=\"https:\/\/agenciadenoticias.ms.gov.br\/wp-content\/uploads\/2025\/12\/20251203084125-1024x682.jpg\" sizes=\"auto, (max-width: 1024px) 100vw, 1024px\" srcset=\"https:\/\/agenciadenoticias.ms.gov.br\/wp-content\/uploads\/2025\/12\/20251203084125-1024x682.jpg 1024w, https:\/\/agenciadenoticias.ms.gov.br\/wp-content\/uploads\/2025\/12\/20251203084125-300x200.jpg 300w, https:\/\/agenciadenoticias.ms.gov.br\/wp-content\/uploads\/2025\/12\/20251203084125-768x512.jpg 768w, https:\/\/agenciadenoticias.ms.gov.br\/wp-content\/uploads\/2025\/12\/20251203084125-350x232.jpg 350w, https:\/\/agenciadenoticias.ms.gov.br\/wp-content\/uploads\/2025\/12\/20251203084125.jpg 1379w\" alt=\"\" width=\"1024\" height=\"682\" data-id=\"528001\" \/><\/figure>\n<\/figure>\n<p>\u201cA inten\u00e7\u00e3o \u00e9 fazer um policiamento de qualidade e dar seguran\u00e7a \u00e0s pessoas que v\u00e3o ao com\u00e9rcio ou ao lazer. Toda a cidade estar\u00e1 policiada, com aten\u00e7\u00e3o especial aos corredores comerciais e gastron\u00f4micos\u201d, afirmou o coronel.<\/p>\n<p>Em Campo Grande, \u00e1reas como o quadril\u00e1tero entre as avenidas Mato Grosso, Fernando Corr\u00eaa da Costa e Rui Barbosa, al\u00e9m da regi\u00e3o da 14 de Julho, onde ocorre a parada natalina, receber\u00e3o maior presen\u00e7a policial.<\/p>\n<p><strong>Combate a crimes e aten\u00e7\u00e3o ao tr\u00e2nsito<\/strong><\/p>\n<p>Entre os crimes mais sens\u00edveis deste per\u00edodo, a PMMS destaca o combate ao roubo e furto, que tendem a aumentar em raz\u00e3o do fluxo comercial. O coronel Emerson lembrou que houve uma redu\u00e7\u00e3o de 22% nos crimes de roubo este ano e que o objetivo \u00e9 manter a queda com a\u00e7\u00f5es intensificadas.<\/p>\n<p>O tr\u00e2nsito tamb\u00e9m ser\u00e1 alvo de fiscaliza\u00e7\u00e3o refor\u00e7ada. O uso de bebida alco\u00f3lica associado \u00e0 dire\u00e7\u00e3o \u00e9 um dos principais pontos de aten\u00e7\u00e3o. \u201cEstamos refor\u00e7ando o policiamento de tr\u00e2nsito para alertar os motoristas e evitar acidentes, especialmente envolvendo motociclistas, que infelizmente t\u00eam sido as principais v\u00edtimas\u201d, afirmou.<\/p>\n<figure class=\"wp-block-gallery has-nested-images columns-default is-cropped wp-block-gallery-4 is-layout-flex wp-block-gallery-is-layout-flex\">\n<figure class=\"wp-block-image size-large\"><img loading=\"lazy\" decoding=\"async\" class=\"wp-image-528002\" src=\"https:\/\/agenciadenoticias.ms.gov.br\/wp-content\/uploads\/2025\/12\/BOAS-FESTAS-2025-SEJUSP-PMMS-IRWING-FERREIRA.jpg\" sizes=\"auto, (max-width: 650px) 100vw, 650px\" srcset=\"https:\/\/agenciadenoticias.ms.gov.br\/wp-content\/uploads\/2025\/12\/BOAS-FESTAS-2025-SEJUSP-PMMS-IRWING-FERREIRA.jpg 650w, https:\/\/agenciadenoticias.ms.gov.br\/wp-content\/uploads\/2025\/12\/BOAS-FESTAS-2025-SEJUSP-PMMS-IRWING-FERREIRA-300x225.jpg 300w, https:\/\/agenciadenoticias.ms.gov.br\/wp-content\/uploads\/2025\/12\/BOAS-FESTAS-2025-SEJUSP-PMMS-IRWING-FERREIRA-320x240.jpg 320w\" alt=\"\" width=\"650\" height=\"487\" data-id=\"528002\" \/><\/figure>\n<figure class=\"wp-block-image size-large\"><img loading=\"lazy\" decoding=\"async\" class=\"wp-image-528003\" src=\"https:\/\/agenciadenoticias.ms.gov.br\/wp-content\/uploads\/2025\/12\/20251203085210-1024x682.jpg\" sizes=\"auto, (max-width: 1024px) 100vw, 1024px\" srcset=\"https:\/\/agenciadenoticias.ms.gov.br\/wp-content\/uploads\/2025\/12\/20251203085210-1024x682.jpg 1024w, https:\/\/agenciadenoticias.ms.gov.br\/wp-content\/uploads\/2025\/12\/20251203085210-300x200.jpg 300w, https:\/\/agenciadenoticias.ms.gov.br\/wp-content\/uploads\/2025\/12\/20251203085210-768x512.jpg 768w, https:\/\/agenciadenoticias.ms.gov.br\/wp-content\/uploads\/2025\/12\/20251203085210-350x232.jpg 350w, https:\/\/agenciadenoticias.ms.gov.br\/wp-content\/uploads\/2025\/12\/20251203085210.jpg 1379w\" alt=\"\" width=\"1024\" height=\"682\" data-id=\"528003\" \/><\/figure>\n<figure class=\"wp-block-image size-large\"><img loading=\"lazy\" decoding=\"async\" class=\"wp-image-528004\" src=\"https:\/\/agenciadenoticias.ms.gov.br\/wp-content\/uploads\/2025\/12\/20251203084516-1024x682.jpg\" sizes=\"auto, (max-width: 1024px) 100vw, 1024px\" srcset=\"https:\/\/agenciadenoticias.ms.gov.br\/wp-content\/uploads\/2025\/12\/20251203084516-1024x682.jpg 1024w, https:\/\/agenciadenoticias.ms.gov.br\/wp-content\/uploads\/2025\/12\/20251203084516-300x200.jpg 300w, https:\/\/agenciadenoticias.ms.gov.br\/wp-content\/uploads\/2025\/12\/20251203084516-768x512.jpg 768w, https:\/\/agenciadenoticias.ms.gov.br\/wp-content\/uploads\/2025\/12\/20251203084516-350x232.jpg 350w, https:\/\/agenciadenoticias.ms.gov.br\/wp-content\/uploads\/2025\/12\/20251203084516.jpg 1379w\" alt=\"\" width=\"1024\" height=\"682\" data-id=\"528004\" \/><\/figure>\n<\/figure>\n<p>Durante o evento, representantes da comunidade tamb\u00e9m refor\u00e7aram a import\u00e2ncia da atua\u00e7\u00e3o integrada entre seguran\u00e7a p\u00fablica e sociedade civil. O presidente do Conselho Comunit\u00e1rio de Seguran\u00e7a da regi\u00e3o do Anhanduizinho, Irwing Ferreira, destacou: \u201cA aproxima\u00e7\u00e3o entre a comunidade e as for\u00e7as de seguran\u00e7a tem sido essencial. A Pol\u00edcia Militar, a Pol\u00edcia Civil e os conselhos comunit\u00e1rios est\u00e3o fazendo um excelente trabalho conjunto.\u201d<\/p>\n<p>Com o in\u00edcio da Opera\u00e7\u00e3o Boas Festas 2025, a PMMS refor\u00e7a seu compromisso de garantir tranquilidade \u00e0 popula\u00e7\u00e3o sul-mato-grossense, oferecendo mais presen\u00e7a nas ruas, apoio \u00e0s atividades comerciais e prote\u00e7\u00e3o em \u00e1reas de lazer, turismo e tr\u00e2nsito.<\/p>\n","protected":false},"excerpt":{"rendered":"<p>A Pol\u00edcia Militar de Mato Grosso do Sul deu in\u00edcio, nesta quarta-feira (3), \u00e0 Opera\u00e7\u00e3o&#8230;<\/p>\n","protected":false},"author":13,"featured_media":11776595,"comment_status":"closed","ping_status":"closed","sticky":false,"template":"","format":"standard","meta":{"footnotes":""},"categories":[8,18],"tags":[249],"class_list":["post-11776594","post","type-post","status-publish","format-standard","has-post-thumbnail","hentry","category-destaque","category-seguranca","tag-seguranca"],"_links":{"self":[{"href":"https:\/\/www.corumbaonline.com.br\/news\/wp-json\/wp\/v2\/posts\/11776594","targetHints":{"allow":["GET"]}}],"collection":[{"href":"https:\/\/www.corumbaonline.com.br\/news\/wp-json\/wp\/v2\/posts"}],"about":[{"href":"https:\/\/www.corumbaonline.com.br\/news\/wp-json\/wp\/v2\/types\/post"}],"author":[{"embeddable":true,"href":"https:\/\/www.corumbaonline.com.br\/news\/wp-json\/wp\/v2\/users\/13"}],"replies":[{"embeddable":true,"href":"https:\/\/www.corumbaonline.com.br\/news\/wp-json\/wp\/v2\/comments?post=11776594"}],"version-history":[{"count":1,"href":"https:\/\/www.corumbaonline.com.br\/news\/wp-json\/wp\/v2\/posts\/11776594\/revisions"}],"predecessor-version":[{"id":11776596,"href":"https:\/\/www.corumbaonline.com.br\/news\/wp-json\/wp\/v2\/posts\/11776594\/revisions\/11776596"}],"wp:featuredmedia":[{"embeddable":true,"href":"https:\/\/www.corumbaonline.com.br\/news\/wp-json\/wp\/v2\/media\/11776595"}],"wp:attachment":[{"href":"https:\/\/www.corumbaonline.com.br\/news\/wp-json\/wp\/v2\/media?parent=11776594"}],"wp:term":[{"taxonomy":"category","embeddable":true,"href":"https:\/\/www.corumbaonline.com.br\/news\/wp-json\/wp\/v2\/categories?post=11776594"},{"taxonomy":"post_tag","embeddable":true,"href":"https:\/\/www.corumbaonline.com.br\/news\/wp-json\/wp\/v2\/tags?post=11776594"}],"curies":[{"name":"wp","href":"https:\/\/api.w.org\/{rel}","templated":true}]}}