{"id":11776601,"date":"2025-12-04T10:44:00","date_gmt":"2025-12-04T14:44:00","guid":{"rendered":"https:\/\/www.corumbaonline.com.br\/news\/?p=11776601"},"modified":"2025-12-04T10:44:42","modified_gmt":"2025-12-04T14:44:42","slug":"municipio-premia-praticas-que-valorizam-a-experiencia-cotidiana-na-educacao-infantil","status":"publish","type":"post","link":"https:\/\/www.corumbaonline.com.br\/news\/municipio-premia-praticas-que-valorizam-a-experiencia-cotidiana-na-educacao-infantil\/","title":{"rendered":"Munic\u00edpio premia pr\u00e1ticas que valorizam a experi\u00eancia cotidiana na Educa\u00e7\u00e3o Infantil"},"content":{"rendered":"<p>A Prefeitura de Corumb\u00e1 realizou na noite desta ter\u00e7a-feira, 02 de dezembro, no audit\u00f3rio da Unicesumar a cerim\u00f4nia de premia\u00e7\u00e3o dos projetos da educa\u00e7\u00e3o infantil desenvolvidos ao longo do ano por professores e t\u00e9cnicas da Rede Municipal de Ensino. A iniciativa foi organizada pela Secretaria Municipal de Educa\u00e7\u00e3o e reuniu trabalhos das \u00e1reas de linguagem, artes e musicaliza\u00e7\u00e3o.<\/p>\n<p>O projeto \u2018Linguagens da Inf\u00e2ncia entre Sons, Versos e Cores e Eu Canto e Encanto\u2019 foi apresentado como exemplos de pr\u00e1ticas que valorizam a experi\u00eancia cotidiana das crian\u00e7as. A iniciativa refor\u00e7ou a import\u00e2ncia do trabalho pedag\u00f3gico intencional, cuidadoso e centrado no desenvolvimento humano na primeira inf\u00e2ncia.<\/p>\n<p>A supervisora de educa\u00e7\u00e3o infantil, Alessandra Correia, afirmou que o processo envolveu acompanhamento cont\u00ednuo das equipes e forte participa\u00e7\u00e3o das t\u00e9cnicas. \u201cN\u00f3s acompanhamos e compartilhamos cada momento desses projetos desenvolvidos pelos nossos professores. Foram vinte e quatro projetos, cada um mais belo que o outro. A banca sofreu, n\u00e3o podemos premiar todos, s\u00e3o todos maravilhosos\u201d, disse.<\/p>\n<p><img loading=\"lazy\" decoding=\"async\" src=\"https:\/\/corumba.ms.gov.br\/public\/uploads\/galeria\/2025\/EDUCACAO\/PREMIACAOEDUCACAOINFANTIL\/01_4.jpg\" alt=\"\" width=\"856\" height=\"571\" \/>O prefeito Dr. Gabriel Alves de Oliveira destacou a import\u00e2ncia dos resultados alcan\u00e7ados pela Rede Municipal e o impacto das a\u00e7\u00f5es na aprendizagem. \u201cA gente est\u00e1 aqui muito feliz, orgulhoso do trabalho de voc\u00eas. \u00c9 um trabalho inovador, que busca a valoriza\u00e7\u00e3o. Os resultados nos orgulham e mostram que estamos no caminho certo\u201d, afirmou.<\/p>\n<p>A secret\u00e1ria municipal de Educa\u00e7\u00e3o, Mabel Sahib, disse que a educa\u00e7\u00e3o infantil \u00e9 decisiva para a trajet\u00f3ria escolar. \u201cEduca\u00e7\u00e3o infantil n\u00e3o v\u00ea s\u00f3 o brincar pelo brincar, mas o aprender e vai nos entregar estudantes preparados quando chegarem no ensino fundamental\u201d, afirmou. Ela anunciou que novos programas espec\u00edficos para a etapa ser\u00e3o implementados no pr\u00f3ximo ano e destacou os avan\u00e7os obtidos. \u201cTemos conquistados resultados maravilhosos. Tivemos muitos projetos que foram vencedores em n\u00edvel nacional.\u201d<\/p>\n<p>A cerim\u00f4nia encerrou as atividades anuais da educa\u00e7\u00e3o infantil com reconhecimento a professores, t\u00e9cnicas, coordenadores e gestores envolvidos na execu\u00e7\u00e3o dos projetos.<\/p>\n<p>A Secretaria Municipal de Educa\u00e7\u00e3o agradece aos membros da banca dos projetos dos professores:<br \/>\nprofessora Dra Ros\u00e1lia Duarte (professora visitante da Universidade Federal de Mato Grosso do Sul); Aricelle Alvarenga (assessora t\u00e9cnica da Coordenadoria Regional do Estado de Mato Grosso do Sul) e Anna Dichoff (professora e escritora de Literatura Infantil).<\/p>\n<p>Banca dos projetos das t\u00e9cnicas de Educa\u00e7\u00e3o Infantil: professoras Dra. M\u00e1rcia Sabugari e Dra. Milene Dias Amorim (Universidade Federal de Mato Grosso do Sul) e ao professor Mestre Thiago Godoy (gerente de Pol\u00edticas P\u00fablicas da Pessoa Idosas e Inclus\u00e3o Social, da Assist\u00eancia Social).<\/p>\n<p><strong>Premia\u00e7\u00e3o Educa\u00e7\u00e3o Infantil<\/strong><\/p>\n<p><em><strong>Professoras<\/strong><\/em><\/p>\n<p>2\u00b0 lugar &#8211; Projeto: Semeando Saberes, colhendo hist\u00f3rias do professor Ronaldo Heredia da Extens\u00e3o da Escola Jos\u00e9 de Souza Damy<\/p>\n<p>Pr\u00eamio: Uma alexa, kit avatim e trof\u00e9u<\/p>\n<p>1\u00b0 lugar \u2013 Projeto: Eu quero saber: A curiosidade Infantil como caminho para a descoberta do mundo, da professora Lauriana Nascimento Alves Alencar da escola do Bar\u00e3o do Rio Branco.<\/p>\n<p>Pr\u00eamio: Passeio de Barco com almo\u00e7o no barco P\u00e9rola do Pantanal, um Celular Poco X6 Pr\u00f3, Mil Reais e trof\u00e9u<\/p>\n<p><em><strong>T\u00e9cnicas<\/strong><\/em><\/p>\n<p>2\u00b0 lugar \u2013 Projeto: Pano Encantado das t\u00e9cnicas de Educa\u00e7\u00e3o Infantil do Cemei \u2013 H\u00e9lia da Costa Rei.<\/p>\n<p>Pr\u00eamio: Uma caixa de som e um mimo para cada e trof\u00e9u.<\/p>\n<p>1\u00b0 lugar \u2013 Projeto: Um, dois, tr\u00eas, cante outra vez das T\u00e9cnicas de Educa\u00e7\u00e3o Infantil do Cemei Maria Candel\u00e1ria Pereira Leite<\/p>\n<p>Pr\u00eamio: Passeio de Barco com almo\u00e7o no barco P\u00e9rola do Pantanal e um Celular Poco X5 Pr\u00f3, Mil Reais e trof\u00e9u.<\/p>\n<p>Sorteio de lembran\u00e7as para todos os inscritos nos projetos com exce\u00e7\u00e3o dos vencedores. Apoios: Brasil Cacau, Subway, Sal\u00e3o Marili, Tamandu\u00e1 Bike, Natura, Fisiomax e Botic\u00e1rio.<\/p>\n","protected":false},"excerpt":{"rendered":"<p>A Prefeitura de Corumb\u00e1 realizou na noite desta ter\u00e7a-feira, 02 de dezembro, no audit\u00f3rio da&#8230;<\/p>\n","protected":false},"author":70,"featured_media":11776602,"comment_status":"closed","ping_status":"closed","sticky":false,"template":"","format":"standard","meta":{"footnotes":""},"categories":[10],"tags":[194],"class_list":["post-11776601","post","type-post","status-publish","format-standard","has-post-thumbnail","hentry","category-educacao","tag-educacao"],"_links":{"self":[{"href":"https:\/\/www.corumbaonline.com.br\/news\/wp-json\/wp\/v2\/posts\/11776601","targetHints":{"allow":["GET"]}}],"collection":[{"href":"https:\/\/www.corumbaonline.com.br\/news\/wp-json\/wp\/v2\/posts"}],"about":[{"href":"https:\/\/www.corumbaonline.com.br\/news\/wp-json\/wp\/v2\/types\/post"}],"author":[{"embeddable":true,"href":"https:\/\/www.corumbaonline.com.br\/news\/wp-json\/wp\/v2\/users\/70"}],"replies":[{"embeddable":true,"href":"https:\/\/www.corumbaonline.com.br\/news\/wp-json\/wp\/v2\/comments?post=11776601"}],"version-history":[{"count":1,"href":"https:\/\/www.corumbaonline.com.br\/news\/wp-json\/wp\/v2\/posts\/11776601\/revisions"}],"predecessor-version":[{"id":11776603,"href":"https:\/\/www.corumbaonline.com.br\/news\/wp-json\/wp\/v2\/posts\/11776601\/revisions\/11776603"}],"wp:featuredmedia":[{"embeddable":true,"href":"https:\/\/www.corumbaonline.com.br\/news\/wp-json\/wp\/v2\/media\/11776602"}],"wp:attachment":[{"href":"https:\/\/www.corumbaonline.com.br\/news\/wp-json\/wp\/v2\/media?parent=11776601"}],"wp:term":[{"taxonomy":"category","embeddable":true,"href":"https:\/\/www.corumbaonline.com.br\/news\/wp-json\/wp\/v2\/categories?post=11776601"},{"taxonomy":"post_tag","embeddable":true,"href":"https:\/\/www.corumbaonline.com.br\/news\/wp-json\/wp\/v2\/tags?post=11776601"}],"curies":[{"name":"wp","href":"https:\/\/api.w.org\/{rel}","templated":true}]}}