{"id":11776620,"date":"2025-12-04T16:20:00","date_gmt":"2025-12-04T20:20:00","guid":{"rendered":"https:\/\/www.corumbaonline.com.br\/news\/?p=11776620"},"modified":"2025-12-04T16:37:35","modified_gmt":"2025-12-04T20:37:35","slug":"prefeitura-de-corumba-sorteia-barracas-para-area-comercial-do-jardim-de-natal","status":"publish","type":"post","link":"https:\/\/www.corumbaonline.com.br\/news\/prefeitura-de-corumba-sorteia-barracas-para-area-comercial-do-jardim-de-natal\/","title":{"rendered":"Prefeitura de Corumb\u00e1 sorteia barracas para \u00e1rea comercial do Jardim de Natal"},"content":{"rendered":"<p>A Prefeitura de Corumb\u00e1 realizou o sorteio de 10 barracas destinadas \u00e0 \u00e1rea de comercializa\u00e7\u00e3o do Jardim de Natal, al\u00e9m de outras 10 que ficar\u00e3o como reserva para uso eventual. A sele\u00e7\u00e3o definiu os comerciantes que atuar\u00e3o na programa\u00e7\u00e3o especial prevista para o per\u00edodo natalino.<\/p>\n<p>Segundo a administra\u00e7\u00e3o municipal, as barracas reservas ser\u00e3o acionadas apenas se algum dos titulares n\u00e3o apresentar a documenta\u00e7\u00e3o completa no prazo estipulado. Caso haja necessidade de substitui\u00e7\u00e3o, os suplentes assumir\u00e3o imediatamente as vagas.<\/p>\n<p>Os comerciantes sorteados (titulares e, se necess\u00e1rio, os suplentes) participar\u00e3o de todos os dias de funcionamento do Jardim de Natal, no per\u00edodo de 12 a 28 de dezembro. A iniciativa integra a estrat\u00e9gia do munic\u00edpio para fortalecer a atividade econ\u00f4mica durante o evento e ampliar as op\u00e7\u00f5es oferecidas ao p\u00fablico.<\/p>\n","protected":false},"excerpt":{"rendered":"<p>A Prefeitura de Corumb\u00e1 realizou o sorteio de 10 barracas destinadas \u00e0 \u00e1rea de comercializa\u00e7\u00e3o&#8230;<\/p>\n","protected":false},"author":70,"featured_media":11776621,"comment_status":"closed","ping_status":"closed","sticky":false,"template":"","format":"standard","meta":{"footnotes":""},"categories":[9],"tags":[189],"class_list":["post-11776620","post","type-post","status-publish","format-standard","has-post-thumbnail","hentry","category-economia","tag-economia"],"_links":{"self":[{"href":"https:\/\/www.corumbaonline.com.br\/news\/wp-json\/wp\/v2\/posts\/11776620","targetHints":{"allow":["GET"]}}],"collection":[{"href":"https:\/\/www.corumbaonline.com.br\/news\/wp-json\/wp\/v2\/posts"}],"about":[{"href":"https:\/\/www.corumbaonline.com.br\/news\/wp-json\/wp\/v2\/types\/post"}],"author":[{"embeddable":true,"href":"https:\/\/www.corumbaonline.com.br\/news\/wp-json\/wp\/v2\/users\/70"}],"replies":[{"embeddable":true,"href":"https:\/\/www.corumbaonline.com.br\/news\/wp-json\/wp\/v2\/comments?post=11776620"}],"version-history":[{"count":1,"href":"https:\/\/www.corumbaonline.com.br\/news\/wp-json\/wp\/v2\/posts\/11776620\/revisions"}],"predecessor-version":[{"id":11776622,"href":"https:\/\/www.corumbaonline.com.br\/news\/wp-json\/wp\/v2\/posts\/11776620\/revisions\/11776622"}],"wp:featuredmedia":[{"embeddable":true,"href":"https:\/\/www.corumbaonline.com.br\/news\/wp-json\/wp\/v2\/media\/11776621"}],"wp:attachment":[{"href":"https:\/\/www.corumbaonline.com.br\/news\/wp-json\/wp\/v2\/media?parent=11776620"}],"wp:term":[{"taxonomy":"category","embeddable":true,"href":"https:\/\/www.corumbaonline.com.br\/news\/wp-json\/wp\/v2\/categories?post=11776620"},{"taxonomy":"post_tag","embeddable":true,"href":"https:\/\/www.corumbaonline.com.br\/news\/wp-json\/wp\/v2\/tags?post=11776620"}],"curies":[{"name":"wp","href":"https:\/\/api.w.org\/{rel}","templated":true}]}}