{"id":11776632,"date":"2025-12-05T13:45:00","date_gmt":"2025-12-05T17:45:00","guid":{"rendered":"https:\/\/www.corumbaonline.com.br\/news\/?p=11776632"},"modified":"2025-12-05T13:35:28","modified_gmt":"2025-12-05T17:35:28","slug":"ifms-amplia-oferta-para-cursos-tecnicos-semipresenciais","status":"publish","type":"post","link":"https:\/\/www.corumbaonline.com.br\/news\/ifms-amplia-oferta-para-cursos-tecnicos-semipresenciais\/","title":{"rendered":"IFMS amplia oferta para cursos t\u00e9cnicos semipresenciais"},"content":{"rendered":"<p dir=\"ltr\">O Instituto Federal de Mato Grosso do Sul (IFMS) ampliou de 1.665 para 1.880 o n\u00famero de vagas para cursos t\u00e9cnicos semipresenciais voltados a quem tem o ensino m\u00e9dio, com in\u00edcio das aulas no 1\u00ba semestre de 2026.<\/p>\n<p dir=\"ltr\">O n\u00famero de munic\u00edpios onde as vagas s\u00e3o oferecidas tamb\u00e9m aumentou, de 17 para 20, com a abertura de turmas em\u00a0Cassil\u00e2ndia, Costa Rica e Parana\u00edba.<\/p>\n<p dir=\"ltr\">S\u00e3o ofertadas tr\u00eas op\u00e7\u00f5es de cursos t\u00e9cnicos gratuitos:\u00a0<strong>Administra\u00e7\u00e3o, Log\u00edstica e Manuten\u00e7\u00e3o e Suporte em Inform\u00e1tica<\/strong>, dependendo do munic\u00edpio.\u00a0Confira o\u00a0quadro completo de vagas na tabela ao final do texto.<\/p>\n<p dir=\"ltr\">Os interessados em se inscrever na sele\u00e7\u00e3o devem ter conclu\u00eddo o ensino m\u00e9dio at\u00e9 a data da matr\u00edcula no curso t\u00e9cnico do IFMS, o que est\u00e1 previsto para o in\u00edcio de 2026.<\/p>\n<p dir=\"ltr\">Embora sejam cursos da modalidade Educa\u00e7\u00e3o a Dist\u00e2ncia (EAD), o modelo adotado pelo IFMS \u00e9 o semipresencial. A maior parte do conte\u00fado fica disponibilizada no\u00a0ambiente virtual, mas\u00a0<strong>o estudante deve participar obrigatoriamente de um encontro presencial por semana<\/strong>, no per\u00edodo noturno (a \u00fanica exce\u00e7\u00e3o \u00e9 uma turma de Administra\u00e7\u00e3o de Jardim, que ter\u00e1 encontros aos s\u00e1bados de manh\u00e3).\u00a0A\u00a0dura\u00e7\u00e3o dos cursos varia de um ano a um ano e meio.<\/p>\n<p dir=\"ltr\">Todas as regras do processo seletivo est\u00e3o dispon\u00edveis na\u00a0<a title=\"Central de Sele\u00e7\u00e3o do IFMS\" href=\"https:\/\/email.ifms.edu.br\/lists\/lt.php?tid=KxkMAAQKBQZWVUtUBVMDTlADVlZOAAoADxsLUAAEUwcBUlQBAAAfVQBRAAIOUFFOBlAAB04NCgxXGwFRAgdPBQZXUAZdCwIJUQVWH1ICAwYCUlcDTghaXAYbDFZQBk8JVlZUH1AKVgBWAgNWVAIABw\" target=\"_blank\" rel=\"noopener noreferrer\"><strong>Central de Sele\u00e7\u00e3o do IFM<\/strong>S<\/a>.<\/p>\n<p dir=\"ltr\"><strong>Inscri\u00e7\u00f5es<\/strong>\u00a0&#8211; S\u00e3o gratuitas e devem ser feitas\u00a0<strong>at\u00e9 14 de dezembro<\/strong>\u00a0na\u00a0<a title=\"P\u00e1gina do Candidato\" href=\"https:\/\/email.ifms.edu.br\/lists\/lt.php?tid=KxkNBFQNVVQAAksAA1NcTlBcUQFOAA8OBBsMUlMDUFAAXAcEVg4fVQBRAAIOUFFOBlAAB04NCgxXGwFRAgdPBQZXUAZdCwIJUQVWH1ICAwYCUlcDTghaXAYbDFZQBk8JVlZUH1AKVgBWAgNWVAIABw\" target=\"_blank\" rel=\"noopener noreferrer\">P\u00e1gina do Candidato<\/a>\u00a0da Central de Sele\u00e7\u00e3o.<\/p>\n<p dir=\"ltr\">Metade das vagas \u00e9 reservada a estudantes que cursaram todo o ensino m\u00e9dio em escola p\u00fablica, com cotas para candidatos com\u00a0renda familiar bruta<em>\u00a0per capita<\/em>\u00a0igual ou inferior a um sal\u00e1rio m\u00ednimo, autodeclarados pretos, pardos, ind\u00edgenas e quilombolas, al\u00e9m de pessoas com defici\u00eancia.<\/p>\n<p dir=\"ltr\">A sele\u00e7\u00e3o ser\u00e1 feita por sorteio eletr\u00f4nico no dia 8 de janeiro. Os resultados preliminar e final est\u00e3o previstos para 13 e 19 de janeiro, respectivamente.\u00a0A matr\u00edcula da primeira chamada dever\u00e1 ser feita de 20 de janeiro a 2 de fevereiro, de forma on-line. As aulas est\u00e3o previstas para come\u00e7ar entre 16 e 21 de mar\u00e7o de 2026.<\/p>\n<p dir=\"ltr\">Para tirar d\u00favidas, envie e-mail para\u00a0<a title=\"cursos.ead@ifms.edu.br\" href=\"mailto:cursos.ead@ifms.edu.br\" rel=\"noreferrer\">cursos.ead@ifms.edu.br<\/a>\u00a0ou acesse o menu Perguntas Frequentes na\u00a0<a title=\"p\u00e1gina do edital\" href=\"https:\/\/email.ifms.edu.br\/lists\/lt.php?tid=KxkMAAQKBQZWVUtUBVMDTlADVlZOAAoADxsLUAAEUwcBUlQBAAAfVQBRAAIOUFFOBlAAB04NCgxXGwFRAgdPBQZXUAZdCwIJUQVWH1ICAwYCUlcDTghaXAYbDFZQBk8JVlZUH1AKVgBWAgNWVAIABw\" target=\"_blank\" rel=\"noopener noreferrer\">p\u00e1gina do edital<\/a>.<\/p>\n","protected":false},"excerpt":{"rendered":"<p>O Instituto Federal de Mato Grosso do Sul (IFMS) ampliou de 1.665 para 1.880 o&#8230;<\/p>\n","protected":false},"author":9,"featured_media":11771693,"comment_status":"closed","ping_status":"closed","sticky":false,"template":"","format":"standard","meta":{"footnotes":""},"categories":[10],"tags":[194],"class_list":["post-11776632","post","type-post","status-publish","format-standard","has-post-thumbnail","hentry","category-educacao","tag-educacao"],"_links":{"self":[{"href":"https:\/\/www.corumbaonline.com.br\/news\/wp-json\/wp\/v2\/posts\/11776632","targetHints":{"allow":["GET"]}}],"collection":[{"href":"https:\/\/www.corumbaonline.com.br\/news\/wp-json\/wp\/v2\/posts"}],"about":[{"href":"https:\/\/www.corumbaonline.com.br\/news\/wp-json\/wp\/v2\/types\/post"}],"author":[{"embeddable":true,"href":"https:\/\/www.corumbaonline.com.br\/news\/wp-json\/wp\/v2\/users\/9"}],"replies":[{"embeddable":true,"href":"https:\/\/www.corumbaonline.com.br\/news\/wp-json\/wp\/v2\/comments?post=11776632"}],"version-history":[{"count":1,"href":"https:\/\/www.corumbaonline.com.br\/news\/wp-json\/wp\/v2\/posts\/11776632\/revisions"}],"predecessor-version":[{"id":11776633,"href":"https:\/\/www.corumbaonline.com.br\/news\/wp-json\/wp\/v2\/posts\/11776632\/revisions\/11776633"}],"wp:featuredmedia":[{"embeddable":true,"href":"https:\/\/www.corumbaonline.com.br\/news\/wp-json\/wp\/v2\/media\/11771693"}],"wp:attachment":[{"href":"https:\/\/www.corumbaonline.com.br\/news\/wp-json\/wp\/v2\/media?parent=11776632"}],"wp:term":[{"taxonomy":"category","embeddable":true,"href":"https:\/\/www.corumbaonline.com.br\/news\/wp-json\/wp\/v2\/categories?post=11776632"},{"taxonomy":"post_tag","embeddable":true,"href":"https:\/\/www.corumbaonline.com.br\/news\/wp-json\/wp\/v2\/tags?post=11776632"}],"curies":[{"name":"wp","href":"https:\/\/api.w.org\/{rel}","templated":true}]}}