{"id":11776645,"date":"2025-12-05T15:30:00","date_gmt":"2025-12-05T19:30:00","guid":{"rendered":"https:\/\/www.corumbaonline.com.br\/news\/?p=11776645"},"modified":"2025-12-05T15:13:34","modified_gmt":"2025-12-05T19:13:34","slug":"governo-de-ms-reforca-pacto-nacional-pelo-enfrentamento-a-violencia-contra-as-mulheres","status":"publish","type":"post","link":"https:\/\/www.corumbaonline.com.br\/news\/governo-de-ms-reforca-pacto-nacional-pelo-enfrentamento-a-violencia-contra-as-mulheres\/","title":{"rendered":"Governo de MS refor\u00e7a pacto nacional pelo enfrentamento \u00e0 viol\u00eancia contra as mulheres"},"content":{"rendered":"<p>O Governo de Mato Grosso do Sul reafirmou seu compromisso com o enfrentamento \u00e0 viol\u00eancia contra as mulheres ao sediar, quinta (4) e sexta-feira (5), o 3\u00ba Encontro Nacional das Casas da Mulher Brasileira (CMB). Realizado em Campo Grande, o evento re\u00fane gestoras de todo o Pa\u00eds, representantes do Governo Federal, sistema de justi\u00e7a, seguran\u00e7a p\u00fablica, equipes t\u00e9cnicas e autoridades estaduais e municipais, fortalecendo um pacto interfederativo para aprimorar pol\u00edticas de preven\u00e7\u00e3o, prote\u00e7\u00e3o e responsabiliza\u00e7\u00e3o.<\/p>\n<p>Ao abrir o encontro, a secret\u00e1ria de Estado da Cidadania, Viviane Luiza, destacou a relev\u00e2ncia de Mato Grosso do Sul, estado que abriga a primeira Casa da Mulher Brasileira do pa\u00eds, sediar um momento de converg\u00eancia nacional.<\/p>\n<p>&#8220;Todas as gestoras que atravessaram de sul a norte para estarem no Mato Grosso do Sul: sejam muito bem-vindas. A viol\u00eancia contra n\u00f3s, mulheres, \u00e9 estrutural, e por ser estrutural, exige respostas estruturais, integradas e fortalecidas. Foi assim que a Casa da Mulher Brasileira nasceu aqui, para integrar servi\u00e7os que antes nos obrigavam a peregrinar atr\u00e1s dos nossos direitos&#8221;.<\/p>\n<p>Viviane lembrou a luta de mulheres que constru\u00edram essa pol\u00edtica e reconheceu o legado das gestoras que j\u00e1 passaram. &#8220;Enquanto uma de n\u00f3s estiver em risco, o nosso trabalho n\u00e3o estar\u00e1 conclu\u00eddo. Uma sociedade n\u00e3o pode pactuar com o sil\u00eancio&#8221;.<\/p>\n<p>Presente no encontro, a ministra das Mulheres, M\u00e1rcia Lopes, fez um chamado nacional por responsabilidade pol\u00edtica e enfrentamento \u00e0 viol\u00eancia. &#8220;N\u00e3o \u00e9 poss\u00edvel que continuemos elegendo parlamentares que ofendem e atacam as mulheres. Isso precisa mudar, e s\u00f3 muda quando reconhecemos que viol\u00eancia contra as mulheres \u00e9 responsabilidade de todos. Cada feminic\u00eddio \u00e9 um alerta de que precisamos agir com mais rapidez e firmeza&#8221;.<\/p>\n<p>A ministra refor\u00e7ou o compromisso do Governo Federal e a determina\u00e7\u00e3o do presidente Lula em liderar o pacto pela vida das mulheres. &#8220;Queremos ver mulheres vivas, protagonistas e felizes. \u00c9 por isso que estamos aqui: para garantir que nenhuma mulher seja silenciada&#8221;.<\/p>\n<div id=\"gallery-1\" class=\"gallery galleryid-528371 gallery-columns-2 gallery-size-large\">\n<figure class=\"gallery-item\">\n<div class=\"gallery-icon landscape\"><a href=\"https:\/\/agenciadenoticias.ms.gov.br\/wp-content\/uploads\/2025\/12\/Encontro-Casas-da-Mulher-Foto-Matheus-Carvalho-SEC-9.jpeg\"><img loading=\"lazy\" decoding=\"async\" class=\"attachment-large size-large\" src=\"https:\/\/agenciadenoticias.ms.gov.br\/wp-content\/uploads\/2025\/12\/Encontro-Casas-da-Mulher-Foto-Matheus-Carvalho-SEC-9-1024x768.jpeg\" sizes=\"auto, (max-width: 1024px) 100vw, 1024px\" srcset=\"https:\/\/agenciadenoticias.ms.gov.br\/wp-content\/uploads\/2025\/12\/Encontro-Casas-da-Mulher-Foto-Matheus-Carvalho-SEC-9-1024x768.jpeg 1024w, https:\/\/agenciadenoticias.ms.gov.br\/wp-content\/uploads\/2025\/12\/Encontro-Casas-da-Mulher-Foto-Matheus-Carvalho-SEC-9-300x225.jpeg 300w, https:\/\/agenciadenoticias.ms.gov.br\/wp-content\/uploads\/2025\/12\/Encontro-Casas-da-Mulher-Foto-Matheus-Carvalho-SEC-9-768x576.jpeg 768w, https:\/\/agenciadenoticias.ms.gov.br\/wp-content\/uploads\/2025\/12\/Encontro-Casas-da-Mulher-Foto-Matheus-Carvalho-SEC-9-320x240.jpeg 320w, https:\/\/agenciadenoticias.ms.gov.br\/wp-content\/uploads\/2025\/12\/Encontro-Casas-da-Mulher-Foto-Matheus-Carvalho-SEC-9.jpeg 1280w\" alt=\"\" width=\"1024\" height=\"768\" \/><\/a><\/div>\n<\/figure>\n<figure class=\"gallery-item\">\n<div class=\"gallery-icon landscape\"><a href=\"https:\/\/agenciadenoticias.ms.gov.br\/wp-content\/uploads\/2025\/12\/Encontro-Casas-da-Mulher-Foto-Matheus-Carvalho-SEC-4.jpeg\"><img loading=\"lazy\" decoding=\"async\" class=\"attachment-large size-large\" src=\"https:\/\/agenciadenoticias.ms.gov.br\/wp-content\/uploads\/2025\/12\/Encontro-Casas-da-Mulher-Foto-Matheus-Carvalho-SEC-4-1024x768.jpeg\" sizes=\"auto, (max-width: 1024px) 100vw, 1024px\" srcset=\"https:\/\/agenciadenoticias.ms.gov.br\/wp-content\/uploads\/2025\/12\/Encontro-Casas-da-Mulher-Foto-Matheus-Carvalho-SEC-4-1024x768.jpeg 1024w, https:\/\/agenciadenoticias.ms.gov.br\/wp-content\/uploads\/2025\/12\/Encontro-Casas-da-Mulher-Foto-Matheus-Carvalho-SEC-4-300x225.jpeg 300w, https:\/\/agenciadenoticias.ms.gov.br\/wp-content\/uploads\/2025\/12\/Encontro-Casas-da-Mulher-Foto-Matheus-Carvalho-SEC-4-768x576.jpeg 768w, https:\/\/agenciadenoticias.ms.gov.br\/wp-content\/uploads\/2025\/12\/Encontro-Casas-da-Mulher-Foto-Matheus-Carvalho-SEC-4-320x240.jpeg 320w, https:\/\/agenciadenoticias.ms.gov.br\/wp-content\/uploads\/2025\/12\/Encontro-Casas-da-Mulher-Foto-Matheus-Carvalho-SEC-4.jpeg 1280w\" alt=\"\" width=\"1024\" height=\"768\" \/><\/a><\/div>\n<\/figure>\n<figure class=\"gallery-item\">\n<div class=\"gallery-icon landscape\"><a href=\"https:\/\/agenciadenoticias.ms.gov.br\/wp-content\/uploads\/2025\/12\/Encontro-Casas-da-Mulher-Foto-Matheus-Carvalho-SEC-1.jpeg\"><img loading=\"lazy\" decoding=\"async\" class=\"attachment-large size-large\" src=\"https:\/\/agenciadenoticias.ms.gov.br\/wp-content\/uploads\/2025\/12\/Encontro-Casas-da-Mulher-Foto-Matheus-Carvalho-SEC-1-1024x768.jpeg\" sizes=\"auto, (max-width: 1024px) 100vw, 1024px\" srcset=\"https:\/\/agenciadenoticias.ms.gov.br\/wp-content\/uploads\/2025\/12\/Encontro-Casas-da-Mulher-Foto-Matheus-Carvalho-SEC-1-1024x768.jpeg 1024w, https:\/\/agenciadenoticias.ms.gov.br\/wp-content\/uploads\/2025\/12\/Encontro-Casas-da-Mulher-Foto-Matheus-Carvalho-SEC-1-300x225.jpeg 300w, https:\/\/agenciadenoticias.ms.gov.br\/wp-content\/uploads\/2025\/12\/Encontro-Casas-da-Mulher-Foto-Matheus-Carvalho-SEC-1-768x576.jpeg 768w, https:\/\/agenciadenoticias.ms.gov.br\/wp-content\/uploads\/2025\/12\/Encontro-Casas-da-Mulher-Foto-Matheus-Carvalho-SEC-1-320x240.jpeg 320w, https:\/\/agenciadenoticias.ms.gov.br\/wp-content\/uploads\/2025\/12\/Encontro-Casas-da-Mulher-Foto-Matheus-Carvalho-SEC-1.jpeg 1280w\" alt=\"\" width=\"1024\" height=\"768\" \/><\/a><\/div>\n<\/figure>\n<figure class=\"gallery-item\">\n<div class=\"gallery-icon landscape\"><a href=\"https:\/\/agenciadenoticias.ms.gov.br\/wp-content\/uploads\/2025\/12\/Encontro-Casas-da-Mulher-Foto-Matheus-Carvalho-SEC-10.jpeg\"><img loading=\"lazy\" decoding=\"async\" class=\"attachment-large size-large\" src=\"https:\/\/agenciadenoticias.ms.gov.br\/wp-content\/uploads\/2025\/12\/Encontro-Casas-da-Mulher-Foto-Matheus-Carvalho-SEC-10-1024x768.jpeg\" sizes=\"auto, (max-width: 1024px) 100vw, 1024px\" srcset=\"https:\/\/agenciadenoticias.ms.gov.br\/wp-content\/uploads\/2025\/12\/Encontro-Casas-da-Mulher-Foto-Matheus-Carvalho-SEC-10-1024x768.jpeg 1024w, https:\/\/agenciadenoticias.ms.gov.br\/wp-content\/uploads\/2025\/12\/Encontro-Casas-da-Mulher-Foto-Matheus-Carvalho-SEC-10-300x225.jpeg 300w, https:\/\/agenciadenoticias.ms.gov.br\/wp-content\/uploads\/2025\/12\/Encontro-Casas-da-Mulher-Foto-Matheus-Carvalho-SEC-10-768x576.jpeg 768w, https:\/\/agenciadenoticias.ms.gov.br\/wp-content\/uploads\/2025\/12\/Encontro-Casas-da-Mulher-Foto-Matheus-Carvalho-SEC-10-320x240.jpeg 320w, https:\/\/agenciadenoticias.ms.gov.br\/wp-content\/uploads\/2025\/12\/Encontro-Casas-da-Mulher-Foto-Matheus-Carvalho-SEC-10.jpeg 1280w\" alt=\"\" width=\"1024\" height=\"768\" \/><\/a><\/div>\n<\/figure>\n<\/div>\n<p>Durante a abertura, o vice-governador Jos\u00e9 Carlos Barbosa, o Barbosinha, destacou os avan\u00e7os institucionais do Estado na prote\u00e7\u00e3o \u00e0s mulheres e refor\u00e7ou a import\u00e2ncia da integra\u00e7\u00e3o do sistema de justi\u00e7a e seguran\u00e7a p\u00fablica.<\/p>\n<p>&#8220;\u00c9 fundamental que as institui\u00e7\u00f5es do Estado caminhem de forma articulada, e temos evolu\u00eddo muito nesse sentido. Houve um salto gigantesco em tecnologia, qualifica\u00e7\u00e3o das equipes e melhoria do fluxo de processos, n\u00e3o apenas na Casa da Mulher Brasileira, mas tamb\u00e9m nas delegacias especializadas. Hoje, gra\u00e7as \u00e0 integra\u00e7\u00e3o com o Tribunal de Justi\u00e7a, ministra, as medidas protetivas de urg\u00eancia podem ser cumpridas imediatamente por policiais civis ou militares, sem necessidade de aguardar um oficial de justi\u00e7a&#8221;.<\/p>\n<p>Barbosinha refor\u00e7ou ainda que essa resposta imediata faz diferen\u00e7a na prote\u00e7\u00e3o da vida. &#8220;A vida clama por resposta no exato momento em que a mulher faz um pedido de ajuda, seja pelo 190, ao procurar uma delegacia ou ao buscar acolhimento na Casa da Mulher Brasileira&#8221;.<\/p>\n<p>Anfitri\u00e3 do encontro, a coordenadora estadual da Casa da Mulher Brasileira, Carla Stephanini, celebrou seus 20 anos dedicados \u00e0s pol\u00edticas p\u00fablicas para mulheres e refor\u00e7ou o compromisso das equipes. &#8220;Estou feliz, realizada e extremamente agradecida. Toda nossa energia e determina\u00e7\u00e3o est\u00e3o dedicadas a proteger mulheres e responsabilizar agressores&#8221;.<\/p>\n<p><strong>Debates, diagn\u00f3sticos e pactua\u00e7\u00e3o nacional<\/strong><\/p>\n<p>Ao longo dos dois dias de encontro, a programa\u00e7\u00e3o contempla temas essenciais para o aperfei\u00e7oamento da pol\u00edtica. As atividades iniciaram com o acolhimento, credenciamento e uma abertura cultural. A manh\u00e3 tamb\u00e9m contou com a Oficina Ligue 180, voltada ao fortalecimento do fluxo nacional de den\u00fancias.<\/p>\n<p>Na parte da tarde, equipes estaduais e municipais participam da apresenta\u00e7\u00e3o do Diagn\u00f3stico das Casas da Mulher Brasileira em todo o pa\u00eds e discutem a valida\u00e7\u00e3o do eixo Gest\u00e3o e Governan\u00e7a, em di\u00e1logo mediado pela ONU Mulheres.<\/p>\n<div id=\"gallery-2\" class=\"gallery galleryid-528371 gallery-columns-2 gallery-size-large\">\n<figure class=\"gallery-item\">\n<div class=\"gallery-icon landscape\"><a href=\"https:\/\/agenciadenoticias.ms.gov.br\/wp-content\/uploads\/2025\/12\/Encontro-Casas-da-Mulher-Foto-Matheus-Carvalho-SEC-3.jpeg\"><img loading=\"lazy\" decoding=\"async\" class=\"attachment-large size-large\" src=\"https:\/\/agenciadenoticias.ms.gov.br\/wp-content\/uploads\/2025\/12\/Encontro-Casas-da-Mulher-Foto-Matheus-Carvalho-SEC-3-1024x768.jpeg\" sizes=\"auto, (max-width: 1024px) 100vw, 1024px\" srcset=\"https:\/\/agenciadenoticias.ms.gov.br\/wp-content\/uploads\/2025\/12\/Encontro-Casas-da-Mulher-Foto-Matheus-Carvalho-SEC-3-1024x768.jpeg 1024w, https:\/\/agenciadenoticias.ms.gov.br\/wp-content\/uploads\/2025\/12\/Encontro-Casas-da-Mulher-Foto-Matheus-Carvalho-SEC-3-300x225.jpeg 300w, https:\/\/agenciadenoticias.ms.gov.br\/wp-content\/uploads\/2025\/12\/Encontro-Casas-da-Mulher-Foto-Matheus-Carvalho-SEC-3-768x576.jpeg 768w, https:\/\/agenciadenoticias.ms.gov.br\/wp-content\/uploads\/2025\/12\/Encontro-Casas-da-Mulher-Foto-Matheus-Carvalho-SEC-3-320x240.jpeg 320w, https:\/\/agenciadenoticias.ms.gov.br\/wp-content\/uploads\/2025\/12\/Encontro-Casas-da-Mulher-Foto-Matheus-Carvalho-SEC-3.jpeg 1280w\" alt=\"\" width=\"1024\" height=\"768\" \/><\/a><\/div>\n<\/figure>\n<figure class=\"gallery-item\">\n<div class=\"gallery-icon landscape\"><a href=\"https:\/\/agenciadenoticias.ms.gov.br\/wp-content\/uploads\/2025\/12\/Encontro-Casas-da-Mulher-Foto-Matheus-Carvalho-SEC-5.jpeg\"><img loading=\"lazy\" decoding=\"async\" class=\"attachment-large size-large\" src=\"https:\/\/agenciadenoticias.ms.gov.br\/wp-content\/uploads\/2025\/12\/Encontro-Casas-da-Mulher-Foto-Matheus-Carvalho-SEC-5-1024x768.jpeg\" sizes=\"auto, (max-width: 1024px) 100vw, 1024px\" srcset=\"https:\/\/agenciadenoticias.ms.gov.br\/wp-content\/uploads\/2025\/12\/Encontro-Casas-da-Mulher-Foto-Matheus-Carvalho-SEC-5-1024x768.jpeg 1024w, https:\/\/agenciadenoticias.ms.gov.br\/wp-content\/uploads\/2025\/12\/Encontro-Casas-da-Mulher-Foto-Matheus-Carvalho-SEC-5-300x225.jpeg 300w, https:\/\/agenciadenoticias.ms.gov.br\/wp-content\/uploads\/2025\/12\/Encontro-Casas-da-Mulher-Foto-Matheus-Carvalho-SEC-5-768x576.jpeg 768w, https:\/\/agenciadenoticias.ms.gov.br\/wp-content\/uploads\/2025\/12\/Encontro-Casas-da-Mulher-Foto-Matheus-Carvalho-SEC-5-320x240.jpeg 320w, https:\/\/agenciadenoticias.ms.gov.br\/wp-content\/uploads\/2025\/12\/Encontro-Casas-da-Mulher-Foto-Matheus-Carvalho-SEC-5.jpeg 1280w\" alt=\"\" width=\"1024\" height=\"768\" \/><\/a><\/div>\n<\/figure>\n<figure class=\"gallery-item\">\n<div class=\"gallery-icon landscape\"><a href=\"https:\/\/agenciadenoticias.ms.gov.br\/wp-content\/uploads\/2025\/12\/Encontro-Casas-da-Mulher-Foto-Matheus-Carvalho-SEC-7.jpeg\"><img loading=\"lazy\" decoding=\"async\" class=\"attachment-large size-large\" src=\"https:\/\/agenciadenoticias.ms.gov.br\/wp-content\/uploads\/2025\/12\/Encontro-Casas-da-Mulher-Foto-Matheus-Carvalho-SEC-7-1024x768.jpeg\" sizes=\"auto, (max-width: 1024px) 100vw, 1024px\" srcset=\"https:\/\/agenciadenoticias.ms.gov.br\/wp-content\/uploads\/2025\/12\/Encontro-Casas-da-Mulher-Foto-Matheus-Carvalho-SEC-7-1024x768.jpeg 1024w, https:\/\/agenciadenoticias.ms.gov.br\/wp-content\/uploads\/2025\/12\/Encontro-Casas-da-Mulher-Foto-Matheus-Carvalho-SEC-7-300x225.jpeg 300w, https:\/\/agenciadenoticias.ms.gov.br\/wp-content\/uploads\/2025\/12\/Encontro-Casas-da-Mulher-Foto-Matheus-Carvalho-SEC-7-768x576.jpeg 768w, https:\/\/agenciadenoticias.ms.gov.br\/wp-content\/uploads\/2025\/12\/Encontro-Casas-da-Mulher-Foto-Matheus-Carvalho-SEC-7-320x240.jpeg 320w, https:\/\/agenciadenoticias.ms.gov.br\/wp-content\/uploads\/2025\/12\/Encontro-Casas-da-Mulher-Foto-Matheus-Carvalho-SEC-7.jpeg 1280w\" alt=\"\" width=\"1024\" height=\"768\" \/><\/a><\/div>\n<\/figure>\n<figure class=\"gallery-item\">\n<div class=\"gallery-icon landscape\"><a href=\"https:\/\/agenciadenoticias.ms.gov.br\/wp-content\/uploads\/2025\/12\/Encontro-Casas-da-Mulher-Foto-Matheus-Carvalho-SEC-8.jpeg\"><img loading=\"lazy\" decoding=\"async\" class=\"attachment-large size-large\" src=\"https:\/\/agenciadenoticias.ms.gov.br\/wp-content\/uploads\/2025\/12\/Encontro-Casas-da-Mulher-Foto-Matheus-Carvalho-SEC-8-1024x768.jpeg\" sizes=\"auto, (max-width: 1024px) 100vw, 1024px\" srcset=\"https:\/\/agenciadenoticias.ms.gov.br\/wp-content\/uploads\/2025\/12\/Encontro-Casas-da-Mulher-Foto-Matheus-Carvalho-SEC-8-1024x768.jpeg 1024w, https:\/\/agenciadenoticias.ms.gov.br\/wp-content\/uploads\/2025\/12\/Encontro-Casas-da-Mulher-Foto-Matheus-Carvalho-SEC-8-300x225.jpeg 300w, https:\/\/agenciadenoticias.ms.gov.br\/wp-content\/uploads\/2025\/12\/Encontro-Casas-da-Mulher-Foto-Matheus-Carvalho-SEC-8-768x576.jpeg 768w, https:\/\/agenciadenoticias.ms.gov.br\/wp-content\/uploads\/2025\/12\/Encontro-Casas-da-Mulher-Foto-Matheus-Carvalho-SEC-8-320x240.jpeg 320w, https:\/\/agenciadenoticias.ms.gov.br\/wp-content\/uploads\/2025\/12\/Encontro-Casas-da-Mulher-Foto-Matheus-Carvalho-SEC-8.jpeg 1280w\" alt=\"\" width=\"1024\" height=\"768\" \/><\/a><\/div>\n<\/figure>\n<\/div>\n<p>O segundo dia de programa\u00e7\u00e3o aprofunda temas estruturantes, como o Protocolo de Atendimento a Mulheres LBTI, as diretrizes para tramita\u00e7\u00e3o de medidas protetivas de urg\u00eancia (Fonar) e a integra\u00e7\u00e3o da perspectiva racial no atendimento das Casas, por meio do Programa Casa da Igualdade Racial. Tamb\u00e9m ser\u00e3o apresentadas iniciativas para fortalecimento da autonomia econ\u00f4mica, com a participa\u00e7\u00e3o do SEBRAE, e ferramentas de an\u00e1lise e monitoramento de dados, como o DATA Mulheres.<\/p>\n<p>O encontro encerra com o Espa\u00e7o de Di\u00e1logos e Trocas, voltado \u00e0 constru\u00e7\u00e3o interfederativa da institucionalidade das CMBs, e com a apresenta\u00e7\u00e3o da proposta de forma\u00e7\u00e3o continuada da rede, definindo estrat\u00e9gias de curto e m\u00e9dio prazos.<\/p>\n<p>Para a secret\u00e1ria nacional de Enfrentamento \u00e0 Viol\u00eancia contra as Mulheres, Estela Bezerra, \u00e9 fundamental refor\u00e7ar a gravidade do cen\u00e1rio nacional e a responsabilidade compartilhada entre governo e sociedade. &#8220;A execu\u00e7\u00e3o de mulheres \u00e9 a chaga mais dura da nossa sociedade. \u00c9 imposs\u00edvel naturalizar mulheres sendo mortas porque disseram &#8216;n\u00e3o&#8217;. A brutalidade tenta nos imobilizar &#8211; mas n\u00f3s n\u00e3o desistimos&#8221;.<\/p>\n<p>Estela lembrou tamb\u00e9m que o enfrentamento ao feminic\u00eddio exige olhar para a estrutura que sustenta a desigualdade de g\u00eanero. &#8220;O feminic\u00eddio \u00e9 a ponta do iceberg. Abaixo dele est\u00e3o as ideias que limitam mulheres a pap\u00e9is subalternos. Precisamos enfrentar essa raiz&#8221;.<\/p>\n","protected":false},"excerpt":{"rendered":"<p>O Governo de Mato Grosso do Sul reafirmou seu compromisso com o enfrentamento \u00e0 viol\u00eancia&#8230;<\/p>\n","protected":false},"author":13,"featured_media":11776646,"comment_status":"closed","ping_status":"closed","sticky":false,"template":"","format":"standard","meta":{"footnotes":""},"categories":[8],"tags":[],"class_list":["post-11776645","post","type-post","status-publish","format-standard","has-post-thumbnail","hentry","category-destaque"],"_links":{"self":[{"href":"https:\/\/www.corumbaonline.com.br\/news\/wp-json\/wp\/v2\/posts\/11776645","targetHints":{"allow":["GET"]}}],"collection":[{"href":"https:\/\/www.corumbaonline.com.br\/news\/wp-json\/wp\/v2\/posts"}],"about":[{"href":"https:\/\/www.corumbaonline.com.br\/news\/wp-json\/wp\/v2\/types\/post"}],"author":[{"embeddable":true,"href":"https:\/\/www.corumbaonline.com.br\/news\/wp-json\/wp\/v2\/users\/13"}],"replies":[{"embeddable":true,"href":"https:\/\/www.corumbaonline.com.br\/news\/wp-json\/wp\/v2\/comments?post=11776645"}],"version-history":[{"count":1,"href":"https:\/\/www.corumbaonline.com.br\/news\/wp-json\/wp\/v2\/posts\/11776645\/revisions"}],"predecessor-version":[{"id":11776647,"href":"https:\/\/www.corumbaonline.com.br\/news\/wp-json\/wp\/v2\/posts\/11776645\/revisions\/11776647"}],"wp:featuredmedia":[{"embeddable":true,"href":"https:\/\/www.corumbaonline.com.br\/news\/wp-json\/wp\/v2\/media\/11776646"}],"wp:attachment":[{"href":"https:\/\/www.corumbaonline.com.br\/news\/wp-json\/wp\/v2\/media?parent=11776645"}],"wp:term":[{"taxonomy":"category","embeddable":true,"href":"https:\/\/www.corumbaonline.com.br\/news\/wp-json\/wp\/v2\/categories?post=11776645"},{"taxonomy":"post_tag","embeddable":true,"href":"https:\/\/www.corumbaonline.com.br\/news\/wp-json\/wp\/v2\/tags?post=11776645"}],"curies":[{"name":"wp","href":"https:\/\/api.w.org\/{rel}","templated":true}]}}