{"id":11776687,"date":"2025-12-07T08:19:00","date_gmt":"2025-12-07T12:19:00","guid":{"rendered":"https:\/\/www.corumbaonline.com.br\/news\/?p=11776687"},"modified":"2025-12-07T08:38:19","modified_gmt":"2025-12-07T12:38:19","slug":"governo-e-google-firmam-acordo-para-fomentar-transformacao-digital-e-otimizar-producao-em-ms","status":"publish","type":"post","link":"https:\/\/www.corumbaonline.com.br\/news\/governo-e-google-firmam-acordo-para-fomentar-transformacao-digital-e-otimizar-producao-em-ms\/","title":{"rendered":"Governo e Google firmam acordo para fomentar transforma\u00e7\u00e3o digital e otimizar produ\u00e7\u00e3o em MS"},"content":{"rendered":"<p data-start=\"0\" data-end=\"455\">O Governo de Mato Grosso do Sul formalizou acordo de coopera\u00e7\u00e3o t\u00e9cnica com o Google Brasil para ajudar a acelerar a transforma\u00e7\u00e3o digital regional e consolidar o Estado como uma refer\u00eancia em inova\u00e7\u00e3o para pol\u00edticas p\u00fablicas digitais do pa\u00eds. O Memorando de Entendimento (MoU) assinado prev\u00ea coopera\u00e7\u00e3o em tecnologia, intelig\u00eancia artificial e infraestrutura em nuvem, envolvendo \u00e1reas essenciais da administra\u00e7\u00e3o p\u00fablica.<\/p>\n<p data-start=\"457\" data-end=\"812\">A iniciativa foi anunciada durante reuni\u00e3o realizada na sede do Google, em S\u00e3o Paulo (SP), com participa\u00e7\u00e3o do governador Eduardo Riedel, secret\u00e1rios de Estado e de executivos da empresa. O objetivo \u00e9 potencializar a efici\u00eancia da gest\u00e3o estadual e ampliar a oferta de solu\u00e7\u00f5es tecnol\u00f3gicas para a efici\u00eancia operacional de setores-chave do Estado, como educa\u00e7\u00e3o, sa\u00fade e seguran\u00e7a p\u00fablica.<\/p>\n<p data-start=\"457\" data-end=\"812\">&#8220;Nossas a\u00e7\u00f5es dentro do Governo do Estado est\u00e3o muito focadas na transforma\u00e7\u00e3o digital, que na atualidade tem um papel fundamental para a efetividade da gest\u00e3o estrat\u00e9gica sair do papel e ser executada, chegando \u00e0 popula\u00e7\u00e3o. Por isso, a digitaliza\u00e7\u00e3o e moderniza\u00e7\u00e3o do Estado est\u00e3o entre os nossos pilares de Governo&#8221;, disse o governador Eduardo Riedel durante a assinatura, destacando ainda a import\u00e2ncia da IA e outras tecnologias na sociedade atual e no servi\u00e7o p\u00fablico.<\/p>\n<p data-start=\"814\" data-end=\"1181\">Al\u00e9m das \u00e1reas j\u00e1 citadas, o agroneg\u00f3cio tamb\u00e9m deve se beneficiar dessa iniciativa. Uma das principais for\u00e7as econ\u00f4micas de Mato Grosso do Sul deve experimentar, a partir do uso da intelig\u00eancia artificial, ampla otimiza\u00e7\u00e3o da cadeia produtiva, al\u00e9m do aprimoramento da previs\u00e3o clim\u00e1tica, fundamental para as planta\u00e7\u00f5es.<\/p>\n<p data-start=\"814\" data-end=\"1181\">Por ser um dos maiores polos agropecu\u00e1rios do Brasil, Mato Grosso do Sul ser\u00e1 campo de testes para modelos avan\u00e7ados que prometem elevar a produtividade e apoiar tomadas de decis\u00e3o.<\/p>\n<div id=\"gallery-1\" class=\"gallery galleryid-528327 gallery-columns-5 gallery-size-thumbnail\">\n<figure class=\"gallery-item\">\n<div class=\"gallery-icon landscape\"><a href=\"https:\/\/agenciadenoticias.ms.gov.br\/wp-content\/uploads\/2025\/12\/Assinatura-MoU-com-Google-Foto-Saul-Schramm-SecomMS-5.jpeg\"><img loading=\"lazy\" decoding=\"async\" class=\"attachment-thumbnail size-thumbnail\" src=\"https:\/\/agenciadenoticias.ms.gov.br\/wp-content\/uploads\/2025\/12\/Assinatura-MoU-com-Google-Foto-Saul-Schramm-SecomMS-5-150x150.jpeg\" alt=\"\" width=\"150\" height=\"150\" \/><\/a><\/div>\n<\/figure>\n<figure class=\"gallery-item\">\n<div class=\"gallery-icon landscape\"><a href=\"https:\/\/agenciadenoticias.ms.gov.br\/wp-content\/uploads\/2025\/12\/Assinatura-MoU-com-Google-Foto-Saul-Schramm-SecomMS-4.jpeg\"><img loading=\"lazy\" decoding=\"async\" class=\"attachment-thumbnail size-thumbnail\" src=\"https:\/\/agenciadenoticias.ms.gov.br\/wp-content\/uploads\/2025\/12\/Assinatura-MoU-com-Google-Foto-Saul-Schramm-SecomMS-4-150x150.jpeg\" alt=\"\" width=\"150\" height=\"150\" \/><\/a><\/div>\n<\/figure>\n<figure class=\"gallery-item\">\n<div class=\"gallery-icon landscape\"><a href=\"https:\/\/agenciadenoticias.ms.gov.br\/wp-content\/uploads\/2025\/12\/Assinatura-MoU-com-Google-Foto-Saul-Schramm-SecomMS-3.jpeg\"><img loading=\"lazy\" decoding=\"async\" class=\"attachment-thumbnail size-thumbnail\" src=\"https:\/\/agenciadenoticias.ms.gov.br\/wp-content\/uploads\/2025\/12\/Assinatura-MoU-com-Google-Foto-Saul-Schramm-SecomMS-3-150x150.jpeg\" alt=\"\" width=\"150\" height=\"150\" \/><\/a><\/div>\n<\/figure>\n<figure class=\"gallery-item\">\n<div class=\"gallery-icon landscape\"><a href=\"https:\/\/agenciadenoticias.ms.gov.br\/wp-content\/uploads\/2025\/12\/Assinatura-MoU-com-Google-Foto-Saul-Schramm-SecomMS-1.jpeg\"><img loading=\"lazy\" decoding=\"async\" class=\"attachment-thumbnail size-thumbnail\" src=\"https:\/\/agenciadenoticias.ms.gov.br\/wp-content\/uploads\/2025\/12\/Assinatura-MoU-com-Google-Foto-Saul-Schramm-SecomMS-1-150x150.jpeg\" alt=\"\" width=\"150\" height=\"150\" \/><\/a><\/div>\n<\/figure>\n<figure class=\"gallery-item\">\n<div class=\"gallery-icon landscape\"><a href=\"https:\/\/agenciadenoticias.ms.gov.br\/wp-content\/uploads\/2025\/12\/Assinatura-MoU-com-Google-Foto-Saul-Schramm-SecomMS-2.jpeg\"><img loading=\"lazy\" decoding=\"async\" class=\"attachment-thumbnail size-thumbnail\" src=\"https:\/\/agenciadenoticias.ms.gov.br\/wp-content\/uploads\/2025\/12\/Assinatura-MoU-com-Google-Foto-Saul-Schramm-SecomMS-2-150x150.jpeg\" alt=\"\" width=\"150\" height=\"150\" \/><\/a><\/div>\n<\/figure>\n<\/div>\n<div id=\"gallery-2\" class=\"gallery galleryid-528327 gallery-columns-1 gallery-size-large\">\n<figure class=\"gallery-item\">\n<div class=\"gallery-icon landscape\"><a href=\"https:\/\/agenciadenoticias.ms.gov.br\/wp-content\/uploads\/2025\/12\/Assinatura-MoU-com-Google-Foto-Saul-Schramm-SecomMS-8.jpeg\"><img loading=\"lazy\" decoding=\"async\" class=\"attachment-large size-large\" src=\"https:\/\/agenciadenoticias.ms.gov.br\/wp-content\/uploads\/2025\/12\/Assinatura-MoU-com-Google-Foto-Saul-Schramm-SecomMS-8-1024x667.jpeg\" sizes=\"auto, (max-width: 1024px) 100vw, 1024px\" srcset=\"https:\/\/agenciadenoticias.ms.gov.br\/wp-content\/uploads\/2025\/12\/Assinatura-MoU-com-Google-Foto-Saul-Schramm-SecomMS-8-1024x667.jpeg 1024w, https:\/\/agenciadenoticias.ms.gov.br\/wp-content\/uploads\/2025\/12\/Assinatura-MoU-com-Google-Foto-Saul-Schramm-SecomMS-8-300x195.jpeg 300w, https:\/\/agenciadenoticias.ms.gov.br\/wp-content\/uploads\/2025\/12\/Assinatura-MoU-com-Google-Foto-Saul-Schramm-SecomMS-8-768x500.jpeg 768w, https:\/\/agenciadenoticias.ms.gov.br\/wp-content\/uploads\/2025\/12\/Assinatura-MoU-com-Google-Foto-Saul-Schramm-SecomMS-8-350x228.jpeg 350w, https:\/\/agenciadenoticias.ms.gov.br\/wp-content\/uploads\/2025\/12\/Assinatura-MoU-com-Google-Foto-Saul-Schramm-SecomMS-8.jpeg 1105w\" alt=\"\" width=\"1024\" height=\"667\" \/><\/a><\/div>\n<\/figure>\n<\/div>\n<p data-start=\"814\" data-end=\"1181\">Presidente do Google Brasil, F\u00e1bio Coelho ressaltou o ressaltou o crescimento econ\u00f4mico e social de Mato Grosso do Sul. Esse panorama tende a melhor ainda mais com as a\u00e7\u00f5es de moderniza\u00e7\u00e3o e otimiza\u00e7\u00e3o de pol\u00edticas p\u00fablicas que contar\u00e3o com maior amparo tecnol\u00f3gico.<\/p>\n<p data-start=\"814\" data-end=\"1181\">&#8220;O Mato Grosso do Sul j\u00e1 \u00e9 uma pot\u00eancia no agroneg\u00f3cio e a tecnologia pode ser uma aliada para o crescimento do Estado. Queremos apoiar o Governo do Estado a levar o impacto positivo da tecnologia para a popula\u00e7\u00e3o&#8221;, afirmou o executivo.<\/p>\n<p data-start=\"1183\" data-end=\"1581\"><strong>Educa\u00e7\u00e3o e gest\u00e3o em foco<\/strong><\/p>\n<p data-start=\"1183\" data-end=\"1581\">O Governo do Estado pretende tamb\u00e9m aplicar tecnologias do Google para personalizar curr\u00edculos, melhorar o desempenho dos alunos e aumentar a efici\u00eancia administrativa das escolas.<\/p>\n<p data-start=\"1183\" data-end=\"1581\">A moderniza\u00e7\u00e3o beneficiar\u00e1 a estrutura interna do Estado, com apoio de solu\u00e7\u00f5es de nuvem (armazenamento de dos dados e sistemas online) e machine learning (aprendizado de m\u00e1quina) para a gest\u00e3o p\u00fablica avan\u00e7ar na organiza\u00e7\u00e3o de dados e no aumento da transpar\u00eancia e da economia de recursos.<\/p>\n<p data-start=\"1583\" data-end=\"1897\" data-is-last-node=\"\" data-is-only-node=\"\">A cria\u00e7\u00e3o de uma base de dados estruturada permitir\u00e1 que, futuramente, novas aplica\u00e7\u00f5es de IA sejam integradas a servi\u00e7os essenciais, como sa\u00fade, seguran\u00e7a e finan\u00e7as. Para o Governo de Mato Grosso do Sul, o acordo representa um passo decisivo rumo a uma administra\u00e7\u00e3o mais moderna, inteligente e conectada \u00e0s necessidades da popula\u00e7\u00e3o.<\/p>\n<p data-start=\"1583\" data-end=\"1897\" data-is-last-node=\"\" data-is-only-node=\"\">O governador Eduardo Riedel participou do evento em S\u00e3o Paulo (SP) acompanhado dos secret\u00e1rios Rodrigo Perez (Governo e Gest\u00e3o Estrat\u00e9gica) e Jaime Verruck (Meio Ambiente, Desenvolvimento, Ci\u00eancia, Tecnologia e Inova\u00e7\u00e3o).<\/p>\n","protected":false},"excerpt":{"rendered":"<p>O Governo de Mato Grosso do Sul formalizou acordo de coopera\u00e7\u00e3o t\u00e9cnica com o Google&#8230;<\/p>\n","protected":false},"author":13,"featured_media":11776688,"comment_status":"closed","ping_status":"closed","sticky":false,"template":"","format":"standard","meta":{"footnotes":""},"categories":[8,22],"tags":[247],"class_list":["post-11776687","post","type-post","status-publish","format-standard","has-post-thumbnail","hentry","category-destaque","category-tecnologia","tag-tecnologia"],"_links":{"self":[{"href":"https:\/\/www.corumbaonline.com.br\/news\/wp-json\/wp\/v2\/posts\/11776687","targetHints":{"allow":["GET"]}}],"collection":[{"href":"https:\/\/www.corumbaonline.com.br\/news\/wp-json\/wp\/v2\/posts"}],"about":[{"href":"https:\/\/www.corumbaonline.com.br\/news\/wp-json\/wp\/v2\/types\/post"}],"author":[{"embeddable":true,"href":"https:\/\/www.corumbaonline.com.br\/news\/wp-json\/wp\/v2\/users\/13"}],"replies":[{"embeddable":true,"href":"https:\/\/www.corumbaonline.com.br\/news\/wp-json\/wp\/v2\/comments?post=11776687"}],"version-history":[{"count":1,"href":"https:\/\/www.corumbaonline.com.br\/news\/wp-json\/wp\/v2\/posts\/11776687\/revisions"}],"predecessor-version":[{"id":11776689,"href":"https:\/\/www.corumbaonline.com.br\/news\/wp-json\/wp\/v2\/posts\/11776687\/revisions\/11776689"}],"wp:featuredmedia":[{"embeddable":true,"href":"https:\/\/www.corumbaonline.com.br\/news\/wp-json\/wp\/v2\/media\/11776688"}],"wp:attachment":[{"href":"https:\/\/www.corumbaonline.com.br\/news\/wp-json\/wp\/v2\/media?parent=11776687"}],"wp:term":[{"taxonomy":"category","embeddable":true,"href":"https:\/\/www.corumbaonline.com.br\/news\/wp-json\/wp\/v2\/categories?post=11776687"},{"taxonomy":"post_tag","embeddable":true,"href":"https:\/\/www.corumbaonline.com.br\/news\/wp-json\/wp\/v2\/tags?post=11776687"}],"curies":[{"name":"wp","href":"https:\/\/api.w.org\/{rel}","templated":true}]}}