{"id":11776698,"date":"2025-12-08T09:33:00","date_gmt":"2025-12-08T13:33:00","guid":{"rendered":"https:\/\/www.corumbaonline.com.br\/news\/?p=11776698"},"modified":"2025-12-08T12:07:13","modified_gmt":"2025-12-08T16:07:13","slug":"boom-industrial-impulsiona-capacitacao-e-coloca-mato-grosso-do-sul-entre-os-lideres-em-emprego","status":"publish","type":"post","link":"https:\/\/www.corumbaonline.com.br\/news\/boom-industrial-impulsiona-capacitacao-e-coloca-mato-grosso-do-sul-entre-os-lideres-em-emprego\/","title":{"rendered":"Boom industrial impulsiona capacita\u00e7\u00e3o e coloca Mato Grosso do Sul entre os l\u00edderes em emprego"},"content":{"rendered":"<p>Mato Grosso do Sul alcan\u00e7ou um dos melhores cen\u00e1rios de emprego do Brasil, liderando a menor taxa de desocupa\u00e7\u00e3o entre os estados e consolidando um ambiente de neg\u00f3cios cada vez mais competitivo. O resultado \u00e9 fruto da pol\u00edtica de diversifica\u00e7\u00e3o econ\u00f4mica adotada pelo Governo do Estado, que ampliou setores produtivos, atraiu ind\u00fastrias e desencadeou uma transforma\u00e7\u00e3o no mercado de trabalho sul-mato-grossense.<\/p>\n<p>O ritmo acelerado do desenvolvimento trouxe benef\u00edcios diretos \u00e0 popula\u00e7\u00e3o, mas tamb\u00e9m gerou um novo desafio: aumentar a oferta de m\u00e3o de obra qualificada para suprir as demandas de empresas que chegam ao Estado.<\/p>\n<p>Segundo o secret\u00e1rio de Estado da Casa Civil, Walter Carneiro J\u00fanior, o Governo tem atuado de forma estrat\u00e9gica para garantir que a popula\u00e7\u00e3o local ocupe as vagas criadas pelo avan\u00e7o industrial. \u201cVivemos um momento hist\u00f3rico. Mato Grosso do Sul est\u00e1 entregando pleno emprego e, ao mesmo tempo, construindo caminhos para que o trabalhador sul-mato-grossense esteja preparado para assumir posi\u00e7\u00f5es estrat\u00e9gicas nas ind\u00fastrias que est\u00e3o se instalando aqui. A qualifica\u00e7\u00e3o virou prioridade absoluta do Governo Eduardo Riedel\u201d, afirmou.<\/p>\n<div class=\"wp-block-image wp-image-7130 size-medium\">\n<figure class=\"alignleft\"><img decoding=\"async\" class=\"wp-image-7130\" src=\"https:\/\/www.casacivil.ms.gov.br\/wp-content\/uploads\/2025\/11\/1-1-277x300.png\" alt=\"\" \/><figcaption class=\"wp-element-caption\">Walter Carneiro fala dos avan\u00e7os que promovem mais emprego e renda para a popula\u00e7\u00e3o de MS<\/figcaption><\/figure>\n<\/div>\n<p>Nos \u00faltimos dois anos, mais de 450 mil trabalhadores foram capacitados por meio de a\u00e7\u00f5es pr\u00f3prias ou em parceria com Sebrae, Famasul, institui\u00e7\u00f5es de ensino e o setor produtivo. Esse esfor\u00e7o sustentou conquistas importantes: o Estado \u00e9 1\u00ba lugar em taxa de desocupa\u00e7\u00e3o e 2\u00ba no ranking de competitividade do trabalho no pa\u00eds.<\/p>\n<p>O secret\u00e1rio destaca que a expans\u00e3o industrial exige novas respostas do poder p\u00fablico. \u201cO Estado est\u00e1 crescendo r\u00e1pido, e isso traz as dores naturais do desenvolvimento. Algumas regi\u00f5es j\u00e1 enfrentam dificuldade para suprir vagas t\u00e9cnicas. Por isso, estamos ampliando cursos, fortalecendo o ensino integral e direcionando forma\u00e7\u00f5es espec\u00edficas conforme a voca\u00e7\u00e3o de cada regi\u00e3o\u201d, explicou Walter Carneiro J\u00fanior.<\/p>\n<p>Com mais de R$ 80 bilh\u00f5es em investimentos privados confirmados apenas em 2025, incluindo as duas maiores plantas industriais atualmente em implanta\u00e7\u00e3o no pa\u00eds, Mato Grosso do Sul vive um ciclo de oportunidades. A estrat\u00e9gia de agregar valor \u00e0s cadeias produtivas \u2014 especialmente prote\u00edna animal, florestas plantadas, energia limpa e processos agroindustriais \u2014 est\u00e1 elevando a remunera\u00e7\u00e3o m\u00e9dia e diversificando a economia.<\/p>\n<p>\u201cEstamos deixando de ser apenas um grande produtor para nos tornar um grande transformador. Isso melhora o sal\u00e1rio, melhora a qualidade dos empregos e melhora a vida das fam\u00edlias. Esse \u00e9 o nosso foco: desenvolvimento econ\u00f4mico com desenvolvimento humano\u201d, refor\u00e7ou o secret\u00e1rio.<\/p>\n<p>O Governo segue expandindo cursos t\u00e9cnicos, qualifica\u00e7\u00f5es r\u00e1pidas, forma\u00e7\u00f5es espec\u00edficas em tecnologia embarcada para m\u00e1quinas agr\u00edcolas, automa\u00e7\u00e3o florestal, pesquisa e plantio de precis\u00e3o \u2014 sempre alinhados \u00e0s demandas regionais do setor produtivo. O resultado \u00e9 um Estado que cresce de forma acelerada, sustent\u00e1vel e com gera\u00e7\u00e3o de oportunidades reais para sua popula\u00e7\u00e3o.<\/p>\n<p><strong>Menor taxa de desocupa\u00e7\u00e3o<\/strong><\/p>\n<p>Mato Grosso do Sul encerrou 2024 com a menor taxa de desocupa\u00e7\u00e3o dos \u00faltimos 12 anos. Segundo a S\u00edntese de Indicadores Sociais 2025, divulgada nesta quarta-feira (3) pelo IBGE, a taxa caiu de 4,7% para 3,9% entre 2023 e 2024, alcan\u00e7ando o menor n\u00edvel da s\u00e9rie hist\u00f3rica. No mesmo per\u00edodo, o n\u00famero de pessoas desocupadas passou de 70 mil para 58 mil, mesmo com uma leve redu\u00e7\u00e3o na for\u00e7a de trabalho.<\/p>\n<p><strong>Educa\u00e7\u00e3o<\/strong><\/p>\n<p>Na Educa\u00e7\u00e3o, os avan\u00e7os refor\u00e7am o impacto das pol\u00edticas p\u00fablicas. Houve crescimento nos \u00edndices de profici\u00eancia em L\u00edngua Portuguesa e Matem\u00e1tica, eleva\u00e7\u00e3o das notas no Ideb (\u00cdndice de Desenvolvimento da Educa\u00e7\u00e3o B\u00e1sica), al\u00e9m de um amplo processo de moderniza\u00e7\u00e3o da rede estadual \u2014 mais de 80% das escolas foram reformadas, e quase 70% j\u00e1 funcionam em tempo integral. Programas como MS Alfabetiza e MS Matem\u00e1tica v\u00eam refletindo diretamente no desempenho escolar e na prepara\u00e7\u00e3o da futura for\u00e7a de trabalho.<\/p>\n","protected":false},"excerpt":{"rendered":"<p>Mato Grosso do Sul alcan\u00e7ou um dos melhores cen\u00e1rios de emprego do Brasil, liderando a&#8230;<\/p>\n","protected":false},"author":13,"featured_media":11774194,"comment_status":"closed","ping_status":"closed","sticky":false,"template":"","format":"standard","meta":{"footnotes":""},"categories":[8,9],"tags":[189],"class_list":["post-11776698","post","type-post","status-publish","format-standard","has-post-thumbnail","hentry","category-destaque","category-economia","tag-economia"],"_links":{"self":[{"href":"https:\/\/www.corumbaonline.com.br\/news\/wp-json\/wp\/v2\/posts\/11776698","targetHints":{"allow":["GET"]}}],"collection":[{"href":"https:\/\/www.corumbaonline.com.br\/news\/wp-json\/wp\/v2\/posts"}],"about":[{"href":"https:\/\/www.corumbaonline.com.br\/news\/wp-json\/wp\/v2\/types\/post"}],"author":[{"embeddable":true,"href":"https:\/\/www.corumbaonline.com.br\/news\/wp-json\/wp\/v2\/users\/13"}],"replies":[{"embeddable":true,"href":"https:\/\/www.corumbaonline.com.br\/news\/wp-json\/wp\/v2\/comments?post=11776698"}],"version-history":[{"count":1,"href":"https:\/\/www.corumbaonline.com.br\/news\/wp-json\/wp\/v2\/posts\/11776698\/revisions"}],"predecessor-version":[{"id":11776738,"href":"https:\/\/www.corumbaonline.com.br\/news\/wp-json\/wp\/v2\/posts\/11776698\/revisions\/11776738"}],"wp:featuredmedia":[{"embeddable":true,"href":"https:\/\/www.corumbaonline.com.br\/news\/wp-json\/wp\/v2\/media\/11774194"}],"wp:attachment":[{"href":"https:\/\/www.corumbaonline.com.br\/news\/wp-json\/wp\/v2\/media?parent=11776698"}],"wp:term":[{"taxonomy":"category","embeddable":true,"href":"https:\/\/www.corumbaonline.com.br\/news\/wp-json\/wp\/v2\/categories?post=11776698"},{"taxonomy":"post_tag","embeddable":true,"href":"https:\/\/www.corumbaonline.com.br\/news\/wp-json\/wp\/v2\/tags?post=11776698"}],"curies":[{"name":"wp","href":"https:\/\/api.w.org\/{rel}","templated":true}]}}