{"id":11776711,"date":"2025-12-08T08:06:34","date_gmt":"2025-12-08T12:06:34","guid":{"rendered":"https:\/\/www.corumbaonline.com.br\/news\/?p=11776711"},"modified":"2025-12-08T08:06:45","modified_gmt":"2025-12-08T12:06:45","slug":"vacinacao-contra-o-virus-sincicial-respiratorio-comeca-no-dia-8-segunda-feira","status":"publish","type":"post","link":"https:\/\/www.corumbaonline.com.br\/news\/vacinacao-contra-o-virus-sincicial-respiratorio-comeca-no-dia-8-segunda-feira\/","title":{"rendered":"Vacina\u00e7\u00e3o contra o V\u00edrus Sincicial Respirat\u00f3rio come\u00e7a nesta segunda-feira"},"content":{"rendered":"<p data-start=\"173\" data-end=\"433\">A partir desta segunda-feira, 8 de dezembro, a vacina contra o V\u00edrus Sincicial Respirat\u00f3rio (VSR) \u2014 principal agente causador de bronquiolite em rec\u00e9m-nascidos, beb\u00eas e crian\u00e7as de at\u00e9 dois anos \u2014 estar\u00e1 dispon\u00edvel em todas as salas de vacina do munic\u00edpio.<\/p>\n<p data-start=\"435\" data-end=\"597\">Corumb\u00e1 recebeu, neste primeiro lote, 433 doses. Ao todo, ser\u00e3o 1.730 doses, destinadas exclusivamente a gestantes a partir da 28\u00aa semana de gravidez.<\/p>\n<p data-start=\"599\" data-end=\"935\">A imuniza\u00e7\u00e3o durante a gesta\u00e7\u00e3o \u00e9 considerada essencial, pois permite a transfer\u00eancia de anticorpos da m\u00e3e para o beb\u00ea pela placenta, garantindo prote\u00e7\u00e3o logo ap\u00f3s o nascimento \u2014 fase de maior vulnerabilidade \u00e0s infec\u00e7\u00f5es respirat\u00f3rias. O VSR, sozinho, \u00e9 respons\u00e1vel por cerca de 60% das pneumonias em crian\u00e7as menores de dois anos.<\/p>\n<p data-start=\"937\" data-end=\"1058\">Confira as salas de vacina que estar\u00e3o abertas de 8 a 12 de dezembro, das 7h30 \u00e0s 10h30 e das 13h30 \u00e0s 16h30:<\/p>\n<ul data-start=\"1060\" data-end=\"2342\">\n<li data-start=\"1060\" data-end=\"1164\">\n<p data-start=\"1062\" data-end=\"1164\"><strong data-start=\"1062\" data-end=\"1087\">ESF Breno de Medeiros<\/strong><br data-start=\"1087\" data-end=\"1090\" \/>R. Cir\u00edaco de Toledo, 2.830 \u2013 Bairro Popular Nova<br data-start=\"1141\" data-end=\"1144\" \/>(67) 9 8191-0134<\/p>\n<\/li>\n<li data-start=\"1166\" data-end=\"1256\">\n<p data-start=\"1168\" data-end=\"1256\"><strong data-start=\"1168\" data-end=\"1188\">ESF \u00canio Cunha I<\/strong><br data-start=\"1188\" data-end=\"1191\" \/>Alameda Tamengo, 170 \u2013 Bairro Cervejaria<br data-start=\"1233\" data-end=\"1236\" \/>(67) 9 8191-0162<\/p>\n<\/li>\n<li data-start=\"1258\" data-end=\"1369\">\n<p data-start=\"1260\" data-end=\"1369\"><strong data-start=\"1260\" data-end=\"1286\">ESF Gast\u00e3o de Oliveira<\/strong><br data-start=\"1286\" data-end=\"1289\" \/>R. Nossa Senhora da Concei\u00e7\u00e3o, s\/n \u2013 Bairro Maria Leite<br data-start=\"1346\" data-end=\"1349\" \/>(67) 9 8191-0103<\/p>\n<\/li>\n<li data-start=\"1371\" data-end=\"1470\">\n<p data-start=\"1373\" data-end=\"1470\"><strong data-start=\"1373\" data-end=\"1394\">ESF Lu\u00eds Fragelli<\/strong><br data-start=\"1394\" data-end=\"1397\" \/>Av. Rio Branco, 1468\u20131636 \u2013 Bairro Universit\u00e1rio<br data-start=\"1447\" data-end=\"1450\" \/>(67) 9 8191-0086<\/p>\n<\/li>\n<li data-start=\"1472\" data-end=\"1573\">\n<p data-start=\"1474\" data-end=\"1573\"><strong data-start=\"1474\" data-end=\"1503\">ESF Padre Ernesto Sassida<\/strong><br data-start=\"1503\" data-end=\"1506\" \/>R. Jos\u00e9 Fragelli, 2.544 \u2013 Bairro Dom Bosco<br data-start=\"1550\" data-end=\"1553\" \/>(67) 9 8191-0160<\/p>\n<\/li>\n<li data-start=\"1575\" data-end=\"1668\">\n<p data-start=\"1577\" data-end=\"1668\"><strong data-start=\"1577\" data-end=\"1599\">ESF Pedro Paulo II<\/strong><br data-start=\"1599\" data-end=\"1602\" \/>R. Batista das Neves, 119 \u2013 Bairro Centro<br data-start=\"1645\" data-end=\"1648\" \/>(67) 9 8191-0181<\/p>\n<\/li>\n<li data-start=\"1670\" data-end=\"1790\">\n<p data-start=\"1672\" data-end=\"1790\"><strong data-start=\"1672\" data-end=\"1716\">ESF Popular Velha \u2013 Lamartine Figueiredo<\/strong><br data-start=\"1716\" data-end=\"1719\" \/>R. Teodomiro Serra, s\/n \u2013 Bairro Popular Velha<br data-start=\"1767\" data-end=\"1770\" \/>(67) 9 8191-0048<\/p>\n<\/li>\n<li data-start=\"1792\" data-end=\"1877\">\n<p data-start=\"1794\" data-end=\"1877\"><strong data-start=\"1794\" data-end=\"1817\">ESF Rosimeire Ajala<\/strong><br data-start=\"1817\" data-end=\"1820\" \/>R. Delamare, 384 \u2013 Bairro Centro<br data-start=\"1854\" data-end=\"1857\" \/>(67) 9 8191-0143<\/p>\n<\/li>\n<li data-start=\"1879\" data-end=\"1988\">\n<p data-start=\"1881\" data-end=\"1988\"><strong data-start=\"1881\" data-end=\"1918\">ESF Nova Corumb\u00e1 \u2013 Paulo Maissato<\/strong><br data-start=\"1918\" data-end=\"1921\" \/>R. Cir\u00edaco de Toledo, s\/n \u2013 Bairro Kadw\u00e9us<br data-start=\"1965\" data-end=\"1968\" \/>(67) 9 8191-0237<\/p>\n<\/li>\n<li data-start=\"1990\" data-end=\"2091\">\n<p data-start=\"1992\" data-end=\"2091\"><strong data-start=\"1992\" data-end=\"2015\">ESF Ang\u00e9lica Anache<\/strong><br data-start=\"2015\" data-end=\"2018\" \/>Alameda Dona Ant\u00f4nia, s\/n \u2013 Bairro Vit\u00f3ria R\u00e9gia<br data-start=\"2068\" data-end=\"2071\" \/>(67) 9 8191-0094<\/p>\n<\/li>\n<li data-start=\"2093\" data-end=\"2187\">\n<p data-start=\"2095\" data-end=\"2187\"><strong data-start=\"2095\" data-end=\"2118\">ESF Walter Vict\u00f3rio<\/strong><br data-start=\"2118\" data-end=\"2121\" \/>R. Santa Catarina \u2013 Bairro Cravo Vermelho<br data-start=\"2164\" data-end=\"2167\" \/>(67) 9 8191-0175<\/p>\n<\/li>\n<li data-start=\"2189\" data-end=\"2342\">\n<p data-start=\"2191\" data-end=\"2342\"><strong data-start=\"2191\" data-end=\"2212\">ESF Simone Flores<\/strong><br data-start=\"2212\" data-end=\"2215\" \/>R. Jos\u00e9 de Barros Maciel, s\/n \u2013 Bairro Guan\u00e3<br data-start=\"2261\" data-end=\"2264\" \/>Entre as ruas Lu\u00eds Feitosa Rodrigues e 21 de Setembro<\/p>\n<\/li>\n<\/ul>\n","protected":false},"excerpt":{"rendered":"<p>A partir desta segunda-feira, 8 de dezembro, a vacina contra o V\u00edrus Sincicial Respirat\u00f3rio (VSR)&#8230;<\/p>\n","protected":false},"author":70,"featured_media":11776712,"comment_status":"closed","ping_status":"closed","sticky":false,"template":"","format":"standard","meta":{"footnotes":""},"categories":[8,21],"tags":[222],"class_list":["post-11776711","post","type-post","status-publish","format-standard","has-post-thumbnail","hentry","category-destaque","category-saude","tag-saude"],"_links":{"self":[{"href":"https:\/\/www.corumbaonline.com.br\/news\/wp-json\/wp\/v2\/posts\/11776711","targetHints":{"allow":["GET"]}}],"collection":[{"href":"https:\/\/www.corumbaonline.com.br\/news\/wp-json\/wp\/v2\/posts"}],"about":[{"href":"https:\/\/www.corumbaonline.com.br\/news\/wp-json\/wp\/v2\/types\/post"}],"author":[{"embeddable":true,"href":"https:\/\/www.corumbaonline.com.br\/news\/wp-json\/wp\/v2\/users\/70"}],"replies":[{"embeddable":true,"href":"https:\/\/www.corumbaonline.com.br\/news\/wp-json\/wp\/v2\/comments?post=11776711"}],"version-history":[{"count":2,"href":"https:\/\/www.corumbaonline.com.br\/news\/wp-json\/wp\/v2\/posts\/11776711\/revisions"}],"predecessor-version":[{"id":11776714,"href":"https:\/\/www.corumbaonline.com.br\/news\/wp-json\/wp\/v2\/posts\/11776711\/revisions\/11776714"}],"wp:featuredmedia":[{"embeddable":true,"href":"https:\/\/www.corumbaonline.com.br\/news\/wp-json\/wp\/v2\/media\/11776712"}],"wp:attachment":[{"href":"https:\/\/www.corumbaonline.com.br\/news\/wp-json\/wp\/v2\/media?parent=11776711"}],"wp:term":[{"taxonomy":"category","embeddable":true,"href":"https:\/\/www.corumbaonline.com.br\/news\/wp-json\/wp\/v2\/categories?post=11776711"},{"taxonomy":"post_tag","embeddable":true,"href":"https:\/\/www.corumbaonline.com.br\/news\/wp-json\/wp\/v2\/tags?post=11776711"}],"curies":[{"name":"wp","href":"https:\/\/api.w.org\/{rel}","templated":true}]}}