{"id":11776759,"date":"2025-12-08T15:00:00","date_gmt":"2025-12-08T19:00:00","guid":{"rendered":"https:\/\/www.corumbaonline.com.br\/news\/?p=11776759"},"modified":"2025-12-08T15:23:19","modified_gmt":"2025-12-08T19:23:19","slug":"corumba-encerra-atividades-do-proerd-com-participacao-de-250-alunos-da-rede-municipal","status":"publish","type":"post","link":"https:\/\/www.corumbaonline.com.br\/news\/corumba-encerra-atividades-do-proerd-com-participacao-de-250-alunos-da-rede-municipal\/","title":{"rendered":"Corumb\u00e1 encerra atividades do PROERD com participa\u00e7\u00e3o de 250 alunos da rede municipal"},"content":{"rendered":"<p>A Prefeitura de Corumb\u00e1, por meio da Secretaria Municipal de Educa\u00e7\u00e3o, realizou na sexta-feira, 05 de dezembro, a solenidade de encerramento do Programa Educacional de Resist\u00eancia \u00e0s Drogas e \u00e0 Viol\u00eancia (PROERD) no audit\u00f3rio da Unicesumar. A cerim\u00f4nia marcou o fim das a\u00e7\u00f5es de 2025, que promoveram preven\u00e7\u00e3o \u00e0s drogas e \u00e0 viol\u00eancia, com foco no fortalecimento de valores, na conviv\u00eancia saud\u00e1vel e em escolhas seguras entre crian\u00e7as.<\/p>\n<p>Participaram cerca de 250 estudantes do quinto ano das escolas Fernando de Barros, \u00c2ngela Maria Perez e Cyr\u00edaco F\u00e9lix de Toledo. O programa foi desenvolvido ao longo do semestre, em dez li\u00e7\u00f5es conclu\u00eddas em novembro. As aulas do segundo semestre come\u00e7aram em setembro.<\/p>\n<p>A Pol\u00edcia Militar de Mato Grosso do Sul, em parceria com a Rede Municipal de Ensino (REME), mant\u00e9m o compromisso de ampliar a\u00e7\u00f5es preventivas voltadas a crian\u00e7as e adolescentes, com foco em cidadania, respeito e decis\u00f5es respons\u00e1veis.<\/p>\n<p>O PROERD surgiu a partir do programa internacional DARE, ministrado por policiais militares. Em Mato Grosso do Sul, j\u00e1 alcan\u00e7ou aproximadamente 450 mil pessoas com iniciativas de enfrentamento \u00e0 viol\u00eancia e ao uso de subst\u00e2ncias il\u00edcitas entre o p\u00fablico infantojuvenil. Em Corumb\u00e1, a parceria com o sexto Batalh\u00e3o de Pol\u00edcia Militar tem garantido continuidade \u00e0s a\u00e7\u00f5es e impacto direto na comunidade escolar.<\/p>\n<p>Refor\u00e7ando a import\u00e2ncia da iniciativa, a secret\u00e1ria municipal de Educa\u00e7\u00e3o, Mabel Sahib, afirmou \u201cReiteramos nosso compromisso com a educa\u00e7\u00e3o de qualidade e a seguran\u00e7a dos estudantes. Agradecemos a todos os envolvidos, equipe t\u00e9cnica da Semed, diretores, coordenadores, professores, estudantes, familiares e Pol\u00edcia Militar por fazerem do PROERD um verdadeiro sucesso em Corumb\u00e1\u201d.<\/p>\n","protected":false},"excerpt":{"rendered":"<p>A Prefeitura de Corumb\u00e1, por meio da Secretaria Municipal de Educa\u00e7\u00e3o, realizou na sexta-feira, 05&#8230;<\/p>\n","protected":false},"author":70,"featured_media":11776760,"comment_status":"closed","ping_status":"closed","sticky":false,"template":"","format":"standard","meta":{"footnotes":""},"categories":[8,10],"tags":[194],"class_list":["post-11776759","post","type-post","status-publish","format-standard","has-post-thumbnail","hentry","category-destaque","category-educacao","tag-educacao"],"_links":{"self":[{"href":"https:\/\/www.corumbaonline.com.br\/news\/wp-json\/wp\/v2\/posts\/11776759","targetHints":{"allow":["GET"]}}],"collection":[{"href":"https:\/\/www.corumbaonline.com.br\/news\/wp-json\/wp\/v2\/posts"}],"about":[{"href":"https:\/\/www.corumbaonline.com.br\/news\/wp-json\/wp\/v2\/types\/post"}],"author":[{"embeddable":true,"href":"https:\/\/www.corumbaonline.com.br\/news\/wp-json\/wp\/v2\/users\/70"}],"replies":[{"embeddable":true,"href":"https:\/\/www.corumbaonline.com.br\/news\/wp-json\/wp\/v2\/comments?post=11776759"}],"version-history":[{"count":1,"href":"https:\/\/www.corumbaonline.com.br\/news\/wp-json\/wp\/v2\/posts\/11776759\/revisions"}],"predecessor-version":[{"id":11776761,"href":"https:\/\/www.corumbaonline.com.br\/news\/wp-json\/wp\/v2\/posts\/11776759\/revisions\/11776761"}],"wp:featuredmedia":[{"embeddable":true,"href":"https:\/\/www.corumbaonline.com.br\/news\/wp-json\/wp\/v2\/media\/11776760"}],"wp:attachment":[{"href":"https:\/\/www.corumbaonline.com.br\/news\/wp-json\/wp\/v2\/media?parent=11776759"}],"wp:term":[{"taxonomy":"category","embeddable":true,"href":"https:\/\/www.corumbaonline.com.br\/news\/wp-json\/wp\/v2\/categories?post=11776759"},{"taxonomy":"post_tag","embeddable":true,"href":"https:\/\/www.corumbaonline.com.br\/news\/wp-json\/wp\/v2\/tags?post=11776759"}],"curies":[{"name":"wp","href":"https:\/\/api.w.org\/{rel}","templated":true}]}}