{"id":11776776,"date":"2025-12-09T08:35:00","date_gmt":"2025-12-09T12:35:00","guid":{"rendered":"https:\/\/www.corumbaonline.com.br\/news\/?p=11776776"},"modified":"2025-12-09T08:18:21","modified_gmt":"2025-12-09T12:18:21","slug":"ifms-recebe-inscricoes-para-cursos-tecnicos-semipresenciais-ate-domingo","status":"publish","type":"post","link":"https:\/\/www.corumbaonline.com.br\/news\/ifms-recebe-inscricoes-para-cursos-tecnicos-semipresenciais-ate-domingo\/","title":{"rendered":"IFMS recebe inscri\u00e7\u00f5es para cursos t\u00e9cnicos semipresenciais at\u00e9 domingo"},"content":{"rendered":"<p>Seguem abertas at\u00e9 domingo (14) as inscri\u00e7\u00f5es na sele\u00e7\u00e3o para ingresso em cursos t\u00e9cnicos semipresenciais ofertados gratuitamente pelo Instituto Federal de Mato Grosso do Sul (IFMS). S\u00e3o 1.880 vagas distribu\u00eddas em 20 munic\u00edpios. S\u00e3o tr\u00eas op\u00e7\u00f5es de cursos t\u00e9cnicos: Administra\u00e7\u00e3o, Log\u00edstica e Manuten\u00e7\u00e3o e Suporte em Inform\u00e1tica, dependendo do munic\u00edpio.<\/p>\n<p>Os interessados em se inscrever na sele\u00e7\u00e3o devem ter conclu\u00eddo o ensino m\u00e9dio at\u00e9 a data da matr\u00edcula no curso t\u00e9cnico do IFMS, o que est\u00e1 previsto para o in\u00edcio de 2026.<\/p>\n<p>Embora sejam cursos da modalidade Educa\u00e7\u00e3o a Dist\u00e2ncia (EAD), o modelo adotado pelo IFMS \u00e9 o semipresencial. A maior parte do conte\u00fado fica disponibilizada no ambiente virtual, mas\u00a0o estudante deve participar obrigatoriamente de um encontro presencial por semana, no per\u00edodo noturno (a \u00fanica exce\u00e7\u00e3o \u00e9 uma turma de Administra\u00e7\u00e3o de Jardim, que ter\u00e1 encontros aos s\u00e1bados de manh\u00e3).\u00a0\u00a0Os cursos duram de um ano a um ano e meio.<\/p>\n<p>As demais regras do processo seletivo est\u00e3o dispon\u00edveis na\u00a0<a title=\"Central de Sele\u00e7\u00e3o do IFMS\" href=\"https:\/\/email.ifms.edu.br\/lists\/lt.php?tid=KxkMAAQKBQZWVUtUBVMDTlADVlZOAAoADxsLUAAEUwcBUlQBAAAfVlZWAlAAVFdOVlcFW04NDF0EGwFQAAdPBgZTBQIGW1sEVgcFH1ICAwYCUlcDTghaXAYbDFZQBk8JVlZUH1AKVgBWAgNWVAIABw\" target=\"_blank\" rel=\"noopener noreferrer\">Central de Sele\u00e7\u00e3o do IFMS<\/a>.<\/p>\n<p dir=\"ltr\">Inscri\u00e7\u00f5es\u00a0&#8211; S\u00e3o gratuitas e devem na\u00a0<a title=\"P\u00e1gina do Candidato\" href=\"https:\/\/email.ifms.edu.br\/lists\/lt.php?tid=KxkNBFQNVVQAAksAA1NcTlBcUQFOAA8OBBsMUlMDUFAAXAcEVg4fVlZWAlAAVFdOVlcFW04NDF0EGwFQAAdPBgZTBQIGW1sEVgcFH1ICAwYCUlcDTghaXAYbDFZQBk8JVlZUH1AKVgBWAgNWVAIABw\" target=\"_blank\" rel=\"noopener noreferrer\">P\u00e1gina do Candidato<\/a>\u00a0da Central de Sele\u00e7\u00e3o.<\/p>\n<p dir=\"ltr\">Metade das vagas \u00e9 reservada a estudantes que cursaram todo o ensino m\u00e9dio em escola p\u00fablica, com cotas para candidatos com\u00a0renda familiar bruta\u00a0per capita\u00a0igual ou inferior a um sal\u00e1rio m\u00ednimo, autodeclarados pretos, pardos, ind\u00edgenas e quilombolas, al\u00e9m de pessoas com defici\u00eancia.<\/p>\n<p dir=\"ltr\">A sele\u00e7\u00e3o ser\u00e1 feita por sorteio eletr\u00f4nico no dia 8 de janeiro. Os resultados preliminar e final est\u00e3o previstos para 13 e 19 de janeiro, respectivamente.\u00a0A matr\u00edcula da primeira chamada dever\u00e1 ser feita de 20 de janeiro a 2 de fevereiro, de forma on-line. As aulas ir\u00e3o come\u00e7ar entre os dias 16 e 21 de mar\u00e7o de 2026, dependendo do munic\u00edpio.<\/p>\n<p dir=\"ltr\">Para tirar d\u00favidas, envie e-mail para\u00a0<a title=\"cursos.ead@ifms.edu.br\" href=\"mailto:cursos.ead@ifms.edu.br\" rel=\"noreferrer\">cursos.ead@ifms.edu.br<\/a>\u00a0ou acesse o menu Perguntas Frequentes na\u00a0<a title=\"p\u00e1gina do edital\" href=\"https:\/\/email.ifms.edu.br\/lists\/lt.php?tid=KxkMAAQKBQZWVUtUBVMDTlADVlZOAAoADxsLUAAEUwcBUlQBAAAfVlZWAlAAVFdOVlcFW04NDF0EGwFQAAdPBgZTBQIGW1sEVgcFH1ICAwYCUlcDTghaXAYbDFZQBk8JVlZUH1AKVgBWAgNWVAIABw\" target=\"_blank\" rel=\"noopener noreferrer\">p\u00e1gina do edital<\/a>.<\/p>\n","protected":false},"excerpt":{"rendered":"<p>Seguem abertas at\u00e9 domingo (14) as inscri\u00e7\u00f5es na sele\u00e7\u00e3o para ingresso em cursos t\u00e9cnicos semipresenciais&#8230;<\/p>\n","protected":false},"author":9,"featured_media":11771693,"comment_status":"closed","ping_status":"closed","sticky":false,"template":"","format":"standard","meta":{"footnotes":""},"categories":[10],"tags":[194],"class_list":["post-11776776","post","type-post","status-publish","format-standard","has-post-thumbnail","hentry","category-educacao","tag-educacao"],"_links":{"self":[{"href":"https:\/\/www.corumbaonline.com.br\/news\/wp-json\/wp\/v2\/posts\/11776776","targetHints":{"allow":["GET"]}}],"collection":[{"href":"https:\/\/www.corumbaonline.com.br\/news\/wp-json\/wp\/v2\/posts"}],"about":[{"href":"https:\/\/www.corumbaonline.com.br\/news\/wp-json\/wp\/v2\/types\/post"}],"author":[{"embeddable":true,"href":"https:\/\/www.corumbaonline.com.br\/news\/wp-json\/wp\/v2\/users\/9"}],"replies":[{"embeddable":true,"href":"https:\/\/www.corumbaonline.com.br\/news\/wp-json\/wp\/v2\/comments?post=11776776"}],"version-history":[{"count":2,"href":"https:\/\/www.corumbaonline.com.br\/news\/wp-json\/wp\/v2\/posts\/11776776\/revisions"}],"predecessor-version":[{"id":11776778,"href":"https:\/\/www.corumbaonline.com.br\/news\/wp-json\/wp\/v2\/posts\/11776776\/revisions\/11776778"}],"wp:featuredmedia":[{"embeddable":true,"href":"https:\/\/www.corumbaonline.com.br\/news\/wp-json\/wp\/v2\/media\/11771693"}],"wp:attachment":[{"href":"https:\/\/www.corumbaonline.com.br\/news\/wp-json\/wp\/v2\/media?parent=11776776"}],"wp:term":[{"taxonomy":"category","embeddable":true,"href":"https:\/\/www.corumbaonline.com.br\/news\/wp-json\/wp\/v2\/categories?post=11776776"},{"taxonomy":"post_tag","embeddable":true,"href":"https:\/\/www.corumbaonline.com.br\/news\/wp-json\/wp\/v2\/tags?post=11776776"}],"curies":[{"name":"wp","href":"https:\/\/api.w.org\/{rel}","templated":true}]}}