{"id":11776797,"date":"2025-12-09T10:24:17","date_gmt":"2025-12-09T14:24:17","guid":{"rendered":"https:\/\/www.corumbaonline.com.br\/news\/?p=11776797"},"modified":"2025-12-09T10:25:00","modified_gmt":"2025-12-09T14:25:00","slug":"calendario-das-escolas-estaduais-preve-inicio-das-aulas-em-9-de-fevereiro","status":"publish","type":"post","link":"https:\/\/www.corumbaonline.com.br\/news\/calendario-das-escolas-estaduais-preve-inicio-das-aulas-em-9-de-fevereiro\/","title":{"rendered":"Calend\u00e1rio das escolas estaduais prev\u00ea in\u00edcio das aulas em 9 de fevereiro"},"content":{"rendered":"\n<p>A SED (Secretaria de Estado de Educa\u00e7\u00e3o) publicou a resolu\u00e7\u00e3o que define a organiza\u00e7\u00e3o do ano escolar, do ano letivo e o Calend\u00e1rio Escolar das unidades da REE\/MS (Rede Estadual de Ensino de Mato Grosso do Sul) para o exerc\u00edcio de 2026. O documento estabelece as datas, diretrizes e procedimentos que devem ser seguidos por todas as escolas, garantindo o cumprimento da legisla\u00e7\u00e3o e a continuidade pedag\u00f3gica ao longo do ano.<\/p>\n\n\n\n<p>Ao todo, o ano escolar de 2026 ter\u00e1 223 dias, com in\u00edcio em 2 de fevereiro, data destinada \u00e0 confirma\u00e7\u00e3o de lota\u00e7\u00e3o e apresenta\u00e7\u00e3o dos professores. O ano letivo, composto por 200 dias de efetivo trabalho escolar, come\u00e7a oficialmente em 3 de fevereiro, enquanto as aulas ser\u00e3o retomadas em 9 de fevereiro.<\/p>\n\n\n\n<p>O recesso escolar est\u00e1 previsto para o per\u00edodo de 17 a 31 de julho, e o ano escolar ser\u00e1 encerrado em 18 de dezembro, ap\u00f3s a realiza\u00e7\u00e3o dos exames finais (10, 11 e de 14 a 16 de dezembro) e do Conselho de Classe Final, programado para o dia 17.<\/p>\n\n\n\n<p>A Resolu\u00e7\u00e3o tamb\u00e9m detalha a estrutura das APC (Atividades Pedag\u00f3gicas Complementares), que poder\u00e3o compor at\u00e9 10% dos dias letivos, e da Jornada Formativa (JF), distribu\u00edda ao longo dos quatro bimestres como a\u00e7\u00e3o de forma\u00e7\u00e3o continuada para os profissionais da educa\u00e7\u00e3o. Essas atividades integram o planejamento pedag\u00f3gico e s\u00e3o parte fundamental da organiza\u00e7\u00e3o curricular.<\/p>\n\n\n\n<p>O Calend\u00e1rio prev\u00ea ainda datas espec\u00edficas para avalia\u00e7\u00f5es bimestrais, funcionamento do programa RAV (Recuperar para Avan\u00e7ar), realiza\u00e7\u00e3o do Pr\u00e9-Conselho, encontros da Fam\u00edlia &amp; Escola \u2014 obrigatoriamente aos s\u00e1bados \u2014, al\u00e9m das orienta\u00e7\u00f5es para reposi\u00e7\u00f5es em caso de interrup\u00e7\u00f5es das aulas.<\/p>\n\n\n\n<p>Cada unidade escolar dever\u00e1 adequar o Calend\u00e1rio Escolar \u00e0s suas especificidades, respeitando integralmente as normas da Resolu\u00e7\u00e3o. O documento tamb\u00e9m refor\u00e7a procedimentos para valida\u00e7\u00e3o, registro e acompanhamento do calend\u00e1rio por meio do Sistema Papel Zero e do SGDE (Sistema de Gest\u00e3o de Dados Escolares).<\/p>\n","protected":false},"excerpt":{"rendered":"<p>A SED (Secretaria de Estado de Educa\u00e7\u00e3o) publicou a resolu\u00e7\u00e3o que define a organiza\u00e7\u00e3o do&#8230;<\/p>\n","protected":false},"author":13,"featured_media":11776799,"comment_status":"closed","ping_status":"closed","sticky":false,"template":"","format":"standard","meta":{"footnotes":""},"categories":[10],"tags":[],"class_list":["post-11776797","post","type-post","status-publish","format-standard","has-post-thumbnail","hentry","category-educacao"],"_links":{"self":[{"href":"https:\/\/www.corumbaonline.com.br\/news\/wp-json\/wp\/v2\/posts\/11776797","targetHints":{"allow":["GET"]}}],"collection":[{"href":"https:\/\/www.corumbaonline.com.br\/news\/wp-json\/wp\/v2\/posts"}],"about":[{"href":"https:\/\/www.corumbaonline.com.br\/news\/wp-json\/wp\/v2\/types\/post"}],"author":[{"embeddable":true,"href":"https:\/\/www.corumbaonline.com.br\/news\/wp-json\/wp\/v2\/users\/13"}],"replies":[{"embeddable":true,"href":"https:\/\/www.corumbaonline.com.br\/news\/wp-json\/wp\/v2\/comments?post=11776797"}],"version-history":[{"count":1,"href":"https:\/\/www.corumbaonline.com.br\/news\/wp-json\/wp\/v2\/posts\/11776797\/revisions"}],"predecessor-version":[{"id":11776798,"href":"https:\/\/www.corumbaonline.com.br\/news\/wp-json\/wp\/v2\/posts\/11776797\/revisions\/11776798"}],"wp:featuredmedia":[{"embeddable":true,"href":"https:\/\/www.corumbaonline.com.br\/news\/wp-json\/wp\/v2\/media\/11776799"}],"wp:attachment":[{"href":"https:\/\/www.corumbaonline.com.br\/news\/wp-json\/wp\/v2\/media?parent=11776797"}],"wp:term":[{"taxonomy":"category","embeddable":true,"href":"https:\/\/www.corumbaonline.com.br\/news\/wp-json\/wp\/v2\/categories?post=11776797"},{"taxonomy":"post_tag","embeddable":true,"href":"https:\/\/www.corumbaonline.com.br\/news\/wp-json\/wp\/v2\/tags?post=11776797"}],"curies":[{"name":"wp","href":"https:\/\/api.w.org\/{rel}","templated":true}]}}